{"id":22082,"date":"2016-10-18T07:55:08","date_gmt":"2016-10-18T05:55:08","guid":{"rendered":"https:\/\/www.ibizacancer.com\/can-berri-vell-se-suma-a-la-lucha-contra-el-cancer-en-las-pitiusas-2\/"},"modified":"2024-06-14T11:57:07","modified_gmt":"2024-06-14T09:57:07","slug":"can-berri-vell-se-suma-a-la-lucha-contra-el-cancer-en-las-pitiusas-2","status":"publish","type":"post","link":"https:\/\/www.ibizacancer.com\/en\/2016\/10\/can-berri-vell-se-suma-a-la-lucha-contra-el-cancer-en-las-pitiusas-2\/","title":{"rendered":"Can Berri Vell se suma a la lucha contra el c\u00e1ncer en las Pitiusas"},"content":{"rendered":"<div class=\"carrusel-interior\">\n<div id=\"imgCarruserlInt1\" class=\"img-carrusel-interior\">\n<div class=\"pie-foto-detalle\">El restaurante\u00a0<strong>Can Berri Vell<\/strong>, situado en San Agust\u00edn, cerrar\u00e1 su temporada de la forma m\u00e1s solidaria,\u00a0<strong>donando un 50% de la recaudaci\u00f3n<\/strong>\u00a0de su caja de la noche a Ibiza y Formentera contra el C\u00e1ncer. De este modo, el pr\u00f3ximo 29 de octubre los comensales que vayan a degustar de su maravillosa carta tambi\u00e9n estar\u00e1n colaborando con los proyectos de la Asociaci\u00f3n.<\/div>\n<\/div>\n<\/div>\n<div class=\"intro-noticia-detalle\">\n<p>Aquellos que est\u00e9n interesados en disfrutar de una sabrosa y solidaria noche pueden reservar su mesa ya llamando al\u00a0<strong>971344321<\/strong>\u00a0ya que las plazas son limitadas. La presidenta de IFCC ha querido agradecer esta colaboraci\u00f3n a la propiedad del establecimiento puesto que \u201csin la generosidad de los ibicencos ninguno de nuestros proyectos ser\u00eda posible y todos los empujones significan mucho para los enfermos a los que estamos ayudando\u201d.<\/p>\n<p>El restaurante Can Berri Vell se ha encumbrado en los \u00faltimos a\u00f1os como uno de los m\u00e1s destacados de la isla tanto por sus creaciones culinarias como por el entorno donde se ubica. El pueblo de San Agust\u00edn todav\u00eda conserva parte del encanto tradicional ibicenco y el establecimiento est\u00e1 en una casa payesa que data del siglo XVIII. Adem\u00e1s de su exquisita carta, con propuestas ibicencas con toques innovadores, los comensales pueden conocer de primera mano todo tipo de objetos cotidianos que se utilizaban en la Ibiza m\u00e1s tradicional.<\/p>\n<\/div>\n","protected":false},"excerpt":{"rendered":"<p>El restaurante\u00a0Can Berri Vell, situado en San Agust\u00edn, cerrar\u00e1 su temporada de la forma m\u00e1s solidaria,\u00a0donando un 50% de la recaudaci\u00f3n\u00a0de su caja de la noche a Ibiza y Formentera [&hellip;]<\/p>\n","protected":false},"author":1,"featured_media":22046,"comment_status":"open","ping_status":"closed","sticky":false,"template":"","format":"standard","meta":{"_acf_changed":false,"give_campaign_id":0,"footnotes":""},"categories":[1],"tags":[],"class_list":["post-22082","post","type-post","status-publish","format-standard","has-post-thumbnail","hentry","category-sin-categorizar","entry"],"acf":[],"yoast_head":"<!-- This site is optimized with the Yoast SEO plugin v27.1.1 - https:\/\/yoast.com\/product\/yoast-seo-wordpress\/ -->\n<title>Can Berri Vell se suma a la lucha contra el c\u00e1ncer en las Pitiusas - Ibiza y Formentera Contra el C\u00e1ncer<\/title>\n<meta name=\"robots\" content=\"index, follow, max-snippet:-1, max-image-preview:large, max-video-preview:-1\" \/>\n<link rel=\"canonical\" href=\"https:\/\/www.ibizacancer.com\/en\/2016\/10\/can-berri-vell-se-suma-a-la-lucha-contra-el-cancer-en-las-pitiusas-2\/\" \/>\n<meta property=\"og:locale\" content=\"en_US\" \/>\n<meta property=\"og:type\" content=\"article\" \/>\n<meta property=\"og:title\" content=\"Can Berri Vell se suma a la lucha contra el c\u00e1ncer en las Pitiusas - Ibiza y Formentera Contra el C\u00e1ncer\" \/>\n<meta property=\"og:description\" content=\"El restaurante\u00a0Can Berri Vell, situado en San Agust\u00edn, cerrar\u00e1 su temporada de la forma m\u00e1s solidaria,\u00a0donando un 50% de la recaudaci\u00f3n\u00a0de su caja de la noche a Ibiza y Formentera [&hellip;]\" \/>\n<meta property=\"og:url\" content=\"https:\/\/www.ibizacancer.com\/en\/2016\/10\/can-berri-vell-se-suma-a-la-lucha-contra-el-cancer-en-las-pitiusas-2\/\" \/>\n<meta property=\"og:site_name\" content=\"Ibiza y Formentera Contra el C\u00e1ncer\" \/>\n<meta property=\"article:publisher\" content=\"https:\/\/www.facebook.com\/IFCCancer\" \/>\n<meta property=\"article:published_time\" content=\"2016-10-18T05:55:08+00:00\" \/>\n<meta property=\"article:modified_time\" content=\"2024-06-14T09:57:07+00:00\" \/>\n<meta property=\"og:image\" content=\"https:\/\/www.ibizacancer.com\/wp-content\/uploads\/2024\/06\/02-detalle-ifcc-jpg.jpg\" \/>\n\t<meta property=\"og:image:width\" content=\"700\" \/>\n\t<meta property=\"og:image:height\" content=\"305\" \/>\n\t<meta property=\"og:image:type\" content=\"image\/jpeg\" \/>\n<meta name=\"author\" content=\"IFCC\" \/>\n<meta name=\"twitter:card\" content=\"summary_large_image\" \/>\n<meta name=\"twitter:label1\" content=\"Written by\" \/>\n\t<meta name=\"twitter:data1\" content=\"IFCC\" \/>\n\t<meta name=\"twitter:label2\" content=\"Est. reading time\" \/>\n\t<meta name=\"twitter:data2\" content=\"1 minute\" \/>\n<script type=\"application\/ld+json\" class=\"yoast-schema-graph\">{\"@context\":\"https:\/\/schema.org\",\"@graph\":[{\"@type\":\"Article\",\"@id\":\"https:\/\/www.ibizacancer.com\/en\/2016\/10\/can-berri-vell-se-suma-a-la-lucha-contra-el-cancer-en-las-pitiusas-2\/#article\",\"isPartOf\":{\"@id\":\"https:\/\/www.ibizacancer.com\/en\/2016\/10\/can-berri-vell-se-suma-a-la-lucha-contra-el-cancer-en-las-pitiusas-2\/\"},\"author\":{\"name\":\"IFCC\",\"@id\":\"https:\/\/www.ibizacancer.com\/en\/#\/schema\/person\/4a32eda3ec27872ff1d22fb74503b4f2\"},\"headline\":\"Can Berri Vell se suma a la lucha contra el c\u00e1ncer en las Pitiusas\",\"datePublished\":\"2016-10-18T05:55:08+00:00\",\"dateModified\":\"2024-06-14T09:57:07+00:00\",\"mainEntityOfPage\":{\"@id\":\"https:\/\/www.ibizacancer.com\/en\/2016\/10\/can-berri-vell-se-suma-a-la-lucha-contra-el-cancer-en-las-pitiusas-2\/\"},\"wordCount\":249,\"commentCount\":0,\"publisher\":{\"@id\":\"https:\/\/www.ibizacancer.com\/en\/#organization\"},\"image\":{\"@id\":\"https:\/\/www.ibizacancer.com\/en\/2016\/10\/can-berri-vell-se-suma-a-la-lucha-contra-el-cancer-en-las-pitiusas-2\/#primaryimage\"},\"thumbnailUrl\":\"https:\/\/www.ibizacancer.com\/wp-content\/uploads\/2024\/06\/02-detalle-ifcc-jpg.jpg\",\"articleSection\":[\"Sin categorizar\"],\"inLanguage\":\"en-US\",\"potentialAction\":[{\"@type\":\"CommentAction\",\"name\":\"Comment\",\"target\":[\"https:\/\/www.ibizacancer.com\/en\/2016\/10\/can-berri-vell-se-suma-a-la-lucha-contra-el-cancer-en-las-pitiusas-2\/#respond\"]}]},{\"@type\":\"WebPage\",\"@id\":\"https:\/\/www.ibizacancer.com\/en\/2016\/10\/can-berri-vell-se-suma-a-la-lucha-contra-el-cancer-en-las-pitiusas-2\/\",\"url\":\"https:\/\/www.ibizacancer.com\/en\/2016\/10\/can-berri-vell-se-suma-a-la-lucha-contra-el-cancer-en-las-pitiusas-2\/\",\"name\":\"Can Berri Vell se suma a la lucha contra el c\u00e1ncer en las Pitiusas - Ibiza y Formentera Contra el C\u00e1ncer\",\"isPartOf\":{\"@id\":\"https:\/\/www.ibizacancer.com\/en\/#website\"},\"primaryImageOfPage\":{\"@id\":\"https:\/\/www.ibizacancer.com\/en\/2016\/10\/can-berri-vell-se-suma-a-la-lucha-contra-el-cancer-en-las-pitiusas-2\/#primaryimage\"},\"image\":{\"@id\":\"https:\/\/www.ibizacancer.com\/en\/2016\/10\/can-berri-vell-se-suma-a-la-lucha-contra-el-cancer-en-las-pitiusas-2\/#primaryimage\"},\"thumbnailUrl\":\"https:\/\/www.ibizacancer.com\/wp-content\/uploads\/2024\/06\/02-detalle-ifcc-jpg.jpg\",\"datePublished\":\"2016-10-18T05:55:08+00:00\",\"dateModified\":\"2024-06-14T09:57:07+00:00\",\"inLanguage\":\"en-US\",\"potentialAction\":[{\"@type\":\"ReadAction\",\"target\":[\"https:\/\/www.ibizacancer.com\/en\/2016\/10\/can-berri-vell-se-suma-a-la-lucha-contra-el-cancer-en-las-pitiusas-2\/\"]}]},{\"@type\":\"ImageObject\",\"inLanguage\":\"en-US\",\"@id\":\"https:\/\/www.ibizacancer.com\/en\/2016\/10\/can-berri-vell-se-suma-a-la-lucha-contra-el-cancer-en-las-pitiusas-2\/#primaryimage\",\"url\":\"https:\/\/www.ibizacancer.com\/wp-content\/uploads\/2024\/06\/02-detalle-ifcc-jpg.jpg\",\"contentUrl\":\"https:\/\/www.ibizacancer.com\/wp-content\/uploads\/2024\/06\/02-detalle-ifcc-jpg.jpg\",\"width\":700,\"height\":305},{\"@type\":\"WebSite\",\"@id\":\"https:\/\/www.ibizacancer.com\/en\/#website\",\"url\":\"https:\/\/www.ibizacancer.com\/en\/\",\"name\":\"Ibiza y Formentera Contra el C\u00e1ncer\",\"description\":\"Ibiza y Formentera contra el C\u00e1ncer es una organizaci\u00f3n no gubernamental y sin \u00e1nimo de lucro dirigida a la lucha contra esta enfermedad en las Pitiusas.\",\"publisher\":{\"@id\":\"https:\/\/www.ibizacancer.com\/en\/#organization\"},\"potentialAction\":[{\"@type\":\"SearchAction\",\"target\":{\"@type\":\"EntryPoint\",\"urlTemplate\":\"https:\/\/www.ibizacancer.com\/en\/?s={search_term_string}\"},\"query-input\":{\"@type\":\"PropertyValueSpecification\",\"valueRequired\":true,\"valueName\":\"search_term_string\"}}],\"inLanguage\":\"en-US\"},{\"@type\":\"Organization\",\"@id\":\"https:\/\/www.ibizacancer.com\/en\/#organization\",\"name\":\"Ibiza y Formentera Contra el C\u00e1ncer\",\"url\":\"https:\/\/www.ibizacancer.com\/en\/\",\"logo\":{\"@type\":\"ImageObject\",\"inLanguage\":\"en-US\",\"@id\":\"https:\/\/www.ibizacancer.com\/en\/#\/schema\/logo\/image\/\",\"url\":\"https:\/\/www.ibizacancer.com\/wp-content\/uploads\/2020\/08\/ifcc-logo-web.png\",\"contentUrl\":\"https:\/\/www.ibizacancer.com\/wp-content\/uploads\/2020\/08\/ifcc-logo-web.png\",\"width\":200,\"height\":73,\"caption\":\"Ibiza y Formentera Contra el C\u00e1ncer\"},\"image\":{\"@id\":\"https:\/\/www.ibizacancer.com\/en\/#\/schema\/logo\/image\/\"},\"sameAs\":[\"https:\/\/www.facebook.com\/IFCCancer\"]},{\"@type\":\"Person\",\"@id\":\"https:\/\/www.ibizacancer.com\/en\/#\/schema\/person\/4a32eda3ec27872ff1d22fb74503b4f2\",\"name\":\"IFCC\",\"image\":{\"@type\":\"ImageObject\",\"inLanguage\":\"en-US\",\"@id\":\"https:\/\/www.ibizacancer.com\/en\/#\/schema\/person\/image\/\",\"url\":\"https:\/\/secure.gravatar.com\/avatar\/33cf8cba6efee2cb7a070c8cef186bfe8924ee65c94c506f4742e6653ba357e6?s=96&d=mm&r=g\",\"contentUrl\":\"https:\/\/secure.gravatar.com\/avatar\/33cf8cba6efee2cb7a070c8cef186bfe8924ee65c94c506f4742e6653ba357e6?s=96&d=mm&r=g\",\"caption\":\"IFCC\"},\"sameAs\":[\"https:\/\/www.ibizacancer.com\"]}]}<\/script>\n<!-- \/ Yoast SEO plugin. -->","yoast_head_json":{"title":"Can Berri Vell se suma a la lucha contra el c\u00e1ncer en las Pitiusas - Ibiza y Formentera Contra el C\u00e1ncer","robots":{"index":"index","follow":"follow","max-snippet":"max-snippet:-1","max-image-preview":"max-image-preview:large","max-video-preview":"max-video-preview:-1"},"canonical":"https:\/\/www.ibizacancer.com\/en\/2016\/10\/can-berri-vell-se-suma-a-la-lucha-contra-el-cancer-en-las-pitiusas-2\/","og_locale":"en_US","og_type":"article","og_title":"Can Berri Vell se suma a la lucha contra el c\u00e1ncer en las Pitiusas - Ibiza y Formentera Contra el C\u00e1ncer","og_description":"El restaurante\u00a0Can Berri Vell, situado en San Agust\u00edn, cerrar\u00e1 su temporada de la forma m\u00e1s solidaria,\u00a0donando un 50% de la recaudaci\u00f3n\u00a0de su caja de la noche a Ibiza y Formentera [&hellip;]","og_url":"https:\/\/www.ibizacancer.com\/en\/2016\/10\/can-berri-vell-se-suma-a-la-lucha-contra-el-cancer-en-las-pitiusas-2\/","og_site_name":"Ibiza y Formentera Contra el C\u00e1ncer","article_publisher":"https:\/\/www.facebook.com\/IFCCancer","article_published_time":"2016-10-18T05:55:08+00:00","article_modified_time":"2024-06-14T09:57:07+00:00","og_image":[{"width":700,"height":305,"url":"https:\/\/www.ibizacancer.com\/wp-content\/uploads\/2024\/06\/02-detalle-ifcc-jpg.jpg","type":"image\/jpeg"}],"author":"IFCC","twitter_card":"summary_large_image","twitter_misc":{"Written by":"IFCC","Est. reading time":"1 minute"},"schema":{"@context":"https:\/\/schema.org","@graph":[{"@type":"Article","@id":"https:\/\/www.ibizacancer.com\/en\/2016\/10\/can-berri-vell-se-suma-a-la-lucha-contra-el-cancer-en-las-pitiusas-2\/#article","isPartOf":{"@id":"https:\/\/www.ibizacancer.com\/en\/2016\/10\/can-berri-vell-se-suma-a-la-lucha-contra-el-cancer-en-las-pitiusas-2\/"},"author":{"name":"IFCC","@id":"https:\/\/www.ibizacancer.com\/en\/#\/schema\/person\/4a32eda3ec27872ff1d22fb74503b4f2"},"headline":"Can Berri Vell se suma a la lucha contra el c\u00e1ncer en las Pitiusas","datePublished":"2016-10-18T05:55:08+00:00","dateModified":"2024-06-14T09:57:07+00:00","mainEntityOfPage":{"@id":"https:\/\/www.ibizacancer.com\/en\/2016\/10\/can-berri-vell-se-suma-a-la-lucha-contra-el-cancer-en-las-pitiusas-2\/"},"wordCount":249,"commentCount":0,"publisher":{"@id":"https:\/\/www.ibizacancer.com\/en\/#organization"},"image":{"@id":"https:\/\/www.ibizacancer.com\/en\/2016\/10\/can-berri-vell-se-suma-a-la-lucha-contra-el-cancer-en-las-pitiusas-2\/#primaryimage"},"thumbnailUrl":"https:\/\/www.ibizacancer.com\/wp-content\/uploads\/2024\/06\/02-detalle-ifcc-jpg.jpg","articleSection":["Sin categorizar"],"inLanguage":"en-US","potentialAction":[{"@type":"CommentAction","name":"Comment","target":["https:\/\/www.ibizacancer.com\/en\/2016\/10\/can-berri-vell-se-suma-a-la-lucha-contra-el-cancer-en-las-pitiusas-2\/#respond"]}]},{"@type":"WebPage","@id":"https:\/\/www.ibizacancer.com\/en\/2016\/10\/can-berri-vell-se-suma-a-la-lucha-contra-el-cancer-en-las-pitiusas-2\/","url":"https:\/\/www.ibizacancer.com\/en\/2016\/10\/can-berri-vell-se-suma-a-la-lucha-contra-el-cancer-en-las-pitiusas-2\/","name":"Can Berri Vell se suma a la lucha contra el c\u00e1ncer en las Pitiusas - Ibiza y Formentera Contra el C\u00e1ncer","isPartOf":{"@id":"https:\/\/www.ibizacancer.com\/en\/#website"},"primaryImageOfPage":{"@id":"https:\/\/www.ibizacancer.com\/en\/2016\/10\/can-berri-vell-se-suma-a-la-lucha-contra-el-cancer-en-las-pitiusas-2\/#primaryimage"},"image":{"@id":"https:\/\/www.ibizacancer.com\/en\/2016\/10\/can-berri-vell-se-suma-a-la-lucha-contra-el-cancer-en-las-pitiusas-2\/#primaryimage"},"thumbnailUrl":"https:\/\/www.ibizacancer.com\/wp-content\/uploads\/2024\/06\/02-detalle-ifcc-jpg.jpg","datePublished":"2016-10-18T05:55:08+00:00","dateModified":"2024-06-14T09:57:07+00:00","inLanguage":"en-US","potentialAction":[{"@type":"ReadAction","target":["https:\/\/www.ibizacancer.com\/en\/2016\/10\/can-berri-vell-se-suma-a-la-lucha-contra-el-cancer-en-las-pitiusas-2\/"]}]},{"@type":"ImageObject","inLanguage":"en-US","@id":"https:\/\/www.ibizacancer.com\/en\/2016\/10\/can-berri-vell-se-suma-a-la-lucha-contra-el-cancer-en-las-pitiusas-2\/#primaryimage","url":"https:\/\/www.ibizacancer.com\/wp-content\/uploads\/2024\/06\/02-detalle-ifcc-jpg.jpg","contentUrl":"https:\/\/www.ibizacancer.com\/wp-content\/uploads\/2024\/06\/02-detalle-ifcc-jpg.jpg","width":700,"height":305},{"@type":"WebSite","@id":"https:\/\/www.ibizacancer.com\/en\/#website","url":"https:\/\/www.ibizacancer.com\/en\/","name":"Ibiza y Formentera Contra el C\u00e1ncer","description":"Ibiza y Formentera contra el C\u00e1ncer es una organizaci\u00f3n no gubernamental y sin \u00e1nimo de lucro dirigida a la lucha contra esta enfermedad en las Pitiusas.","publisher":{"@id":"https:\/\/www.ibizacancer.com\/en\/#organization"},"potentialAction":[{"@type":"SearchAction","target":{"@type":"EntryPoint","urlTemplate":"https:\/\/www.ibizacancer.com\/en\/?s={search_term_string}"},"query-input":{"@type":"PropertyValueSpecification","valueRequired":true,"valueName":"search_term_string"}}],"inLanguage":"en-US"},{"@type":"Organization","@id":"https:\/\/www.ibizacancer.com\/en\/#organization","name":"Ibiza y Formentera Contra el C\u00e1ncer","url":"https:\/\/www.ibizacancer.com\/en\/","logo":{"@type":"ImageObject","inLanguage":"en-US","@id":"https:\/\/www.ibizacancer.com\/en\/#\/schema\/logo\/image\/","url":"https:\/\/www.ibizacancer.com\/wp-content\/uploads\/2020\/08\/ifcc-logo-web.png","contentUrl":"https:\/\/www.ibizacancer.com\/wp-content\/uploads\/2020\/08\/ifcc-logo-web.png","width":200,"height":73,"caption":"Ibiza y Formentera Contra el C\u00e1ncer"},"image":{"@id":"https:\/\/www.ibizacancer.com\/en\/#\/schema\/logo\/image\/"},"sameAs":["https:\/\/www.facebook.com\/IFCCancer"]},{"@type":"Person","@id":"https:\/\/www.ibizacancer.com\/en\/#\/schema\/person\/4a32eda3ec27872ff1d22fb74503b4f2","name":"IFCC","image":{"@type":"ImageObject","inLanguage":"en-US","@id":"https:\/\/www.ibizacancer.com\/en\/#\/schema\/person\/image\/","url":"https:\/\/secure.gravatar.com\/avatar\/33cf8cba6efee2cb7a070c8cef186bfe8924ee65c94c506f4742e6653ba357e6?s=96&d=mm&r=g","contentUrl":"https:\/\/secure.gravatar.com\/avatar\/33cf8cba6efee2cb7a070c8cef186bfe8924ee65c94c506f4742e6653ba357e6?s=96&d=mm&r=g","caption":"IFCC"},"sameAs":["https:\/\/www.ibizacancer.com"]}]}},"_links":{"self":[{"href":"https:\/\/www.ibizacancer.com\/en\/wp-json\/wp\/v2\/posts\/22082","targetHints":{"allow":["GET"]}}],"collection":[{"href":"https:\/\/www.ibizacancer.com\/en\/wp-json\/wp\/v2\/posts"}],"about":[{"href":"https:\/\/www.ibizacancer.com\/en\/wp-json\/wp\/v2\/types\/post"}],"author":[{"embeddable":true,"href":"https:\/\/www.ibizacancer.com\/en\/wp-json\/wp\/v2\/users\/1"}],"replies":[{"embeddable":true,"href":"https:\/\/www.ibizacancer.com\/en\/wp-json\/wp\/v2\/comments?post=22082"}],"version-history":[{"count":0,"href":"https:\/\/www.ibizacancer.com\/en\/wp-json\/wp\/v2\/posts\/22082\/revisions"}],"wp:featuredmedia":[{"embeddable":true,"href":"https:\/\/www.ibizacancer.com\/en\/wp-json\/wp\/v2\/media\/22046"}],"wp:attachment":[{"href":"https:\/\/www.ibizacancer.com\/en\/wp-json\/wp\/v2\/media?parent=22082"}],"wp:term":[{"taxonomy":"category","embeddable":true,"href":"https:\/\/www.ibizacancer.com\/en\/wp-json\/wp\/v2\/categories?post=22082"},{"taxonomy":"post_tag","embeddable":true,"href":"https:\/\/www.ibizacancer.com\/en\/wp-json\/wp\/v2\/tags?post=22082"}],"curies":[{"name":"wp","href":"https:\/\/api.w.org\/{rel}","templated":true}]}}