{"id":22084,"date":"2016-09-19T07:54:24","date_gmt":"2016-09-19T05:54:24","guid":{"rendered":"https:\/\/www.ibizacancer.com\/magic-magno-e-ifcc-hacen-realidad-el-sueno-de-un-paciente-oncologico-de-ibiza-2\/"},"modified":"2024-06-14T11:57:03","modified_gmt":"2024-06-14T09:57:03","slug":"magic-magno-e-ifcc-hacen-realidad-el-sueno-de-un-paciente-oncologico-de-ibiza-2","status":"publish","type":"post","link":"https:\/\/www.ibizacancer.com\/en\/2016\/09\/magic-magno-e-ifcc-hacen-realidad-el-sueno-de-un-paciente-oncologico-de-ibiza-2\/","title":{"rendered":"\u201cMagic Magno\u201d e IFCC hacen realidad el sue\u00f1o de un paciente oncol\u00f3gico de Ibiza"},"content":{"rendered":"<div class=\"carrusel-interior\">\n<div id=\"imgCarruserlInt1\" class=\"img-carrusel-interior\">\n<div class=\"pie-foto-detalle\"><strong>Ibiza y Formentera Contra el C\u00e1ncer y el reconocido artista madrile\u00f1o impulsan un concierto solidario este viernes en Hard Rock Hotel Ibiza a beneficio de esta ONG<\/strong><\/div>\n<\/div>\n<\/div>\n<div class=\"intro-noticia-detalle\">\n<p><strong>FILA CERO:\u00a0<\/strong>Quienes no puedan acudir pero deseen colaborar, pueden realizar su donaci\u00f3n a IBIZA y FORMENTERA CONTRA EL C\u00c1NCER en la cuenta BANCA MARCH ES98 0061 0030 6407 1867 0114<\/p>\n<p>El reconocido artista madrile\u00f1o \u201cMagic Magno\u201d cumplir\u00e1 este viernes 23 de septiembre el sue\u00f1o de un paciente oncol\u00f3gico de Ibiza que se puso en contacto con la Asociaci\u00f3n Ibiza y Formentera Contra el C\u00e1ncer para poder ver a su \u00eddolo en directo. \u201cRecibimos una petici\u00f3n por Facebook de este chico, que nos conmovi\u00f3 y nos llev\u00f3 a escribirle para ver qu\u00e9 pod\u00edamos hacer\u201d, relata la presidenta de IFCC, Helen Watson. \u201cMagic Magno\u201d, el nombre art\u00edstico de Andr\u00e9s Izquierdo, respondi\u00f3 al momento \u201cque no solo se desplazar\u00eda a la isla, sino que podr\u00eda actuar de forma solidaria para que nuestra ONG siga cumpliendo sue\u00f1os\u201d, resume Watson. \u201cEste viernes se cumplir\u00e1 el milagro y un superviviente del c\u00e1ncer, que cada d\u00eda planta cara a esta enfermedad, podr\u00e1 rapear las letras de su \u00eddolo a su lado\u201d, matiza Watson. De hecho Magic Magno\u201d le tiene preparada una sorpresa: presentar en Ibiza el primer single de su nuevo disco, que ver\u00e1 la luz en enero de 2017: \u201cAhora\u201d, que servir\u00e1 para hacer hincapi\u00e9 en que los j\u00f3venes \u201cbusquen ser lo m\u00e1s proactivos posible y as\u00ed librarles de la desidia y la apat\u00eda que reina en esta juventud del Siglo XXI\u201d, puntualiza el artista.<\/p>\n<p>El concierto ben\u00e9fico, cuyas entradas ya est\u00e1n a la venta en Hard Rock Hotel Ibiza, Surf Lounge Ibiza, Surf Corner y Estudi Capricorn, comenzar\u00e1 a las 21,00 horas y contar\u00e1 con el rapero Cristo Corona como telonero. El precio donativo de la entrada es de 10 euros y el aforo ser\u00e1 de 600 personas para este primer concierto de \u201cMagic Magno\u201d en la isla. Los menores de 14 a 16 a\u00f1os deber\u00e1n acudir al concierto acompa\u00f1ados por sus padres, y de 16 a 18 deber\u00e1n presentar el documento de identificad.<\/p>\n<p>Desde IFCC e Imam Comunicaci\u00f3n, organizadores de ambas citas, han agradecido el apoyo de los patrocinadores de este concierto, Fundaci\u00f3n Abel Matutes y Hard Rock Hotel Ibiza, y de los colaboradores de esta cita como SONOIBIZA, Ivan Dom\u00e9nech, Eventos Musicales Ibiza, Digital Ground, Can Impr\u00e9s, Existalia, Raw Press, Peri\u00f3dico de Ibiza y Becom.<\/p>\n<p><strong>MAGIC MAGNO<\/strong><\/p>\n<p>Andr\u00e9s Izquierdo es un artista de m\u00fasica Urbana, afincado en Madrid, que actualmente acaba de firmar como artista un contrato discogr\u00e1fico con Warner Music Spain. \u201cMagic Magno\u201d comenz\u00f3 auto produci\u00e9ndose en 2007 y con pocos medios consigui\u00f3 en poco tiempo destacar de forma llamativa en Youtube, canal enel que cuenta con casi 200.000 suscriptores y 61 millones de visitas. Su cuenta de Instagram tiene 130.000 seguidores, la de Twitter 63.000 y la de Facebook 10.000.<\/p>\n<p>Aparte de su faceta como cantante, \u201cMagic Magno\u201d es tambi\u00e9n conocido por sus mensajes de superaci\u00f3n y motivaci\u00f3n entre los j\u00f3venes. Desde que empez\u00f3 siempre ha buscado crear una sociedad mejor e intentar que los j\u00f3venes \u201cdespierten\u201d y luchen por sus sue\u00f1os anim\u00e1ndoles a trabajar, ser disciplinados, marcarse objetivos a corto y largo plazo, y sobre todo a no permitir que nadie les diga que no pueden conseguir aquello que se proponen. Bas\u00e1ndose en su historia personal de cambio, reeducaci\u00f3n y esfuerzo, consigue conectar con los j\u00f3venes y los resultados de sus charlas suelen dejar una huella muy profunda en todos aquellos que asisten.<\/p>\n<p>De forma paralela a su carrera musical, \u201cMagic Magno\u201d y su equipo se encuentran trabajando en su proyecto #MAGNIFICATE \u201cSaca la mejor versi\u00f3n de ti mismo\u201d, que consiste en una serie de charlas y ponencias en institutos y jornadas juveniles de m\u00faltiples ayuntamientos.<\/p>\n<\/div>\n","protected":false},"excerpt":{"rendered":"<p>Ibiza y Formentera Contra el C\u00e1ncer y el reconocido artista madrile\u00f1o impulsan un concierto solidario este viernes en Hard Rock Hotel Ibiza a beneficio de esta ONG FILA CERO:\u00a0Quienes no [&hellip;]<\/p>\n","protected":false},"author":1,"featured_media":22043,"comment_status":"open","ping_status":"closed","sticky":false,"template":"","format":"standard","meta":{"_acf_changed":false,"give_campaign_id":0,"footnotes":""},"categories":[540,1],"tags":[],"class_list":["post-22084","post","type-post","status-publish","format-standard","has-post-thumbnail","hentry","category-blog-2","category-sin-categorizar","entry"],"acf":[],"yoast_head":"<!-- This site is optimized with the Yoast SEO plugin v27.1.1 - https:\/\/yoast.com\/product\/yoast-seo-wordpress\/ -->\n<title>\u201cMagic Magno\u201d e IFCC hacen realidad el sue\u00f1o de un paciente oncol\u00f3gico de Ibiza - Ibiza y Formentera Contra el C\u00e1ncer<\/title>\n<meta name=\"robots\" content=\"index, follow, max-snippet:-1, max-image-preview:large, max-video-preview:-1\" \/>\n<link rel=\"canonical\" href=\"https:\/\/www.ibizacancer.com\/en\/2016\/09\/magic-magno-e-ifcc-hacen-realidad-el-sueno-de-un-paciente-oncologico-de-ibiza-2\/\" \/>\n<meta property=\"og:locale\" content=\"en_US\" \/>\n<meta property=\"og:type\" content=\"article\" \/>\n<meta property=\"og:title\" content=\"\u201cMagic Magno\u201d e IFCC hacen realidad el sue\u00f1o de un paciente oncol\u00f3gico de Ibiza - Ibiza y Formentera Contra el C\u00e1ncer\" \/>\n<meta property=\"og:description\" content=\"Ibiza y Formentera Contra el C\u00e1ncer y el reconocido artista madrile\u00f1o impulsan un concierto solidario este viernes en Hard Rock Hotel Ibiza a beneficio de esta ONG FILA CERO:\u00a0Quienes no [&hellip;]\" \/>\n<meta property=\"og:url\" content=\"https:\/\/www.ibizacancer.com\/en\/2016\/09\/magic-magno-e-ifcc-hacen-realidad-el-sueno-de-un-paciente-oncologico-de-ibiza-2\/\" \/>\n<meta property=\"og:site_name\" content=\"Ibiza y Formentera Contra el C\u00e1ncer\" \/>\n<meta property=\"article:publisher\" content=\"https:\/\/www.facebook.com\/IFCCancer\" \/>\n<meta property=\"article:published_time\" content=\"2016-09-19T05:54:24+00:00\" \/>\n<meta property=\"article:modified_time\" content=\"2024-06-14T09:57:03+00:00\" \/>\n<meta property=\"og:image\" content=\"https:\/\/www.ibizacancer.com\/wp-content\/uploads\/2024\/06\/02-detalle-jpg-2.jpg\" \/>\n\t<meta property=\"og:image:width\" content=\"700\" \/>\n\t<meta property=\"og:image:height\" content=\"305\" \/>\n\t<meta property=\"og:image:type\" content=\"image\/jpeg\" \/>\n<meta name=\"author\" content=\"IFCC\" \/>\n<meta name=\"twitter:card\" content=\"summary_large_image\" \/>\n<meta name=\"twitter:label1\" content=\"Written by\" \/>\n\t<meta name=\"twitter:data1\" content=\"IFCC\" \/>\n\t<meta name=\"twitter:label2\" content=\"Est. reading time\" \/>\n\t<meta name=\"twitter:data2\" content=\"3 minutes\" \/>\n<script type=\"application\/ld+json\" class=\"yoast-schema-graph\">{\"@context\":\"https:\/\/schema.org\",\"@graph\":[{\"@type\":\"Article\",\"@id\":\"https:\/\/www.ibizacancer.com\/en\/2016\/09\/magic-magno-e-ifcc-hacen-realidad-el-sueno-de-un-paciente-oncologico-de-ibiza-2\/#article\",\"isPartOf\":{\"@id\":\"https:\/\/www.ibizacancer.com\/en\/2016\/09\/magic-magno-e-ifcc-hacen-realidad-el-sueno-de-un-paciente-oncologico-de-ibiza-2\/\"},\"author\":{\"name\":\"IFCC\",\"@id\":\"https:\/\/www.ibizacancer.com\/en\/#\/schema\/person\/4a32eda3ec27872ff1d22fb74503b4f2\"},\"headline\":\"\u201cMagic Magno\u201d e IFCC hacen realidad el sue\u00f1o de un paciente oncol\u00f3gico de Ibiza\",\"datePublished\":\"2016-09-19T05:54:24+00:00\",\"dateModified\":\"2024-06-14T09:57:03+00:00\",\"mainEntityOfPage\":{\"@id\":\"https:\/\/www.ibizacancer.com\/en\/2016\/09\/magic-magno-e-ifcc-hacen-realidad-el-sueno-de-un-paciente-oncologico-de-ibiza-2\/\"},\"wordCount\":668,\"commentCount\":0,\"publisher\":{\"@id\":\"https:\/\/www.ibizacancer.com\/en\/#organization\"},\"image\":{\"@id\":\"https:\/\/www.ibizacancer.com\/en\/2016\/09\/magic-magno-e-ifcc-hacen-realidad-el-sueno-de-un-paciente-oncologico-de-ibiza-2\/#primaryimage\"},\"thumbnailUrl\":\"https:\/\/www.ibizacancer.com\/wp-content\/uploads\/2024\/06\/02-detalle-jpg-2.jpg\",\"articleSection\":[\"Blog\",\"Sin categorizar\"],\"inLanguage\":\"en-US\",\"potentialAction\":[{\"@type\":\"CommentAction\",\"name\":\"Comment\",\"target\":[\"https:\/\/www.ibizacancer.com\/en\/2016\/09\/magic-magno-e-ifcc-hacen-realidad-el-sueno-de-un-paciente-oncologico-de-ibiza-2\/#respond\"]}]},{\"@type\":\"WebPage\",\"@id\":\"https:\/\/www.ibizacancer.com\/en\/2016\/09\/magic-magno-e-ifcc-hacen-realidad-el-sueno-de-un-paciente-oncologico-de-ibiza-2\/\",\"url\":\"https:\/\/www.ibizacancer.com\/en\/2016\/09\/magic-magno-e-ifcc-hacen-realidad-el-sueno-de-un-paciente-oncologico-de-ibiza-2\/\",\"name\":\"\u201cMagic Magno\u201d e IFCC hacen realidad el sue\u00f1o de un paciente oncol\u00f3gico de Ibiza - Ibiza y Formentera Contra el C\u00e1ncer\",\"isPartOf\":{\"@id\":\"https:\/\/www.ibizacancer.com\/en\/#website\"},\"primaryImageOfPage\":{\"@id\":\"https:\/\/www.ibizacancer.com\/en\/2016\/09\/magic-magno-e-ifcc-hacen-realidad-el-sueno-de-un-paciente-oncologico-de-ibiza-2\/#primaryimage\"},\"image\":{\"@id\":\"https:\/\/www.ibizacancer.com\/en\/2016\/09\/magic-magno-e-ifcc-hacen-realidad-el-sueno-de-un-paciente-oncologico-de-ibiza-2\/#primaryimage\"},\"thumbnailUrl\":\"https:\/\/www.ibizacancer.com\/wp-content\/uploads\/2024\/06\/02-detalle-jpg-2.jpg\",\"datePublished\":\"2016-09-19T05:54:24+00:00\",\"dateModified\":\"2024-06-14T09:57:03+00:00\",\"inLanguage\":\"en-US\",\"potentialAction\":[{\"@type\":\"ReadAction\",\"target\":[\"https:\/\/www.ibizacancer.com\/en\/2016\/09\/magic-magno-e-ifcc-hacen-realidad-el-sueno-de-un-paciente-oncologico-de-ibiza-2\/\"]}]},{\"@type\":\"ImageObject\",\"inLanguage\":\"en-US\",\"@id\":\"https:\/\/www.ibizacancer.com\/en\/2016\/09\/magic-magno-e-ifcc-hacen-realidad-el-sueno-de-un-paciente-oncologico-de-ibiza-2\/#primaryimage\",\"url\":\"https:\/\/www.ibizacancer.com\/wp-content\/uploads\/2024\/06\/02-detalle-jpg-2.jpg\",\"contentUrl\":\"https:\/\/www.ibizacancer.com\/wp-content\/uploads\/2024\/06\/02-detalle-jpg-2.jpg\",\"width\":700,\"height\":305},{\"@type\":\"WebSite\",\"@id\":\"https:\/\/www.ibizacancer.com\/en\/#website\",\"url\":\"https:\/\/www.ibizacancer.com\/en\/\",\"name\":\"Ibiza y Formentera Contra el C\u00e1ncer\",\"description\":\"Ibiza y Formentera contra el C\u00e1ncer es una organizaci\u00f3n no gubernamental y sin \u00e1nimo de lucro dirigida a la lucha contra esta enfermedad en las Pitiusas.\",\"publisher\":{\"@id\":\"https:\/\/www.ibizacancer.com\/en\/#organization\"},\"potentialAction\":[{\"@type\":\"SearchAction\",\"target\":{\"@type\":\"EntryPoint\",\"urlTemplate\":\"https:\/\/www.ibizacancer.com\/en\/?s={search_term_string}\"},\"query-input\":{\"@type\":\"PropertyValueSpecification\",\"valueRequired\":true,\"valueName\":\"search_term_string\"}}],\"inLanguage\":\"en-US\"},{\"@type\":\"Organization\",\"@id\":\"https:\/\/www.ibizacancer.com\/en\/#organization\",\"name\":\"Ibiza y Formentera Contra el C\u00e1ncer\",\"url\":\"https:\/\/www.ibizacancer.com\/en\/\",\"logo\":{\"@type\":\"ImageObject\",\"inLanguage\":\"en-US\",\"@id\":\"https:\/\/www.ibizacancer.com\/en\/#\/schema\/logo\/image\/\",\"url\":\"https:\/\/www.ibizacancer.com\/wp-content\/uploads\/2020\/08\/ifcc-logo-web.png\",\"contentUrl\":\"https:\/\/www.ibizacancer.com\/wp-content\/uploads\/2020\/08\/ifcc-logo-web.png\",\"width\":200,\"height\":73,\"caption\":\"Ibiza y Formentera Contra el C\u00e1ncer\"},\"image\":{\"@id\":\"https:\/\/www.ibizacancer.com\/en\/#\/schema\/logo\/image\/\"},\"sameAs\":[\"https:\/\/www.facebook.com\/IFCCancer\"]},{\"@type\":\"Person\",\"@id\":\"https:\/\/www.ibizacancer.com\/en\/#\/schema\/person\/4a32eda3ec27872ff1d22fb74503b4f2\",\"name\":\"IFCC\",\"image\":{\"@type\":\"ImageObject\",\"inLanguage\":\"en-US\",\"@id\":\"https:\/\/www.ibizacancer.com\/en\/#\/schema\/person\/image\/\",\"url\":\"https:\/\/secure.gravatar.com\/avatar\/33cf8cba6efee2cb7a070c8cef186bfe8924ee65c94c506f4742e6653ba357e6?s=96&d=mm&r=g\",\"contentUrl\":\"https:\/\/secure.gravatar.com\/avatar\/33cf8cba6efee2cb7a070c8cef186bfe8924ee65c94c506f4742e6653ba357e6?s=96&d=mm&r=g\",\"caption\":\"IFCC\"},\"sameAs\":[\"https:\/\/www.ibizacancer.com\"]}]}<\/script>\n<!-- \/ Yoast SEO plugin. -->","yoast_head_json":{"title":"\u201cMagic Magno\u201d e IFCC hacen realidad el sue\u00f1o de un paciente oncol\u00f3gico de Ibiza - Ibiza y Formentera Contra el C\u00e1ncer","robots":{"index":"index","follow":"follow","max-snippet":"max-snippet:-1","max-image-preview":"max-image-preview:large","max-video-preview":"max-video-preview:-1"},"canonical":"https:\/\/www.ibizacancer.com\/en\/2016\/09\/magic-magno-e-ifcc-hacen-realidad-el-sueno-de-un-paciente-oncologico-de-ibiza-2\/","og_locale":"en_US","og_type":"article","og_title":"\u201cMagic Magno\u201d e IFCC hacen realidad el sue\u00f1o de un paciente oncol\u00f3gico de Ibiza - Ibiza y Formentera Contra el C\u00e1ncer","og_description":"Ibiza y Formentera Contra el C\u00e1ncer y el reconocido artista madrile\u00f1o impulsan un concierto solidario este viernes en Hard Rock Hotel Ibiza a beneficio de esta ONG FILA CERO:\u00a0Quienes no [&hellip;]","og_url":"https:\/\/www.ibizacancer.com\/en\/2016\/09\/magic-magno-e-ifcc-hacen-realidad-el-sueno-de-un-paciente-oncologico-de-ibiza-2\/","og_site_name":"Ibiza y Formentera Contra el C\u00e1ncer","article_publisher":"https:\/\/www.facebook.com\/IFCCancer","article_published_time":"2016-09-19T05:54:24+00:00","article_modified_time":"2024-06-14T09:57:03+00:00","og_image":[{"width":700,"height":305,"url":"https:\/\/www.ibizacancer.com\/wp-content\/uploads\/2024\/06\/02-detalle-jpg-2.jpg","type":"image\/jpeg"}],"author":"IFCC","twitter_card":"summary_large_image","twitter_misc":{"Written by":"IFCC","Est. reading time":"3 minutes"},"schema":{"@context":"https:\/\/schema.org","@graph":[{"@type":"Article","@id":"https:\/\/www.ibizacancer.com\/en\/2016\/09\/magic-magno-e-ifcc-hacen-realidad-el-sueno-de-un-paciente-oncologico-de-ibiza-2\/#article","isPartOf":{"@id":"https:\/\/www.ibizacancer.com\/en\/2016\/09\/magic-magno-e-ifcc-hacen-realidad-el-sueno-de-un-paciente-oncologico-de-ibiza-2\/"},"author":{"name":"IFCC","@id":"https:\/\/www.ibizacancer.com\/en\/#\/schema\/person\/4a32eda3ec27872ff1d22fb74503b4f2"},"headline":"\u201cMagic Magno\u201d e IFCC hacen realidad el sue\u00f1o de un paciente oncol\u00f3gico de Ibiza","datePublished":"2016-09-19T05:54:24+00:00","dateModified":"2024-06-14T09:57:03+00:00","mainEntityOfPage":{"@id":"https:\/\/www.ibizacancer.com\/en\/2016\/09\/magic-magno-e-ifcc-hacen-realidad-el-sueno-de-un-paciente-oncologico-de-ibiza-2\/"},"wordCount":668,"commentCount":0,"publisher":{"@id":"https:\/\/www.ibizacancer.com\/en\/#organization"},"image":{"@id":"https:\/\/www.ibizacancer.com\/en\/2016\/09\/magic-magno-e-ifcc-hacen-realidad-el-sueno-de-un-paciente-oncologico-de-ibiza-2\/#primaryimage"},"thumbnailUrl":"https:\/\/www.ibizacancer.com\/wp-content\/uploads\/2024\/06\/02-detalle-jpg-2.jpg","articleSection":["Blog","Sin categorizar"],"inLanguage":"en-US","potentialAction":[{"@type":"CommentAction","name":"Comment","target":["https:\/\/www.ibizacancer.com\/en\/2016\/09\/magic-magno-e-ifcc-hacen-realidad-el-sueno-de-un-paciente-oncologico-de-ibiza-2\/#respond"]}]},{"@type":"WebPage","@id":"https:\/\/www.ibizacancer.com\/en\/2016\/09\/magic-magno-e-ifcc-hacen-realidad-el-sueno-de-un-paciente-oncologico-de-ibiza-2\/","url":"https:\/\/www.ibizacancer.com\/en\/2016\/09\/magic-magno-e-ifcc-hacen-realidad-el-sueno-de-un-paciente-oncologico-de-ibiza-2\/","name":"\u201cMagic Magno\u201d e IFCC hacen realidad el sue\u00f1o de un paciente oncol\u00f3gico de Ibiza - Ibiza y Formentera Contra el C\u00e1ncer","isPartOf":{"@id":"https:\/\/www.ibizacancer.com\/en\/#website"},"primaryImageOfPage":{"@id":"https:\/\/www.ibizacancer.com\/en\/2016\/09\/magic-magno-e-ifcc-hacen-realidad-el-sueno-de-un-paciente-oncologico-de-ibiza-2\/#primaryimage"},"image":{"@id":"https:\/\/www.ibizacancer.com\/en\/2016\/09\/magic-magno-e-ifcc-hacen-realidad-el-sueno-de-un-paciente-oncologico-de-ibiza-2\/#primaryimage"},"thumbnailUrl":"https:\/\/www.ibizacancer.com\/wp-content\/uploads\/2024\/06\/02-detalle-jpg-2.jpg","datePublished":"2016-09-19T05:54:24+00:00","dateModified":"2024-06-14T09:57:03+00:00","inLanguage":"en-US","potentialAction":[{"@type":"ReadAction","target":["https:\/\/www.ibizacancer.com\/en\/2016\/09\/magic-magno-e-ifcc-hacen-realidad-el-sueno-de-un-paciente-oncologico-de-ibiza-2\/"]}]},{"@type":"ImageObject","inLanguage":"en-US","@id":"https:\/\/www.ibizacancer.com\/en\/2016\/09\/magic-magno-e-ifcc-hacen-realidad-el-sueno-de-un-paciente-oncologico-de-ibiza-2\/#primaryimage","url":"https:\/\/www.ibizacancer.com\/wp-content\/uploads\/2024\/06\/02-detalle-jpg-2.jpg","contentUrl":"https:\/\/www.ibizacancer.com\/wp-content\/uploads\/2024\/06\/02-detalle-jpg-2.jpg","width":700,"height":305},{"@type":"WebSite","@id":"https:\/\/www.ibizacancer.com\/en\/#website","url":"https:\/\/www.ibizacancer.com\/en\/","name":"Ibiza y Formentera Contra el C\u00e1ncer","description":"Ibiza y Formentera contra el C\u00e1ncer es una organizaci\u00f3n no gubernamental y sin \u00e1nimo de lucro dirigida a la lucha contra esta enfermedad en las Pitiusas.","publisher":{"@id":"https:\/\/www.ibizacancer.com\/en\/#organization"},"potentialAction":[{"@type":"SearchAction","target":{"@type":"EntryPoint","urlTemplate":"https:\/\/www.ibizacancer.com\/en\/?s={search_term_string}"},"query-input":{"@type":"PropertyValueSpecification","valueRequired":true,"valueName":"search_term_string"}}],"inLanguage":"en-US"},{"@type":"Organization","@id":"https:\/\/www.ibizacancer.com\/en\/#organization","name":"Ibiza y Formentera Contra el C\u00e1ncer","url":"https:\/\/www.ibizacancer.com\/en\/","logo":{"@type":"ImageObject","inLanguage":"en-US","@id":"https:\/\/www.ibizacancer.com\/en\/#\/schema\/logo\/image\/","url":"https:\/\/www.ibizacancer.com\/wp-content\/uploads\/2020\/08\/ifcc-logo-web.png","contentUrl":"https:\/\/www.ibizacancer.com\/wp-content\/uploads\/2020\/08\/ifcc-logo-web.png","width":200,"height":73,"caption":"Ibiza y Formentera Contra el C\u00e1ncer"},"image":{"@id":"https:\/\/www.ibizacancer.com\/en\/#\/schema\/logo\/image\/"},"sameAs":["https:\/\/www.facebook.com\/IFCCancer"]},{"@type":"Person","@id":"https:\/\/www.ibizacancer.com\/en\/#\/schema\/person\/4a32eda3ec27872ff1d22fb74503b4f2","name":"IFCC","image":{"@type":"ImageObject","inLanguage":"en-US","@id":"https:\/\/www.ibizacancer.com\/en\/#\/schema\/person\/image\/","url":"https:\/\/secure.gravatar.com\/avatar\/33cf8cba6efee2cb7a070c8cef186bfe8924ee65c94c506f4742e6653ba357e6?s=96&d=mm&r=g","contentUrl":"https:\/\/secure.gravatar.com\/avatar\/33cf8cba6efee2cb7a070c8cef186bfe8924ee65c94c506f4742e6653ba357e6?s=96&d=mm&r=g","caption":"IFCC"},"sameAs":["https:\/\/www.ibizacancer.com"]}]}},"_links":{"self":[{"href":"https:\/\/www.ibizacancer.com\/en\/wp-json\/wp\/v2\/posts\/22084","targetHints":{"allow":["GET"]}}],"collection":[{"href":"https:\/\/www.ibizacancer.com\/en\/wp-json\/wp\/v2\/posts"}],"about":[{"href":"https:\/\/www.ibizacancer.com\/en\/wp-json\/wp\/v2\/types\/post"}],"author":[{"embeddable":true,"href":"https:\/\/www.ibizacancer.com\/en\/wp-json\/wp\/v2\/users\/1"}],"replies":[{"embeddable":true,"href":"https:\/\/www.ibizacancer.com\/en\/wp-json\/wp\/v2\/comments?post=22084"}],"version-history":[{"count":0,"href":"https:\/\/www.ibizacancer.com\/en\/wp-json\/wp\/v2\/posts\/22084\/revisions"}],"wp:featuredmedia":[{"embeddable":true,"href":"https:\/\/www.ibizacancer.com\/en\/wp-json\/wp\/v2\/media\/22043"}],"wp:attachment":[{"href":"https:\/\/www.ibizacancer.com\/en\/wp-json\/wp\/v2\/media?parent=22084"}],"wp:term":[{"taxonomy":"category","embeddable":true,"href":"https:\/\/www.ibizacancer.com\/en\/wp-json\/wp\/v2\/categories?post=22084"},{"taxonomy":"post_tag","embeddable":true,"href":"https:\/\/www.ibizacancer.com\/en\/wp-json\/wp\/v2\/tags?post=22084"}],"curies":[{"name":"wp","href":"https:\/\/api.w.org\/{rel}","templated":true}]}}