{"id":22086,"date":"2016-06-21T07:53:46","date_gmt":"2016-06-21T05:53:46","guid":{"rendered":"https:\/\/www.ibizacancer.com\/la-mayoria-de-los-afectados-por-cancer-de-piel-sufrieron-quemaduras-durante-la-infancia-2\/"},"modified":"2024-06-14T11:57:02","modified_gmt":"2024-06-14T09:57:02","slug":"la-mayoria-de-los-afectados-por-cancer-de-piel-sufrieron-quemaduras-durante-la-infancia-2","status":"publish","type":"post","link":"https:\/\/www.ibizacancer.com\/en\/2016\/06\/la-mayoria-de-los-afectados-por-cancer-de-piel-sufrieron-quemaduras-durante-la-infancia-2\/","title":{"rendered":"La mayor\u00eda de los afectados por c\u00e1ncer de piel sufrieron quemaduras durante la infancia"},"content":{"rendered":"<div class=\"carrusel-interior\">\n<div id=\"imgCarruserlInt1\" class=\"img-carrusel-interior\">\n<div class=\"pie-foto-detalle\">El 80 por ciento de las radiaciones ultravioleta que recibiremos en nuestra vida se producen antes de los 18 a\u00f1os y es, en esa etapa, sobre todo en la infancia, cuando las quemaduras sufridas se pueden traducir en un mayor n\u00famero casos de c\u00e1ncer de piel en adultos. Seg\u00fan los expertos un ni\u00f1o con m\u00e1s de tres quemaduras multiplica por diez la posibilidad de tener un melanoma maligno en la edad adulta, causa por la que la prevenci\u00f3n en la exposici\u00f3n al sol e incidir en la necesidad de proteger la piel y acudir a revisiones puntuales m\u00e9dicas para su detenci\u00f3n precoz, es vital.<\/div>\n<\/div>\n<\/div>\n<div class=\"intro-noticia-detalle\">\n<p>En Espa\u00f1a, y especialmente en zonas de costa como las Pitiusas, el incremento de casos de c\u00e1ncer de piel ha aumentado un 38 por ciento en los \u00faltimos cuatro a\u00f1os, y se prev\u00e9 que estas cifras sigan ascendiendo en un futuro. Este tipo de tumor es de los m\u00e1s frecuentes y tiene una mortalidad de 8 a 10 casos por cada 100.000 habitantes, pero tambi\u00e9n es uno de los que m\u00e1s f\u00e1cil se pueden prevenir y existen multitud de tratamientos que pueden ayudarnos a curarnos o a\u00a0 vivir con esta enfermedad. Seg\u00fan explica la presidenta de Ibiza y Formentera Contra el C\u00e1ncer (IFCC), Helen Watson, en el D\u00eda Mundial de esta enfermedad, \u201ctodav\u00eda queda mucho trabajo de concienciaci\u00f3n sobre este tipo de c\u00e1ncer y muchos de los casos provienen de un mal cuidado de nuestra piel durante la infancia, por lo que son los padres de hoy quienes pueden revertir estas cifras ense\u00f1ando a sus hijos la importancia de algo tan sencillo como ponerse crema protectora\u201d.<\/p>\n<p>Para evitar lesiones en la piel producidas por el sol es imprescindible que nos cuidemos y que lo hagamos correctamente. Debemos aplicar la crema solar media hora antes de la exposici\u00f3n y renovarla cada dos horas o cada vez que nos ba\u00f1emos. Debemos desconfiar tanto del sol como de las cabinas de rayos UVA y es \u00e9stas \u00faltimas representan un gran riesgo para nuestra salud. Desde IFCC recuerdan a todos los ibicencos y formenterenses que la mejor manera de conmemorar hoy el D\u00eda Internacional Contra el C\u00e1ncer de Piel es \u201cplant\u00e1ndole cara y llen\u00e1ndonosla de crema\u201d, para revertir las cifras de incremento de afectados por esta enfermedad.<\/p>\n<\/div>\n","protected":false},"excerpt":{"rendered":"<p>El 80 por ciento de las radiaciones ultravioleta que recibiremos en nuestra vida se producen antes de los 18 a\u00f1os y es, en esa etapa, sobre todo en la infancia, [&hellip;]<\/p>\n","protected":false},"author":1,"featured_media":22040,"comment_status":"open","ping_status":"closed","sticky":false,"template":"","format":"standard","meta":{"_acf_changed":false,"give_campaign_id":0,"footnotes":""},"categories":[540,1],"tags":[],"class_list":["post-22086","post","type-post","status-publish","format-standard","has-post-thumbnail","hentry","category-blog-2","category-sin-categorizar","entry"],"acf":[],"yoast_head":"<!-- This site is optimized with the Yoast SEO plugin v27.1.1 - https:\/\/yoast.com\/product\/yoast-seo-wordpress\/ -->\n<title>La mayor\u00eda de los afectados por c\u00e1ncer de piel sufrieron quemaduras durante la infancia - Ibiza y Formentera Contra el C\u00e1ncer<\/title>\n<meta name=\"robots\" content=\"index, follow, max-snippet:-1, max-image-preview:large, max-video-preview:-1\" \/>\n<link rel=\"canonical\" href=\"https:\/\/www.ibizacancer.com\/en\/2016\/06\/la-mayoria-de-los-afectados-por-cancer-de-piel-sufrieron-quemaduras-durante-la-infancia-2\/\" \/>\n<meta property=\"og:locale\" content=\"en_US\" \/>\n<meta property=\"og:type\" content=\"article\" \/>\n<meta property=\"og:title\" content=\"La mayor\u00eda de los afectados por c\u00e1ncer de piel sufrieron quemaduras durante la infancia - Ibiza y Formentera Contra el C\u00e1ncer\" \/>\n<meta property=\"og:description\" content=\"El 80 por ciento de las radiaciones ultravioleta que recibiremos en nuestra vida se producen antes de los 18 a\u00f1os y es, en esa etapa, sobre todo en la infancia, [&hellip;]\" \/>\n<meta property=\"og:url\" content=\"https:\/\/www.ibizacancer.com\/en\/2016\/06\/la-mayoria-de-los-afectados-por-cancer-de-piel-sufrieron-quemaduras-durante-la-infancia-2\/\" \/>\n<meta property=\"og:site_name\" content=\"Ibiza y Formentera Contra el C\u00e1ncer\" \/>\n<meta property=\"article:publisher\" content=\"https:\/\/www.facebook.com\/IFCCancer\" \/>\n<meta property=\"article:published_time\" content=\"2016-06-21T05:53:46+00:00\" \/>\n<meta property=\"article:modified_time\" content=\"2024-06-14T09:57:02+00:00\" \/>\n<meta property=\"og:image\" content=\"https:\/\/www.ibizacancer.com\/wp-content\/uploads\/2024\/06\/grande-solar-jpg.jpg\" \/>\n\t<meta property=\"og:image:width\" content=\"700\" \/>\n\t<meta property=\"og:image:height\" content=\"305\" \/>\n\t<meta property=\"og:image:type\" content=\"image\/jpeg\" \/>\n<meta name=\"author\" content=\"IFCC\" \/>\n<meta name=\"twitter:card\" content=\"summary_large_image\" \/>\n<meta name=\"twitter:label1\" content=\"Written by\" \/>\n\t<meta name=\"twitter:data1\" content=\"IFCC\" \/>\n\t<meta name=\"twitter:label2\" content=\"Est. reading time\" \/>\n\t<meta name=\"twitter:data2\" content=\"2 minutes\" \/>\n<script type=\"application\/ld+json\" class=\"yoast-schema-graph\">{\"@context\":\"https:\/\/schema.org\",\"@graph\":[{\"@type\":\"Article\",\"@id\":\"https:\/\/www.ibizacancer.com\/en\/2016\/06\/la-mayoria-de-los-afectados-por-cancer-de-piel-sufrieron-quemaduras-durante-la-infancia-2\/#article\",\"isPartOf\":{\"@id\":\"https:\/\/www.ibizacancer.com\/en\/2016\/06\/la-mayoria-de-los-afectados-por-cancer-de-piel-sufrieron-quemaduras-durante-la-infancia-2\/\"},\"author\":{\"name\":\"IFCC\",\"@id\":\"https:\/\/www.ibizacancer.com\/en\/#\/schema\/person\/4a32eda3ec27872ff1d22fb74503b4f2\"},\"headline\":\"La mayor\u00eda de los afectados por c\u00e1ncer de piel sufrieron quemaduras durante la infancia\",\"datePublished\":\"2016-06-21T05:53:46+00:00\",\"dateModified\":\"2024-06-14T09:57:02+00:00\",\"mainEntityOfPage\":{\"@id\":\"https:\/\/www.ibizacancer.com\/en\/2016\/06\/la-mayoria-de-los-afectados-por-cancer-de-piel-sufrieron-quemaduras-durante-la-infancia-2\/\"},\"wordCount\":417,\"commentCount\":0,\"publisher\":{\"@id\":\"https:\/\/www.ibizacancer.com\/en\/#organization\"},\"image\":{\"@id\":\"https:\/\/www.ibizacancer.com\/en\/2016\/06\/la-mayoria-de-los-afectados-por-cancer-de-piel-sufrieron-quemaduras-durante-la-infancia-2\/#primaryimage\"},\"thumbnailUrl\":\"https:\/\/www.ibizacancer.com\/wp-content\/uploads\/2024\/06\/grande-solar-jpg.jpg\",\"articleSection\":[\"Blog\",\"Sin categorizar\"],\"inLanguage\":\"en-US\",\"potentialAction\":[{\"@type\":\"CommentAction\",\"name\":\"Comment\",\"target\":[\"https:\/\/www.ibizacancer.com\/en\/2016\/06\/la-mayoria-de-los-afectados-por-cancer-de-piel-sufrieron-quemaduras-durante-la-infancia-2\/#respond\"]}]},{\"@type\":\"WebPage\",\"@id\":\"https:\/\/www.ibizacancer.com\/en\/2016\/06\/la-mayoria-de-los-afectados-por-cancer-de-piel-sufrieron-quemaduras-durante-la-infancia-2\/\",\"url\":\"https:\/\/www.ibizacancer.com\/en\/2016\/06\/la-mayoria-de-los-afectados-por-cancer-de-piel-sufrieron-quemaduras-durante-la-infancia-2\/\",\"name\":\"La mayor\u00eda de los afectados por c\u00e1ncer de piel sufrieron quemaduras durante la infancia - Ibiza y Formentera Contra el C\u00e1ncer\",\"isPartOf\":{\"@id\":\"https:\/\/www.ibizacancer.com\/en\/#website\"},\"primaryImageOfPage\":{\"@id\":\"https:\/\/www.ibizacancer.com\/en\/2016\/06\/la-mayoria-de-los-afectados-por-cancer-de-piel-sufrieron-quemaduras-durante-la-infancia-2\/#primaryimage\"},\"image\":{\"@id\":\"https:\/\/www.ibizacancer.com\/en\/2016\/06\/la-mayoria-de-los-afectados-por-cancer-de-piel-sufrieron-quemaduras-durante-la-infancia-2\/#primaryimage\"},\"thumbnailUrl\":\"https:\/\/www.ibizacancer.com\/wp-content\/uploads\/2024\/06\/grande-solar-jpg.jpg\",\"datePublished\":\"2016-06-21T05:53:46+00:00\",\"dateModified\":\"2024-06-14T09:57:02+00:00\",\"inLanguage\":\"en-US\",\"potentialAction\":[{\"@type\":\"ReadAction\",\"target\":[\"https:\/\/www.ibizacancer.com\/en\/2016\/06\/la-mayoria-de-los-afectados-por-cancer-de-piel-sufrieron-quemaduras-durante-la-infancia-2\/\"]}]},{\"@type\":\"ImageObject\",\"inLanguage\":\"en-US\",\"@id\":\"https:\/\/www.ibizacancer.com\/en\/2016\/06\/la-mayoria-de-los-afectados-por-cancer-de-piel-sufrieron-quemaduras-durante-la-infancia-2\/#primaryimage\",\"url\":\"https:\/\/www.ibizacancer.com\/wp-content\/uploads\/2024\/06\/grande-solar-jpg.jpg\",\"contentUrl\":\"https:\/\/www.ibizacancer.com\/wp-content\/uploads\/2024\/06\/grande-solar-jpg.jpg\",\"width\":700,\"height\":305},{\"@type\":\"WebSite\",\"@id\":\"https:\/\/www.ibizacancer.com\/en\/#website\",\"url\":\"https:\/\/www.ibizacancer.com\/en\/\",\"name\":\"Ibiza y Formentera Contra el C\u00e1ncer\",\"description\":\"Ibiza y Formentera contra el C\u00e1ncer es una organizaci\u00f3n no gubernamental y sin \u00e1nimo de lucro dirigida a la lucha contra esta enfermedad en las Pitiusas.\",\"publisher\":{\"@id\":\"https:\/\/www.ibizacancer.com\/en\/#organization\"},\"potentialAction\":[{\"@type\":\"SearchAction\",\"target\":{\"@type\":\"EntryPoint\",\"urlTemplate\":\"https:\/\/www.ibizacancer.com\/en\/?s={search_term_string}\"},\"query-input\":{\"@type\":\"PropertyValueSpecification\",\"valueRequired\":true,\"valueName\":\"search_term_string\"}}],\"inLanguage\":\"en-US\"},{\"@type\":\"Organization\",\"@id\":\"https:\/\/www.ibizacancer.com\/en\/#organization\",\"name\":\"Ibiza y Formentera Contra el C\u00e1ncer\",\"url\":\"https:\/\/www.ibizacancer.com\/en\/\",\"logo\":{\"@type\":\"ImageObject\",\"inLanguage\":\"en-US\",\"@id\":\"https:\/\/www.ibizacancer.com\/en\/#\/schema\/logo\/image\/\",\"url\":\"https:\/\/www.ibizacancer.com\/wp-content\/uploads\/2020\/08\/ifcc-logo-web.png\",\"contentUrl\":\"https:\/\/www.ibizacancer.com\/wp-content\/uploads\/2020\/08\/ifcc-logo-web.png\",\"width\":200,\"height\":73,\"caption\":\"Ibiza y Formentera Contra el C\u00e1ncer\"},\"image\":{\"@id\":\"https:\/\/www.ibizacancer.com\/en\/#\/schema\/logo\/image\/\"},\"sameAs\":[\"https:\/\/www.facebook.com\/IFCCancer\"]},{\"@type\":\"Person\",\"@id\":\"https:\/\/www.ibizacancer.com\/en\/#\/schema\/person\/4a32eda3ec27872ff1d22fb74503b4f2\",\"name\":\"IFCC\",\"image\":{\"@type\":\"ImageObject\",\"inLanguage\":\"en-US\",\"@id\":\"https:\/\/www.ibizacancer.com\/en\/#\/schema\/person\/image\/\",\"url\":\"https:\/\/secure.gravatar.com\/avatar\/33cf8cba6efee2cb7a070c8cef186bfe8924ee65c94c506f4742e6653ba357e6?s=96&d=mm&r=g\",\"contentUrl\":\"https:\/\/secure.gravatar.com\/avatar\/33cf8cba6efee2cb7a070c8cef186bfe8924ee65c94c506f4742e6653ba357e6?s=96&d=mm&r=g\",\"caption\":\"IFCC\"},\"sameAs\":[\"https:\/\/www.ibizacancer.com\"]}]}<\/script>\n<!-- \/ Yoast SEO plugin. -->","yoast_head_json":{"title":"La mayor\u00eda de los afectados por c\u00e1ncer de piel sufrieron quemaduras durante la infancia - Ibiza y Formentera Contra el C\u00e1ncer","robots":{"index":"index","follow":"follow","max-snippet":"max-snippet:-1","max-image-preview":"max-image-preview:large","max-video-preview":"max-video-preview:-1"},"canonical":"https:\/\/www.ibizacancer.com\/en\/2016\/06\/la-mayoria-de-los-afectados-por-cancer-de-piel-sufrieron-quemaduras-durante-la-infancia-2\/","og_locale":"en_US","og_type":"article","og_title":"La mayor\u00eda de los afectados por c\u00e1ncer de piel sufrieron quemaduras durante la infancia - Ibiza y Formentera Contra el C\u00e1ncer","og_description":"El 80 por ciento de las radiaciones ultravioleta que recibiremos en nuestra vida se producen antes de los 18 a\u00f1os y es, en esa etapa, sobre todo en la infancia, [&hellip;]","og_url":"https:\/\/www.ibizacancer.com\/en\/2016\/06\/la-mayoria-de-los-afectados-por-cancer-de-piel-sufrieron-quemaduras-durante-la-infancia-2\/","og_site_name":"Ibiza y Formentera Contra el C\u00e1ncer","article_publisher":"https:\/\/www.facebook.com\/IFCCancer","article_published_time":"2016-06-21T05:53:46+00:00","article_modified_time":"2024-06-14T09:57:02+00:00","og_image":[{"width":700,"height":305,"url":"https:\/\/www.ibizacancer.com\/wp-content\/uploads\/2024\/06\/grande-solar-jpg.jpg","type":"image\/jpeg"}],"author":"IFCC","twitter_card":"summary_large_image","twitter_misc":{"Written by":"IFCC","Est. reading time":"2 minutes"},"schema":{"@context":"https:\/\/schema.org","@graph":[{"@type":"Article","@id":"https:\/\/www.ibizacancer.com\/en\/2016\/06\/la-mayoria-de-los-afectados-por-cancer-de-piel-sufrieron-quemaduras-durante-la-infancia-2\/#article","isPartOf":{"@id":"https:\/\/www.ibizacancer.com\/en\/2016\/06\/la-mayoria-de-los-afectados-por-cancer-de-piel-sufrieron-quemaduras-durante-la-infancia-2\/"},"author":{"name":"IFCC","@id":"https:\/\/www.ibizacancer.com\/en\/#\/schema\/person\/4a32eda3ec27872ff1d22fb74503b4f2"},"headline":"La mayor\u00eda de los afectados por c\u00e1ncer de piel sufrieron quemaduras durante la infancia","datePublished":"2016-06-21T05:53:46+00:00","dateModified":"2024-06-14T09:57:02+00:00","mainEntityOfPage":{"@id":"https:\/\/www.ibizacancer.com\/en\/2016\/06\/la-mayoria-de-los-afectados-por-cancer-de-piel-sufrieron-quemaduras-durante-la-infancia-2\/"},"wordCount":417,"commentCount":0,"publisher":{"@id":"https:\/\/www.ibizacancer.com\/en\/#organization"},"image":{"@id":"https:\/\/www.ibizacancer.com\/en\/2016\/06\/la-mayoria-de-los-afectados-por-cancer-de-piel-sufrieron-quemaduras-durante-la-infancia-2\/#primaryimage"},"thumbnailUrl":"https:\/\/www.ibizacancer.com\/wp-content\/uploads\/2024\/06\/grande-solar-jpg.jpg","articleSection":["Blog","Sin categorizar"],"inLanguage":"en-US","potentialAction":[{"@type":"CommentAction","name":"Comment","target":["https:\/\/www.ibizacancer.com\/en\/2016\/06\/la-mayoria-de-los-afectados-por-cancer-de-piel-sufrieron-quemaduras-durante-la-infancia-2\/#respond"]}]},{"@type":"WebPage","@id":"https:\/\/www.ibizacancer.com\/en\/2016\/06\/la-mayoria-de-los-afectados-por-cancer-de-piel-sufrieron-quemaduras-durante-la-infancia-2\/","url":"https:\/\/www.ibizacancer.com\/en\/2016\/06\/la-mayoria-de-los-afectados-por-cancer-de-piel-sufrieron-quemaduras-durante-la-infancia-2\/","name":"La mayor\u00eda de los afectados por c\u00e1ncer de piel sufrieron quemaduras durante la infancia - Ibiza y Formentera Contra el C\u00e1ncer","isPartOf":{"@id":"https:\/\/www.ibizacancer.com\/en\/#website"},"primaryImageOfPage":{"@id":"https:\/\/www.ibizacancer.com\/en\/2016\/06\/la-mayoria-de-los-afectados-por-cancer-de-piel-sufrieron-quemaduras-durante-la-infancia-2\/#primaryimage"},"image":{"@id":"https:\/\/www.ibizacancer.com\/en\/2016\/06\/la-mayoria-de-los-afectados-por-cancer-de-piel-sufrieron-quemaduras-durante-la-infancia-2\/#primaryimage"},"thumbnailUrl":"https:\/\/www.ibizacancer.com\/wp-content\/uploads\/2024\/06\/grande-solar-jpg.jpg","datePublished":"2016-06-21T05:53:46+00:00","dateModified":"2024-06-14T09:57:02+00:00","inLanguage":"en-US","potentialAction":[{"@type":"ReadAction","target":["https:\/\/www.ibizacancer.com\/en\/2016\/06\/la-mayoria-de-los-afectados-por-cancer-de-piel-sufrieron-quemaduras-durante-la-infancia-2\/"]}]},{"@type":"ImageObject","inLanguage":"en-US","@id":"https:\/\/www.ibizacancer.com\/en\/2016\/06\/la-mayoria-de-los-afectados-por-cancer-de-piel-sufrieron-quemaduras-durante-la-infancia-2\/#primaryimage","url":"https:\/\/www.ibizacancer.com\/wp-content\/uploads\/2024\/06\/grande-solar-jpg.jpg","contentUrl":"https:\/\/www.ibizacancer.com\/wp-content\/uploads\/2024\/06\/grande-solar-jpg.jpg","width":700,"height":305},{"@type":"WebSite","@id":"https:\/\/www.ibizacancer.com\/en\/#website","url":"https:\/\/www.ibizacancer.com\/en\/","name":"Ibiza y Formentera Contra el C\u00e1ncer","description":"Ibiza y Formentera contra el C\u00e1ncer es una organizaci\u00f3n no gubernamental y sin \u00e1nimo de lucro dirigida a la lucha contra esta enfermedad en las Pitiusas.","publisher":{"@id":"https:\/\/www.ibizacancer.com\/en\/#organization"},"potentialAction":[{"@type":"SearchAction","target":{"@type":"EntryPoint","urlTemplate":"https:\/\/www.ibizacancer.com\/en\/?s={search_term_string}"},"query-input":{"@type":"PropertyValueSpecification","valueRequired":true,"valueName":"search_term_string"}}],"inLanguage":"en-US"},{"@type":"Organization","@id":"https:\/\/www.ibizacancer.com\/en\/#organization","name":"Ibiza y Formentera Contra el C\u00e1ncer","url":"https:\/\/www.ibizacancer.com\/en\/","logo":{"@type":"ImageObject","inLanguage":"en-US","@id":"https:\/\/www.ibizacancer.com\/en\/#\/schema\/logo\/image\/","url":"https:\/\/www.ibizacancer.com\/wp-content\/uploads\/2020\/08\/ifcc-logo-web.png","contentUrl":"https:\/\/www.ibizacancer.com\/wp-content\/uploads\/2020\/08\/ifcc-logo-web.png","width":200,"height":73,"caption":"Ibiza y Formentera Contra el C\u00e1ncer"},"image":{"@id":"https:\/\/www.ibizacancer.com\/en\/#\/schema\/logo\/image\/"},"sameAs":["https:\/\/www.facebook.com\/IFCCancer"]},{"@type":"Person","@id":"https:\/\/www.ibizacancer.com\/en\/#\/schema\/person\/4a32eda3ec27872ff1d22fb74503b4f2","name":"IFCC","image":{"@type":"ImageObject","inLanguage":"en-US","@id":"https:\/\/www.ibizacancer.com\/en\/#\/schema\/person\/image\/","url":"https:\/\/secure.gravatar.com\/avatar\/33cf8cba6efee2cb7a070c8cef186bfe8924ee65c94c506f4742e6653ba357e6?s=96&d=mm&r=g","contentUrl":"https:\/\/secure.gravatar.com\/avatar\/33cf8cba6efee2cb7a070c8cef186bfe8924ee65c94c506f4742e6653ba357e6?s=96&d=mm&r=g","caption":"IFCC"},"sameAs":["https:\/\/www.ibizacancer.com"]}]}},"_links":{"self":[{"href":"https:\/\/www.ibizacancer.com\/en\/wp-json\/wp\/v2\/posts\/22086","targetHints":{"allow":["GET"]}}],"collection":[{"href":"https:\/\/www.ibizacancer.com\/en\/wp-json\/wp\/v2\/posts"}],"about":[{"href":"https:\/\/www.ibizacancer.com\/en\/wp-json\/wp\/v2\/types\/post"}],"author":[{"embeddable":true,"href":"https:\/\/www.ibizacancer.com\/en\/wp-json\/wp\/v2\/users\/1"}],"replies":[{"embeddable":true,"href":"https:\/\/www.ibizacancer.com\/en\/wp-json\/wp\/v2\/comments?post=22086"}],"version-history":[{"count":0,"href":"https:\/\/www.ibizacancer.com\/en\/wp-json\/wp\/v2\/posts\/22086\/revisions"}],"wp:featuredmedia":[{"embeddable":true,"href":"https:\/\/www.ibizacancer.com\/en\/wp-json\/wp\/v2\/media\/22040"}],"wp:attachment":[{"href":"https:\/\/www.ibizacancer.com\/en\/wp-json\/wp\/v2\/media?parent=22086"}],"wp:term":[{"taxonomy":"category","embeddable":true,"href":"https:\/\/www.ibizacancer.com\/en\/wp-json\/wp\/v2\/categories?post=22086"},{"taxonomy":"post_tag","embeddable":true,"href":"https:\/\/www.ibizacancer.com\/en\/wp-json\/wp\/v2\/tags?post=22086"}],"curies":[{"name":"wp","href":"https:\/\/api.w.org\/{rel}","templated":true}]}}