{"id":22090,"date":"2016-06-07T07:51:55","date_gmt":"2016-06-07T05:51:55","guid":{"rendered":"https:\/\/www.ibizacancer.com\/ifcc-dona-un-endoscopio-al-hospital-de-formentera-para-evitar-a-los-residentes-desplazamientos-a-ibiza-para-colonoscopias-2\/"},"modified":"2024-06-14T11:57:02","modified_gmt":"2024-06-14T09:57:02","slug":"ifcc-dona-un-endoscopio-al-hospital-de-formentera-para-evitar-a-los-residentes-desplazamientos-a-ibiza-para-colonoscopias-2","status":"publish","type":"post","link":"https:\/\/www.ibizacancer.com\/en\/2016\/06\/ifcc-dona-un-endoscopio-al-hospital-de-formentera-para-evitar-a-los-residentes-desplazamientos-a-ibiza-para-colonoscopias-2\/","title":{"rendered":"IFCC dona un endoscopio al Hospital de Formentera para evitar a los residentes desplazamientos a Ibiza para colonoscopias"},"content":{"rendered":"<p>La presidenta y la tesorera de la Asociaci\u00f3n Ibiza y Formentera Contra el C\u00e1ncer, Helen Watson y Berno Kiberd, acompa\u00f1adas por el coordinador del Hospital de Formentera, Antonio Sanz Igual, el director de Gesti\u00f3n del \u00c1rea de Salud de Ibiza y Formentera, Yago G\u00f3mez P\u00e9rez, el gerente del \u00c1rea de Salud de Eivissa y Formentera, Jos\u00e9 Balanzat Mu\u00f1oz, y la consellera de Bienestar Social y Recursos Humanos del Consell Insular de Formentera, Vanessa Parellada, han presentado hoy en Formentera el endoscopio que la ONG pitiusa ha donado al hospital de la isla con el fin de que sus residentes no precisen desplazarse a Ibiza para someterse a una colonoscopia. El coste de este material ronda los \u00a020.000 euros y ya ha servido para que se beneficien de esta prueba un total de 3 pacientes.<\/p>\n<p>La titular de Bienestar Social de la m\u00e1xima instituci\u00f3n de la isla ha subrayado que esta donaci\u00f3n se ha hecho al Hospital pero, ha concretado, \u201cen verdad es para los ciudadanos de Formentera, por lo que como responsable de esta cartera en la isla y como ciudadana, estoy muy agradecida por la labor que IFCC est\u00e1 desempe\u00f1ando\u201d.<\/p>\n<p>Por su parte el gerente del \u00c1rea de Salud de Eivissa y Formentera, Jos\u00e9 Balanzat Mu\u00f1oz, ha matizado que \u201ctenemos que dar las gracias a todas las personas que colaboran con IFCC por su generosidad, porque hacen una gran labor y nos ayudan mucho\u201d. Balanzat ha recordado la importancia de que los pacientes puedan someterse a pruebas \u201clo m\u00e1s cerca posible de casa\u201d, y ha destacado la \u201cvital colaboraci\u00f3n entre instituciones y administraciones\u201d.<\/p>\n<p>Seg\u00fan ha explicado la presidenta de IFCC, \u201cel c\u00e1ncer colorectal es uno de los tumores m\u00e1s frecuentes entre hombres y mujeres y cuyo pron\u00f3stico es mucho m\u00e1s favorable y su tratamiento mucho menos agresivo cuanto antes se detecta\u201d. En esta l\u00ednea ha recordado que este tipo de c\u00e1ncer, si se diagnostica en fases precoces, es curable en el 90% de los casos, causa por la que ha matizado la \u201cvital importancia de que este Hospital cuente desde este mes de junio con un servicio de endoscopia propio\u201d.<\/p>\n<p>Helen Watson ha afirmado que Ibiza y Formentera Contra el C\u00e1ncer lleva desde el a\u00f1o 2011 luchando muy activamente para promover la detecci\u00f3n precoz de c\u00e1ncer de colon. En 2013 la ONG financi\u00f3 un\u00a0 proyecto en el \u00c1rea de Salud de Ibiza para desarrollar un programa piloto de prevenci\u00f3n, \u201ccon la intervenci\u00f3n y ayuda de la pionera y luchadora de esta prueba poblacional, la doctora Mar\u00eda Jos\u00e9 Garc\u00eda Guti\u00e9rrez, a quien se sumaron los doctores, Jos\u00e9 Gonz\u00e1lez y Carmen Santos\u201d, ha recordado la presidenta de IFCC. \u201cEste proyecto piloto fue un \u00e9xito y en 2015 logramos que esta prueba se incluyese en los test ofrecidos por el Ibsalud a todas las personas con edades comprendidas entre los 50 y 69 a\u00f1os, las edades de riesgo\u201d, ha agregado Helen Watson, quien ha apuntado que \u201cpor eso es muy importante que las personas que est\u00e9n en este rango de edad se sometan a esta sencilla e indolora prueba, pidan el test a sus m\u00e9dicos de cabecera, y sepan si padecen o no esta enfermedad, con una endoscopia que podr\u00e1n hacerse en su propia isla\u201d. La presidenta de IFCC ha matizado que solo en los casos en los que este test de positivo se cita a los pacientes para realizarles una colonoscopia.<\/p>\n<p><strong>IFCC: 15 a\u00f1os de lucha<\/strong><\/p>\n<p>IFCC celebra este 2015 su 15 aniversario con distintos actos informativos, divulgativos y de apoyo directo a pacientes de c\u00e1ncer en Ibiza y Formentera.<\/p>\n<p>IFCC impulsa cada a\u00f1o campa\u00f1as informativas de difusi\u00f3n para la prevenci\u00f3n del c\u00e1ncer y el fomento de h\u00e1bitos saludables en centros de salud, medios de comunicaci\u00f3n o centros educativos. Asimismo la ONG pitiusa da soporte a aquellas necesidades que puedan tener las personas afectadas por esta enfermedad y sus familias de Ibiza y Formentera. En esta l\u00ednea Helen Watson ha enumerado pr\u00f3tesis como \u201clas pelucas, aparatos ortop\u00e9dicos u otras necesidades que puedan derivar de su enfermedad como servicios, masajes o atenci\u00f3n domiciliaria\u201d.<\/p>\n<p>La donaci\u00f3n de material como este endoscopio al Hospital de Formentera o de diez sillas y cinco televisiones para la Sala de Quimioterapia del Hospital Can Misses, as\u00ed como varios veh\u00edculos para el desplazamiento de los pacientes con esta enfermedad, son otros de los hitos de esta ONG.<\/p>\n","protected":false},"excerpt":{"rendered":"<p>La presidenta y la tesorera de la Asociaci\u00f3n Ibiza y Formentera Contra el C\u00e1ncer, Helen Watson y Berno Kiberd, acompa\u00f1adas por el coordinador del Hospital de Formentera, Antonio Sanz Igual, [&hellip;]<\/p>\n","protected":false},"author":1,"featured_media":22034,"comment_status":"open","ping_status":"closed","sticky":false,"template":"","format":"standard","meta":{"_acf_changed":false,"give_campaign_id":0,"footnotes":""},"categories":[540,1],"tags":[],"class_list":["post-22090","post","type-post","status-publish","format-standard","has-post-thumbnail","hentry","category-blog-2","category-sin-categorizar","entry"],"acf":[],"yoast_head":"<!-- This site is optimized with the Yoast SEO plugin v27.1.1 - https:\/\/yoast.com\/product\/yoast-seo-wordpress\/ -->\n<title>IFCC dona un endoscopio al Hospital de Formentera para evitar a los residentes desplazamientos a Ibiza para colonoscopias - Ibiza y Formentera Contra el C\u00e1ncer<\/title>\n<meta name=\"robots\" content=\"index, follow, max-snippet:-1, max-image-preview:large, max-video-preview:-1\" \/>\n<link rel=\"canonical\" href=\"https:\/\/www.ibizacancer.com\/en\/2016\/06\/ifcc-dona-un-endoscopio-al-hospital-de-formentera-para-evitar-a-los-residentes-desplazamientos-a-ibiza-para-colonoscopias-2\/\" \/>\n<meta property=\"og:locale\" content=\"en_US\" \/>\n<meta property=\"og:type\" content=\"article\" \/>\n<meta property=\"og:title\" content=\"IFCC dona un endoscopio al Hospital de Formentera para evitar a los residentes desplazamientos a Ibiza para colonoscopias - Ibiza y Formentera Contra el C\u00e1ncer\" \/>\n<meta property=\"og:description\" content=\"La presidenta y la tesorera de la Asociaci\u00f3n Ibiza y Formentera Contra el C\u00e1ncer, Helen Watson y Berno Kiberd, acompa\u00f1adas por el coordinador del Hospital de Formentera, Antonio Sanz Igual, [&hellip;]\" \/>\n<meta property=\"og:url\" content=\"https:\/\/www.ibizacancer.com\/en\/2016\/06\/ifcc-dona-un-endoscopio-al-hospital-de-formentera-para-evitar-a-los-residentes-desplazamientos-a-ibiza-para-colonoscopias-2\/\" \/>\n<meta property=\"og:site_name\" content=\"Ibiza y Formentera Contra el C\u00e1ncer\" \/>\n<meta property=\"article:publisher\" content=\"https:\/\/www.facebook.com\/IFCCancer\" \/>\n<meta property=\"article:published_time\" content=\"2016-06-07T05:51:55+00:00\" \/>\n<meta property=\"article:modified_time\" content=\"2024-06-14T09:57:02+00:00\" \/>\n<meta property=\"og:image\" content=\"https:\/\/www.ibizacancer.com\/wp-content\/uploads\/2024\/06\/grande1-jpg.jpg\" \/>\n\t<meta property=\"og:image:width\" content=\"700\" \/>\n\t<meta property=\"og:image:height\" content=\"305\" \/>\n\t<meta property=\"og:image:type\" content=\"image\/jpeg\" \/>\n<meta name=\"author\" content=\"IFCC\" \/>\n<meta name=\"twitter:card\" content=\"summary_large_image\" \/>\n<meta name=\"twitter:label1\" content=\"Written by\" \/>\n\t<meta name=\"twitter:data1\" content=\"IFCC\" \/>\n\t<meta name=\"twitter:label2\" content=\"Est. reading time\" \/>\n\t<meta name=\"twitter:data2\" content=\"4 minutes\" \/>\n<script type=\"application\/ld+json\" class=\"yoast-schema-graph\">{\"@context\":\"https:\/\/schema.org\",\"@graph\":[{\"@type\":\"Article\",\"@id\":\"https:\/\/www.ibizacancer.com\/en\/2016\/06\/ifcc-dona-un-endoscopio-al-hospital-de-formentera-para-evitar-a-los-residentes-desplazamientos-a-ibiza-para-colonoscopias-2\/#article\",\"isPartOf\":{\"@id\":\"https:\/\/www.ibizacancer.com\/en\/2016\/06\/ifcc-dona-un-endoscopio-al-hospital-de-formentera-para-evitar-a-los-residentes-desplazamientos-a-ibiza-para-colonoscopias-2\/\"},\"author\":{\"name\":\"IFCC\",\"@id\":\"https:\/\/www.ibizacancer.com\/en\/#\/schema\/person\/4a32eda3ec27872ff1d22fb74503b4f2\"},\"headline\":\"IFCC dona un endoscopio al Hospital de Formentera para evitar a los residentes desplazamientos a Ibiza para colonoscopias\",\"datePublished\":\"2016-06-07T05:51:55+00:00\",\"dateModified\":\"2024-06-14T09:57:02+00:00\",\"mainEntityOfPage\":{\"@id\":\"https:\/\/www.ibizacancer.com\/en\/2016\/06\/ifcc-dona-un-endoscopio-al-hospital-de-formentera-para-evitar-a-los-residentes-desplazamientos-a-ibiza-para-colonoscopias-2\/\"},\"wordCount\":776,\"commentCount\":0,\"publisher\":{\"@id\":\"https:\/\/www.ibizacancer.com\/en\/#organization\"},\"image\":{\"@id\":\"https:\/\/www.ibizacancer.com\/en\/2016\/06\/ifcc-dona-un-endoscopio-al-hospital-de-formentera-para-evitar-a-los-residentes-desplazamientos-a-ibiza-para-colonoscopias-2\/#primaryimage\"},\"thumbnailUrl\":\"https:\/\/www.ibizacancer.com\/wp-content\/uploads\/2024\/06\/grande1-jpg.jpg\",\"articleSection\":[\"Blog\",\"Sin categorizar\"],\"inLanguage\":\"en-US\",\"potentialAction\":[{\"@type\":\"CommentAction\",\"name\":\"Comment\",\"target\":[\"https:\/\/www.ibizacancer.com\/en\/2016\/06\/ifcc-dona-un-endoscopio-al-hospital-de-formentera-para-evitar-a-los-residentes-desplazamientos-a-ibiza-para-colonoscopias-2\/#respond\"]}]},{\"@type\":\"WebPage\",\"@id\":\"https:\/\/www.ibizacancer.com\/en\/2016\/06\/ifcc-dona-un-endoscopio-al-hospital-de-formentera-para-evitar-a-los-residentes-desplazamientos-a-ibiza-para-colonoscopias-2\/\",\"url\":\"https:\/\/www.ibizacancer.com\/en\/2016\/06\/ifcc-dona-un-endoscopio-al-hospital-de-formentera-para-evitar-a-los-residentes-desplazamientos-a-ibiza-para-colonoscopias-2\/\",\"name\":\"IFCC dona un endoscopio al Hospital de Formentera para evitar a los residentes desplazamientos a Ibiza para colonoscopias - Ibiza y Formentera Contra el C\u00e1ncer\",\"isPartOf\":{\"@id\":\"https:\/\/www.ibizacancer.com\/en\/#website\"},\"primaryImageOfPage\":{\"@id\":\"https:\/\/www.ibizacancer.com\/en\/2016\/06\/ifcc-dona-un-endoscopio-al-hospital-de-formentera-para-evitar-a-los-residentes-desplazamientos-a-ibiza-para-colonoscopias-2\/#primaryimage\"},\"image\":{\"@id\":\"https:\/\/www.ibizacancer.com\/en\/2016\/06\/ifcc-dona-un-endoscopio-al-hospital-de-formentera-para-evitar-a-los-residentes-desplazamientos-a-ibiza-para-colonoscopias-2\/#primaryimage\"},\"thumbnailUrl\":\"https:\/\/www.ibizacancer.com\/wp-content\/uploads\/2024\/06\/grande1-jpg.jpg\",\"datePublished\":\"2016-06-07T05:51:55+00:00\",\"dateModified\":\"2024-06-14T09:57:02+00:00\",\"inLanguage\":\"en-US\",\"potentialAction\":[{\"@type\":\"ReadAction\",\"target\":[\"https:\/\/www.ibizacancer.com\/en\/2016\/06\/ifcc-dona-un-endoscopio-al-hospital-de-formentera-para-evitar-a-los-residentes-desplazamientos-a-ibiza-para-colonoscopias-2\/\"]}]},{\"@type\":\"ImageObject\",\"inLanguage\":\"en-US\",\"@id\":\"https:\/\/www.ibizacancer.com\/en\/2016\/06\/ifcc-dona-un-endoscopio-al-hospital-de-formentera-para-evitar-a-los-residentes-desplazamientos-a-ibiza-para-colonoscopias-2\/#primaryimage\",\"url\":\"https:\/\/www.ibizacancer.com\/wp-content\/uploads\/2024\/06\/grande1-jpg.jpg\",\"contentUrl\":\"https:\/\/www.ibizacancer.com\/wp-content\/uploads\/2024\/06\/grande1-jpg.jpg\",\"width\":700,\"height\":305},{\"@type\":\"WebSite\",\"@id\":\"https:\/\/www.ibizacancer.com\/en\/#website\",\"url\":\"https:\/\/www.ibizacancer.com\/en\/\",\"name\":\"Ibiza y Formentera Contra el C\u00e1ncer\",\"description\":\"Ibiza y Formentera contra el C\u00e1ncer es una organizaci\u00f3n no gubernamental y sin \u00e1nimo de lucro dirigida a la lucha contra esta enfermedad en las Pitiusas.\",\"publisher\":{\"@id\":\"https:\/\/www.ibizacancer.com\/en\/#organization\"},\"potentialAction\":[{\"@type\":\"SearchAction\",\"target\":{\"@type\":\"EntryPoint\",\"urlTemplate\":\"https:\/\/www.ibizacancer.com\/en\/?s={search_term_string}\"},\"query-input\":{\"@type\":\"PropertyValueSpecification\",\"valueRequired\":true,\"valueName\":\"search_term_string\"}}],\"inLanguage\":\"en-US\"},{\"@type\":\"Organization\",\"@id\":\"https:\/\/www.ibizacancer.com\/en\/#organization\",\"name\":\"Ibiza y Formentera Contra el C\u00e1ncer\",\"url\":\"https:\/\/www.ibizacancer.com\/en\/\",\"logo\":{\"@type\":\"ImageObject\",\"inLanguage\":\"en-US\",\"@id\":\"https:\/\/www.ibizacancer.com\/en\/#\/schema\/logo\/image\/\",\"url\":\"https:\/\/www.ibizacancer.com\/wp-content\/uploads\/2020\/08\/ifcc-logo-web.png\",\"contentUrl\":\"https:\/\/www.ibizacancer.com\/wp-content\/uploads\/2020\/08\/ifcc-logo-web.png\",\"width\":200,\"height\":73,\"caption\":\"Ibiza y Formentera Contra el C\u00e1ncer\"},\"image\":{\"@id\":\"https:\/\/www.ibizacancer.com\/en\/#\/schema\/logo\/image\/\"},\"sameAs\":[\"https:\/\/www.facebook.com\/IFCCancer\"]},{\"@type\":\"Person\",\"@id\":\"https:\/\/www.ibizacancer.com\/en\/#\/schema\/person\/4a32eda3ec27872ff1d22fb74503b4f2\",\"name\":\"IFCC\",\"image\":{\"@type\":\"ImageObject\",\"inLanguage\":\"en-US\",\"@id\":\"https:\/\/www.ibizacancer.com\/en\/#\/schema\/person\/image\/\",\"url\":\"https:\/\/secure.gravatar.com\/avatar\/33cf8cba6efee2cb7a070c8cef186bfe8924ee65c94c506f4742e6653ba357e6?s=96&d=mm&r=g\",\"contentUrl\":\"https:\/\/secure.gravatar.com\/avatar\/33cf8cba6efee2cb7a070c8cef186bfe8924ee65c94c506f4742e6653ba357e6?s=96&d=mm&r=g\",\"caption\":\"IFCC\"},\"sameAs\":[\"https:\/\/www.ibizacancer.com\"]}]}<\/script>\n<!-- \/ Yoast SEO plugin. -->","yoast_head_json":{"title":"IFCC dona un endoscopio al Hospital de Formentera para evitar a los residentes desplazamientos a Ibiza para colonoscopias - Ibiza y Formentera Contra el C\u00e1ncer","robots":{"index":"index","follow":"follow","max-snippet":"max-snippet:-1","max-image-preview":"max-image-preview:large","max-video-preview":"max-video-preview:-1"},"canonical":"https:\/\/www.ibizacancer.com\/en\/2016\/06\/ifcc-dona-un-endoscopio-al-hospital-de-formentera-para-evitar-a-los-residentes-desplazamientos-a-ibiza-para-colonoscopias-2\/","og_locale":"en_US","og_type":"article","og_title":"IFCC dona un endoscopio al Hospital de Formentera para evitar a los residentes desplazamientos a Ibiza para colonoscopias - Ibiza y Formentera Contra el C\u00e1ncer","og_description":"La presidenta y la tesorera de la Asociaci\u00f3n Ibiza y Formentera Contra el C\u00e1ncer, Helen Watson y Berno Kiberd, acompa\u00f1adas por el coordinador del Hospital de Formentera, Antonio Sanz Igual, [&hellip;]","og_url":"https:\/\/www.ibizacancer.com\/en\/2016\/06\/ifcc-dona-un-endoscopio-al-hospital-de-formentera-para-evitar-a-los-residentes-desplazamientos-a-ibiza-para-colonoscopias-2\/","og_site_name":"Ibiza y Formentera Contra el C\u00e1ncer","article_publisher":"https:\/\/www.facebook.com\/IFCCancer","article_published_time":"2016-06-07T05:51:55+00:00","article_modified_time":"2024-06-14T09:57:02+00:00","og_image":[{"width":700,"height":305,"url":"https:\/\/www.ibizacancer.com\/wp-content\/uploads\/2024\/06\/grande1-jpg.jpg","type":"image\/jpeg"}],"author":"IFCC","twitter_card":"summary_large_image","twitter_misc":{"Written by":"IFCC","Est. reading time":"4 minutes"},"schema":{"@context":"https:\/\/schema.org","@graph":[{"@type":"Article","@id":"https:\/\/www.ibizacancer.com\/en\/2016\/06\/ifcc-dona-un-endoscopio-al-hospital-de-formentera-para-evitar-a-los-residentes-desplazamientos-a-ibiza-para-colonoscopias-2\/#article","isPartOf":{"@id":"https:\/\/www.ibizacancer.com\/en\/2016\/06\/ifcc-dona-un-endoscopio-al-hospital-de-formentera-para-evitar-a-los-residentes-desplazamientos-a-ibiza-para-colonoscopias-2\/"},"author":{"name":"IFCC","@id":"https:\/\/www.ibizacancer.com\/en\/#\/schema\/person\/4a32eda3ec27872ff1d22fb74503b4f2"},"headline":"IFCC dona un endoscopio al Hospital de Formentera para evitar a los residentes desplazamientos a Ibiza para colonoscopias","datePublished":"2016-06-07T05:51:55+00:00","dateModified":"2024-06-14T09:57:02+00:00","mainEntityOfPage":{"@id":"https:\/\/www.ibizacancer.com\/en\/2016\/06\/ifcc-dona-un-endoscopio-al-hospital-de-formentera-para-evitar-a-los-residentes-desplazamientos-a-ibiza-para-colonoscopias-2\/"},"wordCount":776,"commentCount":0,"publisher":{"@id":"https:\/\/www.ibizacancer.com\/en\/#organization"},"image":{"@id":"https:\/\/www.ibizacancer.com\/en\/2016\/06\/ifcc-dona-un-endoscopio-al-hospital-de-formentera-para-evitar-a-los-residentes-desplazamientos-a-ibiza-para-colonoscopias-2\/#primaryimage"},"thumbnailUrl":"https:\/\/www.ibizacancer.com\/wp-content\/uploads\/2024\/06\/grande1-jpg.jpg","articleSection":["Blog","Sin categorizar"],"inLanguage":"en-US","potentialAction":[{"@type":"CommentAction","name":"Comment","target":["https:\/\/www.ibizacancer.com\/en\/2016\/06\/ifcc-dona-un-endoscopio-al-hospital-de-formentera-para-evitar-a-los-residentes-desplazamientos-a-ibiza-para-colonoscopias-2\/#respond"]}]},{"@type":"WebPage","@id":"https:\/\/www.ibizacancer.com\/en\/2016\/06\/ifcc-dona-un-endoscopio-al-hospital-de-formentera-para-evitar-a-los-residentes-desplazamientos-a-ibiza-para-colonoscopias-2\/","url":"https:\/\/www.ibizacancer.com\/en\/2016\/06\/ifcc-dona-un-endoscopio-al-hospital-de-formentera-para-evitar-a-los-residentes-desplazamientos-a-ibiza-para-colonoscopias-2\/","name":"IFCC dona un endoscopio al Hospital de Formentera para evitar a los residentes desplazamientos a Ibiza para colonoscopias - Ibiza y Formentera Contra el C\u00e1ncer","isPartOf":{"@id":"https:\/\/www.ibizacancer.com\/en\/#website"},"primaryImageOfPage":{"@id":"https:\/\/www.ibizacancer.com\/en\/2016\/06\/ifcc-dona-un-endoscopio-al-hospital-de-formentera-para-evitar-a-los-residentes-desplazamientos-a-ibiza-para-colonoscopias-2\/#primaryimage"},"image":{"@id":"https:\/\/www.ibizacancer.com\/en\/2016\/06\/ifcc-dona-un-endoscopio-al-hospital-de-formentera-para-evitar-a-los-residentes-desplazamientos-a-ibiza-para-colonoscopias-2\/#primaryimage"},"thumbnailUrl":"https:\/\/www.ibizacancer.com\/wp-content\/uploads\/2024\/06\/grande1-jpg.jpg","datePublished":"2016-06-07T05:51:55+00:00","dateModified":"2024-06-14T09:57:02+00:00","inLanguage":"en-US","potentialAction":[{"@type":"ReadAction","target":["https:\/\/www.ibizacancer.com\/en\/2016\/06\/ifcc-dona-un-endoscopio-al-hospital-de-formentera-para-evitar-a-los-residentes-desplazamientos-a-ibiza-para-colonoscopias-2\/"]}]},{"@type":"ImageObject","inLanguage":"en-US","@id":"https:\/\/www.ibizacancer.com\/en\/2016\/06\/ifcc-dona-un-endoscopio-al-hospital-de-formentera-para-evitar-a-los-residentes-desplazamientos-a-ibiza-para-colonoscopias-2\/#primaryimage","url":"https:\/\/www.ibizacancer.com\/wp-content\/uploads\/2024\/06\/grande1-jpg.jpg","contentUrl":"https:\/\/www.ibizacancer.com\/wp-content\/uploads\/2024\/06\/grande1-jpg.jpg","width":700,"height":305},{"@type":"WebSite","@id":"https:\/\/www.ibizacancer.com\/en\/#website","url":"https:\/\/www.ibizacancer.com\/en\/","name":"Ibiza y Formentera Contra el C\u00e1ncer","description":"Ibiza y Formentera contra el C\u00e1ncer es una organizaci\u00f3n no gubernamental y sin \u00e1nimo de lucro dirigida a la lucha contra esta enfermedad en las Pitiusas.","publisher":{"@id":"https:\/\/www.ibizacancer.com\/en\/#organization"},"potentialAction":[{"@type":"SearchAction","target":{"@type":"EntryPoint","urlTemplate":"https:\/\/www.ibizacancer.com\/en\/?s={search_term_string}"},"query-input":{"@type":"PropertyValueSpecification","valueRequired":true,"valueName":"search_term_string"}}],"inLanguage":"en-US"},{"@type":"Organization","@id":"https:\/\/www.ibizacancer.com\/en\/#organization","name":"Ibiza y Formentera Contra el C\u00e1ncer","url":"https:\/\/www.ibizacancer.com\/en\/","logo":{"@type":"ImageObject","inLanguage":"en-US","@id":"https:\/\/www.ibizacancer.com\/en\/#\/schema\/logo\/image\/","url":"https:\/\/www.ibizacancer.com\/wp-content\/uploads\/2020\/08\/ifcc-logo-web.png","contentUrl":"https:\/\/www.ibizacancer.com\/wp-content\/uploads\/2020\/08\/ifcc-logo-web.png","width":200,"height":73,"caption":"Ibiza y Formentera Contra el C\u00e1ncer"},"image":{"@id":"https:\/\/www.ibizacancer.com\/en\/#\/schema\/logo\/image\/"},"sameAs":["https:\/\/www.facebook.com\/IFCCancer"]},{"@type":"Person","@id":"https:\/\/www.ibizacancer.com\/en\/#\/schema\/person\/4a32eda3ec27872ff1d22fb74503b4f2","name":"IFCC","image":{"@type":"ImageObject","inLanguage":"en-US","@id":"https:\/\/www.ibizacancer.com\/en\/#\/schema\/person\/image\/","url":"https:\/\/secure.gravatar.com\/avatar\/33cf8cba6efee2cb7a070c8cef186bfe8924ee65c94c506f4742e6653ba357e6?s=96&d=mm&r=g","contentUrl":"https:\/\/secure.gravatar.com\/avatar\/33cf8cba6efee2cb7a070c8cef186bfe8924ee65c94c506f4742e6653ba357e6?s=96&d=mm&r=g","caption":"IFCC"},"sameAs":["https:\/\/www.ibizacancer.com"]}]}},"_links":{"self":[{"href":"https:\/\/www.ibizacancer.com\/en\/wp-json\/wp\/v2\/posts\/22090","targetHints":{"allow":["GET"]}}],"collection":[{"href":"https:\/\/www.ibizacancer.com\/en\/wp-json\/wp\/v2\/posts"}],"about":[{"href":"https:\/\/www.ibizacancer.com\/en\/wp-json\/wp\/v2\/types\/post"}],"author":[{"embeddable":true,"href":"https:\/\/www.ibizacancer.com\/en\/wp-json\/wp\/v2\/users\/1"}],"replies":[{"embeddable":true,"href":"https:\/\/www.ibizacancer.com\/en\/wp-json\/wp\/v2\/comments?post=22090"}],"version-history":[{"count":0,"href":"https:\/\/www.ibizacancer.com\/en\/wp-json\/wp\/v2\/posts\/22090\/revisions"}],"wp:featuredmedia":[{"embeddable":true,"href":"https:\/\/www.ibizacancer.com\/en\/wp-json\/wp\/v2\/media\/22034"}],"wp:attachment":[{"href":"https:\/\/www.ibizacancer.com\/en\/wp-json\/wp\/v2\/media?parent=22090"}],"wp:term":[{"taxonomy":"category","embeddable":true,"href":"https:\/\/www.ibizacancer.com\/en\/wp-json\/wp\/v2\/categories?post=22090"},{"taxonomy":"post_tag","embeddable":true,"href":"https:\/\/www.ibizacancer.com\/en\/wp-json\/wp\/v2\/tags?post=22090"}],"curies":[{"name":"wp","href":"https:\/\/api.w.org\/{rel}","templated":true}]}}