{"id":22094,"date":"2016-05-30T07:49:58","date_gmt":"2016-05-30T05:49:58","guid":{"rendered":"https:\/\/www.ibizacancer.com\/ifcc-celebra-su-15-aniversario-con-un-tapiz-expuesto-en-can-misses-en-homenaje-a-los-enfermos-de-cancer-2\/"},"modified":"2024-06-14T11:57:01","modified_gmt":"2024-06-14T09:57:01","slug":"ifcc-celebra-su-15-aniversario-con-un-tapiz-expuesto-en-can-misses-en-homenaje-a-los-enfermos-de-cancer-2","status":"publish","type":"post","link":"https:\/\/www.ibizacancer.com\/en\/2016\/05\/ifcc-celebra-su-15-aniversario-con-un-tapiz-expuesto-en-can-misses-en-homenaje-a-los-enfermos-de-cancer-2\/","title":{"rendered":"IFCC celebra su 15 aniversario con un tapiz expuesto en Can Misses en homenaje a los enfermos de c\u00e1ncer"},"content":{"rendered":"<div class=\"carrusel-interior\">\n<div id=\"imgCarruserlInt1\" class=\"img-carrusel-interior\">\n<div class=\"pie-foto-detalle\">La Asociaci\u00f3n Ibiza y Formentera Contra el C\u00e1ncer contin\u00faa con los actos enmarcados en su 15 aniversario con la presentaci\u00f3n esta ma\u00f1ana en el Hospital de Can Misses del tapiz que han confeccionado durante un a\u00f1o sus voluntarios y que rinde un homenaje a las personas que est\u00e1n luchando contra esta enfermedad, as\u00ed como a las v\u00edctimas de la misma. En el marco de este acto se ha visitado, adem\u00e1s, la sala de quimioterapia del centro, que cuenta con diez nuevos sillones reclinables para los pacientes que reciben este tratamiento y cinco televisiones con auriculares incorporados para ver distintos programas o escuchar la radio. Gracias a esta aportaci\u00f3n a \u00a0d\u00eda de hoy Can Misses cuenta con un total de 34 sillones, 26 m\u00e1s que en el antiguo Hospital. \u00a0La presidenta de IFCC, Helen Watson, entidad que ha sufragado los 22.000 euros de coste de este material,\u00a0 gracias a parte de los fondos que recauda cada a\u00f1o, ha asegurado que \u201cpuede parecer una nimiedad pero la comodidad es muy importante cuando recibes un tratamiento de hasta seis horas\u201d.<\/div>\n<\/div>\n<\/div>\n<div class=\"intro-noticia-detalle\">\n<p>En el marco de la presentaci\u00f3n del tapiz de cuadrados \u2018patchwork\u2019, Watson ha matizado que \u201cse trata de una muestra de apoyo a todas las persona que sufren c\u00e1ncer, a sus familiares y amigos\u201d. El tapiz est\u00e1 colgado en la entrada principal del hospital Can Misses \u201cpara que lo vea todo el mundo que pase por all\u00ed\u201d, ha agregado Watson.<\/p>\n<p>Este mural de tela, bordado a mano, representa una escena del puerto y de D\u2019alt Vila, creado por Gerry Clarke, artista de la isla, y est\u00e1 compuesto por 88 cuadrados interconectando. \u201cUna vez al a\u00f1o, en el D\u00eda Mundial del C\u00e1ncer, se bajar\u00e1 el tapiz para que quienes lo deseen puedan poner su nombre o el de un ser querido en el material del borde del reverso\u201d, ha afirmado la presidenta de Ibiza y Formentera Contra el C\u00e1ncer.<\/p>\n<p>Seg\u00fan concreta Helen Watson \u201choy en d\u00eda, muchas asociaciones ben\u00e9ficas en Europa prestan sus habilidades, tiempo y energ\u00eda para hacer este tipo de colchas, que data del S. XI y que guardan la memoria de las personas, adem\u00e1s de concienciar sobre este tipo de enfermedades\u201d.<\/p>\n<p>\u201cQueremos dar las gracias a Barbara Gregory, Leona Douglas, Linda Vernon, Juidth Mawdsley, Pam Sharpe, Jill Hamlin, Julia Wilson y al resto de voluntarios que han creado este dibujo final tan importante y significativo\u201d, ha concretado Helen Watson.<\/p>\n<p>El director del \u00c1rea de Salud de Eivissa y Formentera, el doctor Josep Balanzat, quien ha estado presente en el acto, ha agradecido la colaboraci\u00f3n de IFCC con el Hospital. Una Asociaci\u00f3n muy activa en las islas \u201cque ha contribuido de forma destacada con diferentes donaciones y actividades de concienciaci\u00f3n\u201d, ha matizado. A la conclusi\u00f3n de esta visita IFCC y el director del \u00c1rea de Salud han repartido reproducciones del tapiz.<\/p>\n<p>&nbsp;<\/p>\n<p><strong>IFCC: 15 a\u00f1os de lucha<\/strong><\/p>\n<p>Durante su trayectoria IFCC ha impulsado varios proyectos como la implantaci\u00f3n en Ibiza del cribado para el diagn\u00f3stico precoz del c\u00e1ncer de colon, que comenz\u00f3 en Sant Antoni y Sant Josep con intenci\u00f3n de extenderse a toda la isla y a Formentera. Watson subraya que \u201cantes de que el IbSalut pudiera incorporarlo, como un servicio m\u00e1s de la Seguridad Social, nosotros ya plane\u00e1bamos costear estas pruebas para toda la poblaci\u00f3n de riesgo\u201d. Otro de sus grandes hitos ha sido dotar del equipamiento para hacer colonoscopias al Hospital de Formentera adem\u00e1s de aportar un nuevo veh\u00edculo para la Unidad de Atenci\u00f3n Domiciliaria.<\/p>\n<p>IFCC impulsa cada a\u00f1o campa\u00f1as informativas de difusi\u00f3n para la prevenci\u00f3n del c\u00e1ncer y el fomento de h\u00e1bitos saludables en centros de salud, medios de comunicaci\u00f3n o centros educativos. Asimismo sufraga los costes de los tratamientos de pacientes que no cubre la Seguridad Social, desplazamientos y \u201caquellas necesidades que puedan tener las personas afectadas por esta enfermedad y sus familias de Ibiza y Formentera\u201d, concluye.<\/p>\n<\/div>\n","protected":false},"excerpt":{"rendered":"<p>La Asociaci\u00f3n Ibiza y Formentera Contra el C\u00e1ncer contin\u00faa con los actos enmarcados en su 15 aniversario con la presentaci\u00f3n esta ma\u00f1ana en el Hospital de Can Misses del tapiz [&hellip;]<\/p>\n","protected":false},"author":1,"featured_media":22028,"comment_status":"open","ping_status":"closed","sticky":false,"template":"","format":"standard","meta":{"_acf_changed":false,"give_campaign_id":0,"footnotes":""},"categories":[540,1],"tags":[],"class_list":["post-22094","post","type-post","status-publish","format-standard","has-post-thumbnail","hentry","category-blog-2","category-sin-categorizar","entry"],"acf":[],"yoast_head":"<!-- This site is optimized with the Yoast SEO plugin v27.1.1 - https:\/\/yoast.com\/product\/yoast-seo-wordpress\/ -->\n<title>IFCC celebra su 15 aniversario con un tapiz expuesto en Can Misses en homenaje a los enfermos de c\u00e1ncer - Ibiza y Formentera Contra el C\u00e1ncer<\/title>\n<meta name=\"robots\" content=\"index, follow, max-snippet:-1, max-image-preview:large, max-video-preview:-1\" \/>\n<link rel=\"canonical\" href=\"https:\/\/www.ibizacancer.com\/en\/2016\/05\/ifcc-celebra-su-15-aniversario-con-un-tapiz-expuesto-en-can-misses-en-homenaje-a-los-enfermos-de-cancer-2\/\" \/>\n<meta property=\"og:locale\" content=\"en_US\" \/>\n<meta property=\"og:type\" content=\"article\" \/>\n<meta property=\"og:title\" content=\"IFCC celebra su 15 aniversario con un tapiz expuesto en Can Misses en homenaje a los enfermos de c\u00e1ncer - Ibiza y Formentera Contra el C\u00e1ncer\" \/>\n<meta property=\"og:description\" content=\"La Asociaci\u00f3n Ibiza y Formentera Contra el C\u00e1ncer contin\u00faa con los actos enmarcados en su 15 aniversario con la presentaci\u00f3n esta ma\u00f1ana en el Hospital de Can Misses del tapiz [&hellip;]\" \/>\n<meta property=\"og:url\" content=\"https:\/\/www.ibizacancer.com\/en\/2016\/05\/ifcc-celebra-su-15-aniversario-con-un-tapiz-expuesto-en-can-misses-en-homenaje-a-los-enfermos-de-cancer-2\/\" \/>\n<meta property=\"og:site_name\" content=\"Ibiza y Formentera Contra el C\u00e1ncer\" \/>\n<meta property=\"article:publisher\" content=\"https:\/\/www.facebook.com\/IFCCancer\" \/>\n<meta property=\"article:published_time\" content=\"2016-05-30T05:49:58+00:00\" \/>\n<meta property=\"article:modified_time\" content=\"2024-06-14T09:57:01+00:00\" \/>\n<meta property=\"og:image\" content=\"https:\/\/www.ibizacancer.com\/wp-content\/uploads\/2024\/06\/grande-jpg-6.jpg\" \/>\n\t<meta property=\"og:image:width\" content=\"700\" \/>\n\t<meta property=\"og:image:height\" content=\"305\" \/>\n\t<meta property=\"og:image:type\" content=\"image\/jpeg\" \/>\n<meta name=\"author\" content=\"IFCC\" \/>\n<meta name=\"twitter:card\" content=\"summary_large_image\" \/>\n<meta name=\"twitter:label1\" content=\"Written by\" \/>\n\t<meta name=\"twitter:data1\" content=\"IFCC\" \/>\n\t<meta name=\"twitter:label2\" content=\"Est. reading time\" \/>\n\t<meta name=\"twitter:data2\" content=\"3 minutes\" \/>\n<script type=\"application\/ld+json\" class=\"yoast-schema-graph\">{\"@context\":\"https:\/\/schema.org\",\"@graph\":[{\"@type\":\"Article\",\"@id\":\"https:\/\/www.ibizacancer.com\/en\/2016\/05\/ifcc-celebra-su-15-aniversario-con-un-tapiz-expuesto-en-can-misses-en-homenaje-a-los-enfermos-de-cancer-2\/#article\",\"isPartOf\":{\"@id\":\"https:\/\/www.ibizacancer.com\/en\/2016\/05\/ifcc-celebra-su-15-aniversario-con-un-tapiz-expuesto-en-can-misses-en-homenaje-a-los-enfermos-de-cancer-2\/\"},\"author\":{\"name\":\"IFCC\",\"@id\":\"https:\/\/www.ibizacancer.com\/en\/#\/schema\/person\/4a32eda3ec27872ff1d22fb74503b4f2\"},\"headline\":\"IFCC celebra su 15 aniversario con un tapiz expuesto en Can Misses en homenaje a los enfermos de c\u00e1ncer\",\"datePublished\":\"2016-05-30T05:49:58+00:00\",\"dateModified\":\"2024-06-14T09:57:01+00:00\",\"mainEntityOfPage\":{\"@id\":\"https:\/\/www.ibizacancer.com\/en\/2016\/05\/ifcc-celebra-su-15-aniversario-con-un-tapiz-expuesto-en-can-misses-en-homenaje-a-los-enfermos-de-cancer-2\/\"},\"wordCount\":701,\"commentCount\":0,\"publisher\":{\"@id\":\"https:\/\/www.ibizacancer.com\/en\/#organization\"},\"image\":{\"@id\":\"https:\/\/www.ibizacancer.com\/en\/2016\/05\/ifcc-celebra-su-15-aniversario-con-un-tapiz-expuesto-en-can-misses-en-homenaje-a-los-enfermos-de-cancer-2\/#primaryimage\"},\"thumbnailUrl\":\"https:\/\/www.ibizacancer.com\/wp-content\/uploads\/2024\/06\/grande-jpg-6.jpg\",\"articleSection\":[\"Blog\",\"Sin categorizar\"],\"inLanguage\":\"en-US\",\"potentialAction\":[{\"@type\":\"CommentAction\",\"name\":\"Comment\",\"target\":[\"https:\/\/www.ibizacancer.com\/en\/2016\/05\/ifcc-celebra-su-15-aniversario-con-un-tapiz-expuesto-en-can-misses-en-homenaje-a-los-enfermos-de-cancer-2\/#respond\"]}]},{\"@type\":\"WebPage\",\"@id\":\"https:\/\/www.ibizacancer.com\/en\/2016\/05\/ifcc-celebra-su-15-aniversario-con-un-tapiz-expuesto-en-can-misses-en-homenaje-a-los-enfermos-de-cancer-2\/\",\"url\":\"https:\/\/www.ibizacancer.com\/en\/2016\/05\/ifcc-celebra-su-15-aniversario-con-un-tapiz-expuesto-en-can-misses-en-homenaje-a-los-enfermos-de-cancer-2\/\",\"name\":\"IFCC celebra su 15 aniversario con un tapiz expuesto en Can Misses en homenaje a los enfermos de c\u00e1ncer - Ibiza y Formentera Contra el C\u00e1ncer\",\"isPartOf\":{\"@id\":\"https:\/\/www.ibizacancer.com\/en\/#website\"},\"primaryImageOfPage\":{\"@id\":\"https:\/\/www.ibizacancer.com\/en\/2016\/05\/ifcc-celebra-su-15-aniversario-con-un-tapiz-expuesto-en-can-misses-en-homenaje-a-los-enfermos-de-cancer-2\/#primaryimage\"},\"image\":{\"@id\":\"https:\/\/www.ibizacancer.com\/en\/2016\/05\/ifcc-celebra-su-15-aniversario-con-un-tapiz-expuesto-en-can-misses-en-homenaje-a-los-enfermos-de-cancer-2\/#primaryimage\"},\"thumbnailUrl\":\"https:\/\/www.ibizacancer.com\/wp-content\/uploads\/2024\/06\/grande-jpg-6.jpg\",\"datePublished\":\"2016-05-30T05:49:58+00:00\",\"dateModified\":\"2024-06-14T09:57:01+00:00\",\"inLanguage\":\"en-US\",\"potentialAction\":[{\"@type\":\"ReadAction\",\"target\":[\"https:\/\/www.ibizacancer.com\/en\/2016\/05\/ifcc-celebra-su-15-aniversario-con-un-tapiz-expuesto-en-can-misses-en-homenaje-a-los-enfermos-de-cancer-2\/\"]}]},{\"@type\":\"ImageObject\",\"inLanguage\":\"en-US\",\"@id\":\"https:\/\/www.ibizacancer.com\/en\/2016\/05\/ifcc-celebra-su-15-aniversario-con-un-tapiz-expuesto-en-can-misses-en-homenaje-a-los-enfermos-de-cancer-2\/#primaryimage\",\"url\":\"https:\/\/www.ibizacancer.com\/wp-content\/uploads\/2024\/06\/grande-jpg-6.jpg\",\"contentUrl\":\"https:\/\/www.ibizacancer.com\/wp-content\/uploads\/2024\/06\/grande-jpg-6.jpg\",\"width\":700,\"height\":305},{\"@type\":\"WebSite\",\"@id\":\"https:\/\/www.ibizacancer.com\/en\/#website\",\"url\":\"https:\/\/www.ibizacancer.com\/en\/\",\"name\":\"Ibiza y Formentera Contra el C\u00e1ncer\",\"description\":\"Ibiza y Formentera contra el C\u00e1ncer es una organizaci\u00f3n no gubernamental y sin \u00e1nimo de lucro dirigida a la lucha contra esta enfermedad en las Pitiusas.\",\"publisher\":{\"@id\":\"https:\/\/www.ibizacancer.com\/en\/#organization\"},\"potentialAction\":[{\"@type\":\"SearchAction\",\"target\":{\"@type\":\"EntryPoint\",\"urlTemplate\":\"https:\/\/www.ibizacancer.com\/en\/?s={search_term_string}\"},\"query-input\":{\"@type\":\"PropertyValueSpecification\",\"valueRequired\":true,\"valueName\":\"search_term_string\"}}],\"inLanguage\":\"en-US\"},{\"@type\":\"Organization\",\"@id\":\"https:\/\/www.ibizacancer.com\/en\/#organization\",\"name\":\"Ibiza y Formentera Contra el C\u00e1ncer\",\"url\":\"https:\/\/www.ibizacancer.com\/en\/\",\"logo\":{\"@type\":\"ImageObject\",\"inLanguage\":\"en-US\",\"@id\":\"https:\/\/www.ibizacancer.com\/en\/#\/schema\/logo\/image\/\",\"url\":\"https:\/\/www.ibizacancer.com\/wp-content\/uploads\/2020\/08\/ifcc-logo-web.png\",\"contentUrl\":\"https:\/\/www.ibizacancer.com\/wp-content\/uploads\/2020\/08\/ifcc-logo-web.png\",\"width\":200,\"height\":73,\"caption\":\"Ibiza y Formentera Contra el C\u00e1ncer\"},\"image\":{\"@id\":\"https:\/\/www.ibizacancer.com\/en\/#\/schema\/logo\/image\/\"},\"sameAs\":[\"https:\/\/www.facebook.com\/IFCCancer\"]},{\"@type\":\"Person\",\"@id\":\"https:\/\/www.ibizacancer.com\/en\/#\/schema\/person\/4a32eda3ec27872ff1d22fb74503b4f2\",\"name\":\"IFCC\",\"image\":{\"@type\":\"ImageObject\",\"inLanguage\":\"en-US\",\"@id\":\"https:\/\/www.ibizacancer.com\/en\/#\/schema\/person\/image\/\",\"url\":\"https:\/\/secure.gravatar.com\/avatar\/33cf8cba6efee2cb7a070c8cef186bfe8924ee65c94c506f4742e6653ba357e6?s=96&d=mm&r=g\",\"contentUrl\":\"https:\/\/secure.gravatar.com\/avatar\/33cf8cba6efee2cb7a070c8cef186bfe8924ee65c94c506f4742e6653ba357e6?s=96&d=mm&r=g\",\"caption\":\"IFCC\"},\"sameAs\":[\"https:\/\/www.ibizacancer.com\"]}]}<\/script>\n<!-- \/ Yoast SEO plugin. -->","yoast_head_json":{"title":"IFCC celebra su 15 aniversario con un tapiz expuesto en Can Misses en homenaje a los enfermos de c\u00e1ncer - Ibiza y Formentera Contra el C\u00e1ncer","robots":{"index":"index","follow":"follow","max-snippet":"max-snippet:-1","max-image-preview":"max-image-preview:large","max-video-preview":"max-video-preview:-1"},"canonical":"https:\/\/www.ibizacancer.com\/en\/2016\/05\/ifcc-celebra-su-15-aniversario-con-un-tapiz-expuesto-en-can-misses-en-homenaje-a-los-enfermos-de-cancer-2\/","og_locale":"en_US","og_type":"article","og_title":"IFCC celebra su 15 aniversario con un tapiz expuesto en Can Misses en homenaje a los enfermos de c\u00e1ncer - Ibiza y Formentera Contra el C\u00e1ncer","og_description":"La Asociaci\u00f3n Ibiza y Formentera Contra el C\u00e1ncer contin\u00faa con los actos enmarcados en su 15 aniversario con la presentaci\u00f3n esta ma\u00f1ana en el Hospital de Can Misses del tapiz [&hellip;]","og_url":"https:\/\/www.ibizacancer.com\/en\/2016\/05\/ifcc-celebra-su-15-aniversario-con-un-tapiz-expuesto-en-can-misses-en-homenaje-a-los-enfermos-de-cancer-2\/","og_site_name":"Ibiza y Formentera Contra el C\u00e1ncer","article_publisher":"https:\/\/www.facebook.com\/IFCCancer","article_published_time":"2016-05-30T05:49:58+00:00","article_modified_time":"2024-06-14T09:57:01+00:00","og_image":[{"width":700,"height":305,"url":"https:\/\/www.ibizacancer.com\/wp-content\/uploads\/2024\/06\/grande-jpg-6.jpg","type":"image\/jpeg"}],"author":"IFCC","twitter_card":"summary_large_image","twitter_misc":{"Written by":"IFCC","Est. reading time":"3 minutes"},"schema":{"@context":"https:\/\/schema.org","@graph":[{"@type":"Article","@id":"https:\/\/www.ibizacancer.com\/en\/2016\/05\/ifcc-celebra-su-15-aniversario-con-un-tapiz-expuesto-en-can-misses-en-homenaje-a-los-enfermos-de-cancer-2\/#article","isPartOf":{"@id":"https:\/\/www.ibizacancer.com\/en\/2016\/05\/ifcc-celebra-su-15-aniversario-con-un-tapiz-expuesto-en-can-misses-en-homenaje-a-los-enfermos-de-cancer-2\/"},"author":{"name":"IFCC","@id":"https:\/\/www.ibizacancer.com\/en\/#\/schema\/person\/4a32eda3ec27872ff1d22fb74503b4f2"},"headline":"IFCC celebra su 15 aniversario con un tapiz expuesto en Can Misses en homenaje a los enfermos de c\u00e1ncer","datePublished":"2016-05-30T05:49:58+00:00","dateModified":"2024-06-14T09:57:01+00:00","mainEntityOfPage":{"@id":"https:\/\/www.ibizacancer.com\/en\/2016\/05\/ifcc-celebra-su-15-aniversario-con-un-tapiz-expuesto-en-can-misses-en-homenaje-a-los-enfermos-de-cancer-2\/"},"wordCount":701,"commentCount":0,"publisher":{"@id":"https:\/\/www.ibizacancer.com\/en\/#organization"},"image":{"@id":"https:\/\/www.ibizacancer.com\/en\/2016\/05\/ifcc-celebra-su-15-aniversario-con-un-tapiz-expuesto-en-can-misses-en-homenaje-a-los-enfermos-de-cancer-2\/#primaryimage"},"thumbnailUrl":"https:\/\/www.ibizacancer.com\/wp-content\/uploads\/2024\/06\/grande-jpg-6.jpg","articleSection":["Blog","Sin categorizar"],"inLanguage":"en-US","potentialAction":[{"@type":"CommentAction","name":"Comment","target":["https:\/\/www.ibizacancer.com\/en\/2016\/05\/ifcc-celebra-su-15-aniversario-con-un-tapiz-expuesto-en-can-misses-en-homenaje-a-los-enfermos-de-cancer-2\/#respond"]}]},{"@type":"WebPage","@id":"https:\/\/www.ibizacancer.com\/en\/2016\/05\/ifcc-celebra-su-15-aniversario-con-un-tapiz-expuesto-en-can-misses-en-homenaje-a-los-enfermos-de-cancer-2\/","url":"https:\/\/www.ibizacancer.com\/en\/2016\/05\/ifcc-celebra-su-15-aniversario-con-un-tapiz-expuesto-en-can-misses-en-homenaje-a-los-enfermos-de-cancer-2\/","name":"IFCC celebra su 15 aniversario con un tapiz expuesto en Can Misses en homenaje a los enfermos de c\u00e1ncer - Ibiza y Formentera Contra el C\u00e1ncer","isPartOf":{"@id":"https:\/\/www.ibizacancer.com\/en\/#website"},"primaryImageOfPage":{"@id":"https:\/\/www.ibizacancer.com\/en\/2016\/05\/ifcc-celebra-su-15-aniversario-con-un-tapiz-expuesto-en-can-misses-en-homenaje-a-los-enfermos-de-cancer-2\/#primaryimage"},"image":{"@id":"https:\/\/www.ibizacancer.com\/en\/2016\/05\/ifcc-celebra-su-15-aniversario-con-un-tapiz-expuesto-en-can-misses-en-homenaje-a-los-enfermos-de-cancer-2\/#primaryimage"},"thumbnailUrl":"https:\/\/www.ibizacancer.com\/wp-content\/uploads\/2024\/06\/grande-jpg-6.jpg","datePublished":"2016-05-30T05:49:58+00:00","dateModified":"2024-06-14T09:57:01+00:00","inLanguage":"en-US","potentialAction":[{"@type":"ReadAction","target":["https:\/\/www.ibizacancer.com\/en\/2016\/05\/ifcc-celebra-su-15-aniversario-con-un-tapiz-expuesto-en-can-misses-en-homenaje-a-los-enfermos-de-cancer-2\/"]}]},{"@type":"ImageObject","inLanguage":"en-US","@id":"https:\/\/www.ibizacancer.com\/en\/2016\/05\/ifcc-celebra-su-15-aniversario-con-un-tapiz-expuesto-en-can-misses-en-homenaje-a-los-enfermos-de-cancer-2\/#primaryimage","url":"https:\/\/www.ibizacancer.com\/wp-content\/uploads\/2024\/06\/grande-jpg-6.jpg","contentUrl":"https:\/\/www.ibizacancer.com\/wp-content\/uploads\/2024\/06\/grande-jpg-6.jpg","width":700,"height":305},{"@type":"WebSite","@id":"https:\/\/www.ibizacancer.com\/en\/#website","url":"https:\/\/www.ibizacancer.com\/en\/","name":"Ibiza y Formentera Contra el C\u00e1ncer","description":"Ibiza y Formentera contra el C\u00e1ncer es una organizaci\u00f3n no gubernamental y sin \u00e1nimo de lucro dirigida a la lucha contra esta enfermedad en las Pitiusas.","publisher":{"@id":"https:\/\/www.ibizacancer.com\/en\/#organization"},"potentialAction":[{"@type":"SearchAction","target":{"@type":"EntryPoint","urlTemplate":"https:\/\/www.ibizacancer.com\/en\/?s={search_term_string}"},"query-input":{"@type":"PropertyValueSpecification","valueRequired":true,"valueName":"search_term_string"}}],"inLanguage":"en-US"},{"@type":"Organization","@id":"https:\/\/www.ibizacancer.com\/en\/#organization","name":"Ibiza y Formentera Contra el C\u00e1ncer","url":"https:\/\/www.ibizacancer.com\/en\/","logo":{"@type":"ImageObject","inLanguage":"en-US","@id":"https:\/\/www.ibizacancer.com\/en\/#\/schema\/logo\/image\/","url":"https:\/\/www.ibizacancer.com\/wp-content\/uploads\/2020\/08\/ifcc-logo-web.png","contentUrl":"https:\/\/www.ibizacancer.com\/wp-content\/uploads\/2020\/08\/ifcc-logo-web.png","width":200,"height":73,"caption":"Ibiza y Formentera Contra el C\u00e1ncer"},"image":{"@id":"https:\/\/www.ibizacancer.com\/en\/#\/schema\/logo\/image\/"},"sameAs":["https:\/\/www.facebook.com\/IFCCancer"]},{"@type":"Person","@id":"https:\/\/www.ibizacancer.com\/en\/#\/schema\/person\/4a32eda3ec27872ff1d22fb74503b4f2","name":"IFCC","image":{"@type":"ImageObject","inLanguage":"en-US","@id":"https:\/\/www.ibizacancer.com\/en\/#\/schema\/person\/image\/","url":"https:\/\/secure.gravatar.com\/avatar\/33cf8cba6efee2cb7a070c8cef186bfe8924ee65c94c506f4742e6653ba357e6?s=96&d=mm&r=g","contentUrl":"https:\/\/secure.gravatar.com\/avatar\/33cf8cba6efee2cb7a070c8cef186bfe8924ee65c94c506f4742e6653ba357e6?s=96&d=mm&r=g","caption":"IFCC"},"sameAs":["https:\/\/www.ibizacancer.com"]}]}},"_links":{"self":[{"href":"https:\/\/www.ibizacancer.com\/en\/wp-json\/wp\/v2\/posts\/22094","targetHints":{"allow":["GET"]}}],"collection":[{"href":"https:\/\/www.ibizacancer.com\/en\/wp-json\/wp\/v2\/posts"}],"about":[{"href":"https:\/\/www.ibizacancer.com\/en\/wp-json\/wp\/v2\/types\/post"}],"author":[{"embeddable":true,"href":"https:\/\/www.ibizacancer.com\/en\/wp-json\/wp\/v2\/users\/1"}],"replies":[{"embeddable":true,"href":"https:\/\/www.ibizacancer.com\/en\/wp-json\/wp\/v2\/comments?post=22094"}],"version-history":[{"count":0,"href":"https:\/\/www.ibizacancer.com\/en\/wp-json\/wp\/v2\/posts\/22094\/revisions"}],"wp:featuredmedia":[{"embeddable":true,"href":"https:\/\/www.ibizacancer.com\/en\/wp-json\/wp\/v2\/media\/22028"}],"wp:attachment":[{"href":"https:\/\/www.ibizacancer.com\/en\/wp-json\/wp\/v2\/media?parent=22094"}],"wp:term":[{"taxonomy":"category","embeddable":true,"href":"https:\/\/www.ibizacancer.com\/en\/wp-json\/wp\/v2\/categories?post=22094"},{"taxonomy":"post_tag","embeddable":true,"href":"https:\/\/www.ibizacancer.com\/en\/wp-json\/wp\/v2\/tags?post=22094"}],"curies":[{"name":"wp","href":"https:\/\/api.w.org\/{rel}","templated":true}]}}