{"id":22096,"date":"2016-03-22T08:44:11","date_gmt":"2016-03-22T07:44:11","guid":{"rendered":"https:\/\/www.ibizacancer.com\/la-colaboracion-entre-blue-laser-ibiza-ifcc-ha-ayudado-ya-a-70-mujeres-2\/"},"modified":"2024-06-14T11:57:00","modified_gmt":"2024-06-14T09:57:00","slug":"la-colaboracion-entre-blue-laser-ibiza-ifcc-ha-ayudado-ya-a-70-mujeres-2","status":"publish","type":"post","link":"https:\/\/www.ibizacancer.com\/en\/2016\/03\/la-colaboracion-entre-blue-laser-ibiza-ifcc-ha-ayudado-ya-a-70-mujeres-2\/","title":{"rendered":"La colaboraci\u00f3n entre Blue L\u00e1ser Ibiza &#038; IFCC ha ayudado ya a 70 mujeres"},"content":{"rendered":"<p>El convenio que\u00a0IFCC y el\u00a0Instituto M\u00e9dico Blue L\u00e1ser, dirigido por el Dr. Antonio Ruiz, \u00a0firmado en diciembre de 2009,\u00a0ha servido\u00a0para tratar a\u00a0m\u00e1s de 70 pacientes oncol\u00f3gicas de entre 26 y 93 a\u00f1os. Concretamente estas pacientes reciben el apoyo necesario\u00a0para prevenir y tratar el linfedema en\u00a0mujeres que han sufrido c\u00e1ncer de mama. Se trata de un servicio\u00a0que en la Seguridad Social no se puede recibir pese a que\u00a0ayuda a restablecer el sistema linf\u00e1tico despu\u00e9s de sufrir un c\u00e1ncer, por eso es uno de los proyectos en los que desde Ibiza y Formentera Contra el C\u00e1ncer m\u00e1s hemos insistido desde nuestro nacimiento.<img fetchpriority=\"high\" decoding=\"async\" src=\"http:\/\/www.ibizacancer.com\/contenidos\/340\/imagenes\/completa-jpg.jpg\" alt=\"\" width=\"700\" height=\"562\" \/><\/p>\n<p><strong>\u00bfQu\u00e9 es el linfedema? \u00bfPor qu\u00e9 se\u00a0padece?<\/strong><\/p>\n<p>El linfedema es una acumulaci\u00f3n de l\u00edquido linf\u00e1tico en los tejidos adiposos justamente debajo de la\u00a0piel. Se produce despu\u00e9s de extirpar el c\u00e1ncer y extraer ganglios linf\u00e1ticos o recibir tratamiento con radioterapia.\u00a0 Al\u00a0extirparse un tumor, el flujo del l\u00edquido linf\u00e1tico sufre importantes cambios en la parte afectada, y eso puede provocar que, al recibir radioterapia, \u00a0los vasos se puedan da\u00f1ar. En ambos casos hay probabilidad de sufrir un linfedema ya que puede caber la posibilidad de que los vasos no drenen lo suficiente en esas zonas, el l\u00edquido se acumule y cause la hinchaz\u00f3n.<\/p>\n<p><strong>Solidaridad desde la experiencia propia<\/strong><\/p>\n<p>El Dr. Antonio Ruiz despu\u00e9s de una\u00a0experiencia personal en la que pudo\u00a0superar un c\u00e1ncer, que parec\u00eda ser terminal, ten\u00eda &#8220;la inquietud de colaborar en la isla y aportar su granito de arena&#8221;. Un d\u00eda\u00a0hablando con una paciente esta le\u00a0comento su situaci\u00f3n y &#8220;la gran ayuda que estaba recibiendo de IFCC&#8221;. Fue entonces cuando\u00a0ella nos puso en contacto y firmamos este convenio vigente.<\/p>\n<p><strong>18 sesiones por paciente\u00a0<\/strong><\/p>\n<p>Las pacientes reciben un bono de 18 sesiones. IFCC financia 12 sesiones y Blue Laser\u00a0les regala\u00a06 sesiones m\u00e1s. Este bono que reciben se puede renovar mientras exista la indicaci\u00f3n m\u00e9dica.<\/p>\n<p><strong>Agradecimiento por los 15 a\u00f1os\u00a0<\/strong><\/p>\n<p>El Dr. Ru\u00edz reconoce tener solo &#8220;palabras de agradecimiento&#8221;. &#8220;Ayudan a todo tipo de mujeres, a todas las personas que necesitan ayuda y son capaces de lograr cualquier cosa&#8221;, es la premisa en la que se basa este acuerdo, por eso, concluye \u201cespero poder continuar con este proyecto muchos a\u00f1os m\u00e1s\u201d.<\/p>\n","protected":false},"excerpt":{"rendered":"<p>El convenio que\u00a0IFCC y el\u00a0Instituto M\u00e9dico Blue L\u00e1ser, dirigido por el Dr. Antonio Ruiz, \u00a0firmado en diciembre de 2009,\u00a0ha servido\u00a0para tratar a\u00a0m\u00e1s de 70 pacientes oncol\u00f3gicas de entre 26 y [&hellip;]<\/p>\n","protected":false},"author":1,"featured_media":22026,"comment_status":"open","ping_status":"closed","sticky":false,"template":"","format":"standard","meta":{"_acf_changed":false,"give_campaign_id":0,"footnotes":""},"categories":[540,1],"tags":[],"class_list":["post-22096","post","type-post","status-publish","format-standard","has-post-thumbnail","hentry","category-blog-2","category-sin-categorizar","entry"],"acf":[],"yoast_head":"<!-- This site is optimized with the Yoast SEO plugin v27.1.1 - https:\/\/yoast.com\/product\/yoast-seo-wordpress\/ -->\n<title>La colaboraci\u00f3n entre Blue L\u00e1ser Ibiza &amp; IFCC ha ayudado ya a 70 mujeres - Ibiza y Formentera Contra el C\u00e1ncer<\/title>\n<meta name=\"robots\" content=\"index, follow, max-snippet:-1, max-image-preview:large, max-video-preview:-1\" \/>\n<link rel=\"canonical\" href=\"https:\/\/www.ibizacancer.com\/en\/2016\/03\/la-colaboracion-entre-blue-laser-ibiza-ifcc-ha-ayudado-ya-a-70-mujeres-2\/\" \/>\n<meta property=\"og:locale\" content=\"en_US\" \/>\n<meta property=\"og:type\" content=\"article\" \/>\n<meta property=\"og:title\" content=\"La colaboraci\u00f3n entre Blue L\u00e1ser Ibiza &amp; IFCC ha ayudado ya a 70 mujeres - Ibiza y Formentera Contra el C\u00e1ncer\" \/>\n<meta property=\"og:description\" content=\"El convenio que\u00a0IFCC y el\u00a0Instituto M\u00e9dico Blue L\u00e1ser, dirigido por el Dr. Antonio Ruiz, \u00a0firmado en diciembre de 2009,\u00a0ha servido\u00a0para tratar a\u00a0m\u00e1s de 70 pacientes oncol\u00f3gicas de entre 26 y [&hellip;]\" \/>\n<meta property=\"og:url\" content=\"https:\/\/www.ibizacancer.com\/en\/2016\/03\/la-colaboracion-entre-blue-laser-ibiza-ifcc-ha-ayudado-ya-a-70-mujeres-2\/\" \/>\n<meta property=\"og:site_name\" content=\"Ibiza y Formentera Contra el C\u00e1ncer\" \/>\n<meta property=\"article:publisher\" content=\"https:\/\/www.facebook.com\/IFCCancer\" \/>\n<meta property=\"article:published_time\" content=\"2016-03-22T07:44:11+00:00\" \/>\n<meta property=\"article:modified_time\" content=\"2024-06-14T09:57:00+00:00\" \/>\n<meta property=\"og:image\" content=\"https:\/\/www.ibizacancer.com\/wp-content\/uploads\/2024\/06\/ifcc.jpg\" \/>\n\t<meta property=\"og:image:width\" content=\"700\" \/>\n\t<meta property=\"og:image:height\" content=\"305\" \/>\n\t<meta property=\"og:image:type\" content=\"image\/jpeg\" \/>\n<meta name=\"author\" content=\"IFCC\" \/>\n<meta name=\"twitter:card\" content=\"summary_large_image\" \/>\n<meta name=\"twitter:label1\" content=\"Written by\" \/>\n\t<meta name=\"twitter:data1\" content=\"IFCC\" \/>\n\t<meta name=\"twitter:label2\" content=\"Est. reading time\" \/>\n\t<meta name=\"twitter:data2\" content=\"2 minutes\" \/>\n<script type=\"application\/ld+json\" class=\"yoast-schema-graph\">{\"@context\":\"https:\/\/schema.org\",\"@graph\":[{\"@type\":\"Article\",\"@id\":\"https:\/\/www.ibizacancer.com\/en\/2016\/03\/la-colaboracion-entre-blue-laser-ibiza-ifcc-ha-ayudado-ya-a-70-mujeres-2\/#article\",\"isPartOf\":{\"@id\":\"https:\/\/www.ibizacancer.com\/en\/2016\/03\/la-colaboracion-entre-blue-laser-ibiza-ifcc-ha-ayudado-ya-a-70-mujeres-2\/\"},\"author\":{\"name\":\"IFCC\",\"@id\":\"https:\/\/www.ibizacancer.com\/en\/#\/schema\/person\/4a32eda3ec27872ff1d22fb74503b4f2\"},\"headline\":\"La colaboraci\u00f3n entre Blue L\u00e1ser Ibiza &#038; IFCC ha ayudado ya a 70 mujeres\",\"datePublished\":\"2016-03-22T07:44:11+00:00\",\"dateModified\":\"2024-06-14T09:57:00+00:00\",\"mainEntityOfPage\":{\"@id\":\"https:\/\/www.ibizacancer.com\/en\/2016\/03\/la-colaboracion-entre-blue-laser-ibiza-ifcc-ha-ayudado-ya-a-70-mujeres-2\/\"},\"wordCount\":417,\"commentCount\":0,\"publisher\":{\"@id\":\"https:\/\/www.ibizacancer.com\/en\/#organization\"},\"image\":{\"@id\":\"https:\/\/www.ibizacancer.com\/en\/2016\/03\/la-colaboracion-entre-blue-laser-ibiza-ifcc-ha-ayudado-ya-a-70-mujeres-2\/#primaryimage\"},\"thumbnailUrl\":\"https:\/\/www.ibizacancer.com\/wp-content\/uploads\/2024\/06\/ifcc.jpg\",\"articleSection\":[\"Blog\",\"Sin categorizar\"],\"inLanguage\":\"en-US\",\"potentialAction\":[{\"@type\":\"CommentAction\",\"name\":\"Comment\",\"target\":[\"https:\/\/www.ibizacancer.com\/en\/2016\/03\/la-colaboracion-entre-blue-laser-ibiza-ifcc-ha-ayudado-ya-a-70-mujeres-2\/#respond\"]}]},{\"@type\":\"WebPage\",\"@id\":\"https:\/\/www.ibizacancer.com\/en\/2016\/03\/la-colaboracion-entre-blue-laser-ibiza-ifcc-ha-ayudado-ya-a-70-mujeres-2\/\",\"url\":\"https:\/\/www.ibizacancer.com\/en\/2016\/03\/la-colaboracion-entre-blue-laser-ibiza-ifcc-ha-ayudado-ya-a-70-mujeres-2\/\",\"name\":\"La colaboraci\u00f3n entre Blue L\u00e1ser Ibiza & IFCC ha ayudado ya a 70 mujeres - Ibiza y Formentera Contra el C\u00e1ncer\",\"isPartOf\":{\"@id\":\"https:\/\/www.ibizacancer.com\/en\/#website\"},\"primaryImageOfPage\":{\"@id\":\"https:\/\/www.ibizacancer.com\/en\/2016\/03\/la-colaboracion-entre-blue-laser-ibiza-ifcc-ha-ayudado-ya-a-70-mujeres-2\/#primaryimage\"},\"image\":{\"@id\":\"https:\/\/www.ibizacancer.com\/en\/2016\/03\/la-colaboracion-entre-blue-laser-ibiza-ifcc-ha-ayudado-ya-a-70-mujeres-2\/#primaryimage\"},\"thumbnailUrl\":\"https:\/\/www.ibizacancer.com\/wp-content\/uploads\/2024\/06\/ifcc.jpg\",\"datePublished\":\"2016-03-22T07:44:11+00:00\",\"dateModified\":\"2024-06-14T09:57:00+00:00\",\"inLanguage\":\"en-US\",\"potentialAction\":[{\"@type\":\"ReadAction\",\"target\":[\"https:\/\/www.ibizacancer.com\/en\/2016\/03\/la-colaboracion-entre-blue-laser-ibiza-ifcc-ha-ayudado-ya-a-70-mujeres-2\/\"]}]},{\"@type\":\"ImageObject\",\"inLanguage\":\"en-US\",\"@id\":\"https:\/\/www.ibizacancer.com\/en\/2016\/03\/la-colaboracion-entre-blue-laser-ibiza-ifcc-ha-ayudado-ya-a-70-mujeres-2\/#primaryimage\",\"url\":\"https:\/\/www.ibizacancer.com\/wp-content\/uploads\/2024\/06\/ifcc.jpg\",\"contentUrl\":\"https:\/\/www.ibizacancer.com\/wp-content\/uploads\/2024\/06\/ifcc.jpg\",\"width\":700,\"height\":305},{\"@type\":\"WebSite\",\"@id\":\"https:\/\/www.ibizacancer.com\/en\/#website\",\"url\":\"https:\/\/www.ibizacancer.com\/en\/\",\"name\":\"Ibiza y Formentera Contra el C\u00e1ncer\",\"description\":\"Ibiza y Formentera contra el C\u00e1ncer es una organizaci\u00f3n no gubernamental y sin \u00e1nimo de lucro dirigida a la lucha contra esta enfermedad en las Pitiusas.\",\"publisher\":{\"@id\":\"https:\/\/www.ibizacancer.com\/en\/#organization\"},\"potentialAction\":[{\"@type\":\"SearchAction\",\"target\":{\"@type\":\"EntryPoint\",\"urlTemplate\":\"https:\/\/www.ibizacancer.com\/en\/?s={search_term_string}\"},\"query-input\":{\"@type\":\"PropertyValueSpecification\",\"valueRequired\":true,\"valueName\":\"search_term_string\"}}],\"inLanguage\":\"en-US\"},{\"@type\":\"Organization\",\"@id\":\"https:\/\/www.ibizacancer.com\/en\/#organization\",\"name\":\"Ibiza y Formentera Contra el C\u00e1ncer\",\"url\":\"https:\/\/www.ibizacancer.com\/en\/\",\"logo\":{\"@type\":\"ImageObject\",\"inLanguage\":\"en-US\",\"@id\":\"https:\/\/www.ibizacancer.com\/en\/#\/schema\/logo\/image\/\",\"url\":\"https:\/\/www.ibizacancer.com\/wp-content\/uploads\/2020\/08\/ifcc-logo-web.png\",\"contentUrl\":\"https:\/\/www.ibizacancer.com\/wp-content\/uploads\/2020\/08\/ifcc-logo-web.png\",\"width\":200,\"height\":73,\"caption\":\"Ibiza y Formentera Contra el C\u00e1ncer\"},\"image\":{\"@id\":\"https:\/\/www.ibizacancer.com\/en\/#\/schema\/logo\/image\/\"},\"sameAs\":[\"https:\/\/www.facebook.com\/IFCCancer\"]},{\"@type\":\"Person\",\"@id\":\"https:\/\/www.ibizacancer.com\/en\/#\/schema\/person\/4a32eda3ec27872ff1d22fb74503b4f2\",\"name\":\"IFCC\",\"image\":{\"@type\":\"ImageObject\",\"inLanguage\":\"en-US\",\"@id\":\"https:\/\/www.ibizacancer.com\/en\/#\/schema\/person\/image\/\",\"url\":\"https:\/\/secure.gravatar.com\/avatar\/33cf8cba6efee2cb7a070c8cef186bfe8924ee65c94c506f4742e6653ba357e6?s=96&d=mm&r=g\",\"contentUrl\":\"https:\/\/secure.gravatar.com\/avatar\/33cf8cba6efee2cb7a070c8cef186bfe8924ee65c94c506f4742e6653ba357e6?s=96&d=mm&r=g\",\"caption\":\"IFCC\"},\"sameAs\":[\"https:\/\/www.ibizacancer.com\"]}]}<\/script>\n<!-- \/ Yoast SEO plugin. -->","yoast_head_json":{"title":"La colaboraci\u00f3n entre Blue L\u00e1ser Ibiza & IFCC ha ayudado ya a 70 mujeres - Ibiza y Formentera Contra el C\u00e1ncer","robots":{"index":"index","follow":"follow","max-snippet":"max-snippet:-1","max-image-preview":"max-image-preview:large","max-video-preview":"max-video-preview:-1"},"canonical":"https:\/\/www.ibizacancer.com\/en\/2016\/03\/la-colaboracion-entre-blue-laser-ibiza-ifcc-ha-ayudado-ya-a-70-mujeres-2\/","og_locale":"en_US","og_type":"article","og_title":"La colaboraci\u00f3n entre Blue L\u00e1ser Ibiza & IFCC ha ayudado ya a 70 mujeres - Ibiza y Formentera Contra el C\u00e1ncer","og_description":"El convenio que\u00a0IFCC y el\u00a0Instituto M\u00e9dico Blue L\u00e1ser, dirigido por el Dr. Antonio Ruiz, \u00a0firmado en diciembre de 2009,\u00a0ha servido\u00a0para tratar a\u00a0m\u00e1s de 70 pacientes oncol\u00f3gicas de entre 26 y [&hellip;]","og_url":"https:\/\/www.ibizacancer.com\/en\/2016\/03\/la-colaboracion-entre-blue-laser-ibiza-ifcc-ha-ayudado-ya-a-70-mujeres-2\/","og_site_name":"Ibiza y Formentera Contra el C\u00e1ncer","article_publisher":"https:\/\/www.facebook.com\/IFCCancer","article_published_time":"2016-03-22T07:44:11+00:00","article_modified_time":"2024-06-14T09:57:00+00:00","og_image":[{"width":700,"height":305,"url":"https:\/\/www.ibizacancer.com\/wp-content\/uploads\/2024\/06\/ifcc.jpg","type":"image\/jpeg"}],"author":"IFCC","twitter_card":"summary_large_image","twitter_misc":{"Written by":"IFCC","Est. reading time":"2 minutes"},"schema":{"@context":"https:\/\/schema.org","@graph":[{"@type":"Article","@id":"https:\/\/www.ibizacancer.com\/en\/2016\/03\/la-colaboracion-entre-blue-laser-ibiza-ifcc-ha-ayudado-ya-a-70-mujeres-2\/#article","isPartOf":{"@id":"https:\/\/www.ibizacancer.com\/en\/2016\/03\/la-colaboracion-entre-blue-laser-ibiza-ifcc-ha-ayudado-ya-a-70-mujeres-2\/"},"author":{"name":"IFCC","@id":"https:\/\/www.ibizacancer.com\/en\/#\/schema\/person\/4a32eda3ec27872ff1d22fb74503b4f2"},"headline":"La colaboraci\u00f3n entre Blue L\u00e1ser Ibiza &#038; IFCC ha ayudado ya a 70 mujeres","datePublished":"2016-03-22T07:44:11+00:00","dateModified":"2024-06-14T09:57:00+00:00","mainEntityOfPage":{"@id":"https:\/\/www.ibizacancer.com\/en\/2016\/03\/la-colaboracion-entre-blue-laser-ibiza-ifcc-ha-ayudado-ya-a-70-mujeres-2\/"},"wordCount":417,"commentCount":0,"publisher":{"@id":"https:\/\/www.ibizacancer.com\/en\/#organization"},"image":{"@id":"https:\/\/www.ibizacancer.com\/en\/2016\/03\/la-colaboracion-entre-blue-laser-ibiza-ifcc-ha-ayudado-ya-a-70-mujeres-2\/#primaryimage"},"thumbnailUrl":"https:\/\/www.ibizacancer.com\/wp-content\/uploads\/2024\/06\/ifcc.jpg","articleSection":["Blog","Sin categorizar"],"inLanguage":"en-US","potentialAction":[{"@type":"CommentAction","name":"Comment","target":["https:\/\/www.ibizacancer.com\/en\/2016\/03\/la-colaboracion-entre-blue-laser-ibiza-ifcc-ha-ayudado-ya-a-70-mujeres-2\/#respond"]}]},{"@type":"WebPage","@id":"https:\/\/www.ibizacancer.com\/en\/2016\/03\/la-colaboracion-entre-blue-laser-ibiza-ifcc-ha-ayudado-ya-a-70-mujeres-2\/","url":"https:\/\/www.ibizacancer.com\/en\/2016\/03\/la-colaboracion-entre-blue-laser-ibiza-ifcc-ha-ayudado-ya-a-70-mujeres-2\/","name":"La colaboraci\u00f3n entre Blue L\u00e1ser Ibiza & IFCC ha ayudado ya a 70 mujeres - Ibiza y Formentera Contra el C\u00e1ncer","isPartOf":{"@id":"https:\/\/www.ibizacancer.com\/en\/#website"},"primaryImageOfPage":{"@id":"https:\/\/www.ibizacancer.com\/en\/2016\/03\/la-colaboracion-entre-blue-laser-ibiza-ifcc-ha-ayudado-ya-a-70-mujeres-2\/#primaryimage"},"image":{"@id":"https:\/\/www.ibizacancer.com\/en\/2016\/03\/la-colaboracion-entre-blue-laser-ibiza-ifcc-ha-ayudado-ya-a-70-mujeres-2\/#primaryimage"},"thumbnailUrl":"https:\/\/www.ibizacancer.com\/wp-content\/uploads\/2024\/06\/ifcc.jpg","datePublished":"2016-03-22T07:44:11+00:00","dateModified":"2024-06-14T09:57:00+00:00","inLanguage":"en-US","potentialAction":[{"@type":"ReadAction","target":["https:\/\/www.ibizacancer.com\/en\/2016\/03\/la-colaboracion-entre-blue-laser-ibiza-ifcc-ha-ayudado-ya-a-70-mujeres-2\/"]}]},{"@type":"ImageObject","inLanguage":"en-US","@id":"https:\/\/www.ibizacancer.com\/en\/2016\/03\/la-colaboracion-entre-blue-laser-ibiza-ifcc-ha-ayudado-ya-a-70-mujeres-2\/#primaryimage","url":"https:\/\/www.ibizacancer.com\/wp-content\/uploads\/2024\/06\/ifcc.jpg","contentUrl":"https:\/\/www.ibizacancer.com\/wp-content\/uploads\/2024\/06\/ifcc.jpg","width":700,"height":305},{"@type":"WebSite","@id":"https:\/\/www.ibizacancer.com\/en\/#website","url":"https:\/\/www.ibizacancer.com\/en\/","name":"Ibiza y Formentera Contra el C\u00e1ncer","description":"Ibiza y Formentera contra el C\u00e1ncer es una organizaci\u00f3n no gubernamental y sin \u00e1nimo de lucro dirigida a la lucha contra esta enfermedad en las Pitiusas.","publisher":{"@id":"https:\/\/www.ibizacancer.com\/en\/#organization"},"potentialAction":[{"@type":"SearchAction","target":{"@type":"EntryPoint","urlTemplate":"https:\/\/www.ibizacancer.com\/en\/?s={search_term_string}"},"query-input":{"@type":"PropertyValueSpecification","valueRequired":true,"valueName":"search_term_string"}}],"inLanguage":"en-US"},{"@type":"Organization","@id":"https:\/\/www.ibizacancer.com\/en\/#organization","name":"Ibiza y Formentera Contra el C\u00e1ncer","url":"https:\/\/www.ibizacancer.com\/en\/","logo":{"@type":"ImageObject","inLanguage":"en-US","@id":"https:\/\/www.ibizacancer.com\/en\/#\/schema\/logo\/image\/","url":"https:\/\/www.ibizacancer.com\/wp-content\/uploads\/2020\/08\/ifcc-logo-web.png","contentUrl":"https:\/\/www.ibizacancer.com\/wp-content\/uploads\/2020\/08\/ifcc-logo-web.png","width":200,"height":73,"caption":"Ibiza y Formentera Contra el C\u00e1ncer"},"image":{"@id":"https:\/\/www.ibizacancer.com\/en\/#\/schema\/logo\/image\/"},"sameAs":["https:\/\/www.facebook.com\/IFCCancer"]},{"@type":"Person","@id":"https:\/\/www.ibizacancer.com\/en\/#\/schema\/person\/4a32eda3ec27872ff1d22fb74503b4f2","name":"IFCC","image":{"@type":"ImageObject","inLanguage":"en-US","@id":"https:\/\/www.ibizacancer.com\/en\/#\/schema\/person\/image\/","url":"https:\/\/secure.gravatar.com\/avatar\/33cf8cba6efee2cb7a070c8cef186bfe8924ee65c94c506f4742e6653ba357e6?s=96&d=mm&r=g","contentUrl":"https:\/\/secure.gravatar.com\/avatar\/33cf8cba6efee2cb7a070c8cef186bfe8924ee65c94c506f4742e6653ba357e6?s=96&d=mm&r=g","caption":"IFCC"},"sameAs":["https:\/\/www.ibizacancer.com"]}]}},"_links":{"self":[{"href":"https:\/\/www.ibizacancer.com\/en\/wp-json\/wp\/v2\/posts\/22096","targetHints":{"allow":["GET"]}}],"collection":[{"href":"https:\/\/www.ibizacancer.com\/en\/wp-json\/wp\/v2\/posts"}],"about":[{"href":"https:\/\/www.ibizacancer.com\/en\/wp-json\/wp\/v2\/types\/post"}],"author":[{"embeddable":true,"href":"https:\/\/www.ibizacancer.com\/en\/wp-json\/wp\/v2\/users\/1"}],"replies":[{"embeddable":true,"href":"https:\/\/www.ibizacancer.com\/en\/wp-json\/wp\/v2\/comments?post=22096"}],"version-history":[{"count":0,"href":"https:\/\/www.ibizacancer.com\/en\/wp-json\/wp\/v2\/posts\/22096\/revisions"}],"wp:featuredmedia":[{"embeddable":true,"href":"https:\/\/www.ibizacancer.com\/en\/wp-json\/wp\/v2\/media\/22026"}],"wp:attachment":[{"href":"https:\/\/www.ibizacancer.com\/en\/wp-json\/wp\/v2\/media?parent=22096"}],"wp:term":[{"taxonomy":"category","embeddable":true,"href":"https:\/\/www.ibizacancer.com\/en\/wp-json\/wp\/v2\/categories?post=22096"},{"taxonomy":"post_tag","embeddable":true,"href":"https:\/\/www.ibizacancer.com\/en\/wp-json\/wp\/v2\/tags?post=22096"}],"curies":[{"name":"wp","href":"https:\/\/api.w.org\/{rel}","templated":true}]}}