{"id":22102,"date":"2016-01-29T08:41:43","date_gmt":"2016-01-29T07:41:43","guid":{"rendered":"https:\/\/www.ibizacancer.com\/ifcc-celebra-su-15-aniversario-el-proximo-5-de-febrero-2\/"},"modified":"2024-06-14T11:56:59","modified_gmt":"2024-06-14T09:56:59","slug":"ifcc-celebra-su-15-aniversario-el-proximo-5-de-febrero-2","status":"publish","type":"post","link":"https:\/\/www.ibizacancer.com\/en\/2016\/01\/ifcc-celebra-su-15-aniversario-el-proximo-5-de-febrero-2\/","title":{"rendered":"IFCC celebra su 15 aniversario el pr\u00f3ximo 5 de febrero"},"content":{"rendered":"<div class=\"carrusel-interior\">\n<div id=\"imgCarruserlInt1\" class=\"img-carrusel-interior\">\n<div class=\"pie-foto-detalle\">El pr\u00f3ximo viernes 5 de febrero es una fecha imprescindible para reservar y marcar en morado. Ibiza y Formentera Contra el C\u00e1ncer celebra cumple 15 a\u00f1os e invita a todos los que han formado parte de este proyecto a que se sumen a esta celebraci\u00f3n.<\/div>\n<\/div>\n<\/div>\n<div class=\"intro-noticia-detalle\">\n<p>\u00a0El auditorio del Club Diario de Ibiza acoger\u00e1 esta noche tan especial a la que invitamos a participar a nuestros socios, voluntarios y todos aquellos que quieran disfrutar con nosotros de este hito para repasar todo lo que hemos hecho durante estos a\u00f1os.<\/p>\n<p>El evento comenzar\u00e1 a las 20.00 horas con las intervenciones de los principales responsables de la Asociaci\u00f3n y la velada se alagar\u00e1 hasta las 22.00 horas. Seg\u00fan ha explicado la presidenta de IFCC, Helen Watson, \u201cqueremos aprovechar para reunirnos todos, recordar todos los hitos que han marcado esta historia y brindar otros tantos a\u00f1os m\u00e1s con vosotros\u201d. Seg\u00fan ha a\u00f1adido Watson \u201cha sido un largo camino pero poco a poco vemos que nuestra lucha no es en vano, que hemos ayudado a muchas familias y que hemos avanzado mucho desde que comenzamos\u201d.<\/p>\n<p>En este encuentro se podr\u00e1 ver expuesta la colcha que han cosido varias voluntarias durante este verano, adem\u00e1s de una exposici\u00f3n de fotos de los 15 a\u00f1os de IFCC. Para cerrar la noche se llevar\u00e1 a cabo un acto simb\u00f3lico en el que los asistentes podr\u00e1n firmar globos que se soltar\u00e1n despu\u00e9s para recordar a todas las personas que no han podido asistir a este evento.<\/p>\n<p>Desde el comit\u00e9 de IFCC han querido agradecer a los voluntarios, colaboradores, instituciones y organizaciones el esfuerzo en cada uno de los eventos y afirman que, \u201csin ellos todo lo que hacemos ser\u00eda imposible y gracias a su apoyo hemos conseguido mucho\u201d.<\/p>\n<p>\u00a1Hasta el viernes!<\/p>\n<\/div>\n","protected":false},"excerpt":{"rendered":"<p>El pr\u00f3ximo viernes 5 de febrero es una fecha imprescindible para reservar y marcar en morado. Ibiza y Formentera Contra el C\u00e1ncer celebra cumple 15 a\u00f1os e invita a todos [&hellip;]<\/p>\n","protected":false},"author":1,"featured_media":22016,"comment_status":"open","ping_status":"closed","sticky":false,"template":"","format":"standard","meta":{"_acf_changed":false,"give_campaign_id":0,"footnotes":""},"categories":[540,1],"tags":[],"class_list":["post-22102","post","type-post","status-publish","format-standard","has-post-thumbnail","hentry","category-blog-2","category-sin-categorizar","entry"],"acf":[],"yoast_head":"<!-- This site is optimized with the Yoast SEO plugin v27.1.1 - https:\/\/yoast.com\/product\/yoast-seo-wordpress\/ -->\n<title>IFCC celebra su 15 aniversario el pr\u00f3ximo 5 de febrero - Ibiza y Formentera Contra el C\u00e1ncer<\/title>\n<meta name=\"robots\" content=\"index, follow, max-snippet:-1, max-image-preview:large, max-video-preview:-1\" \/>\n<link rel=\"canonical\" href=\"https:\/\/www.ibizacancer.com\/en\/2016\/01\/ifcc-celebra-su-15-aniversario-el-proximo-5-de-febrero-2\/\" \/>\n<meta property=\"og:locale\" content=\"en_US\" \/>\n<meta property=\"og:type\" content=\"article\" \/>\n<meta property=\"og:title\" content=\"IFCC celebra su 15 aniversario el pr\u00f3ximo 5 de febrero - Ibiza y Formentera Contra el C\u00e1ncer\" \/>\n<meta property=\"og:description\" content=\"El pr\u00f3ximo viernes 5 de febrero es una fecha imprescindible para reservar y marcar en morado. Ibiza y Formentera Contra el C\u00e1ncer celebra cumple 15 a\u00f1os e invita a todos [&hellip;]\" \/>\n<meta property=\"og:url\" content=\"https:\/\/www.ibizacancer.com\/en\/2016\/01\/ifcc-celebra-su-15-aniversario-el-proximo-5-de-febrero-2\/\" \/>\n<meta property=\"og:site_name\" content=\"Ibiza y Formentera Contra el C\u00e1ncer\" \/>\n<meta property=\"article:publisher\" content=\"https:\/\/www.facebook.com\/IFCCancer\" \/>\n<meta property=\"article:published_time\" content=\"2016-01-29T07:41:43+00:00\" \/>\n<meta property=\"article:modified_time\" content=\"2024-06-14T09:56:59+00:00\" \/>\n<meta property=\"og:image\" content=\"https:\/\/www.ibizacancer.com\/wp-content\/uploads\/2024\/06\/destacado-lista-jpg.jpg\" \/>\n\t<meta property=\"og:image:width\" content=\"700\" \/>\n\t<meta property=\"og:image:height\" content=\"305\" \/>\n\t<meta property=\"og:image:type\" content=\"image\/jpeg\" \/>\n<meta name=\"author\" content=\"IFCC\" \/>\n<meta name=\"twitter:card\" content=\"summary_large_image\" \/>\n<meta name=\"twitter:label1\" content=\"Written by\" \/>\n\t<meta name=\"twitter:data1\" content=\"IFCC\" \/>\n\t<meta name=\"twitter:label2\" content=\"Est. reading time\" \/>\n\t<meta name=\"twitter:data2\" content=\"2 minutes\" \/>\n<script type=\"application\/ld+json\" class=\"yoast-schema-graph\">{\"@context\":\"https:\/\/schema.org\",\"@graph\":[{\"@type\":\"Article\",\"@id\":\"https:\/\/www.ibizacancer.com\/en\/2016\/01\/ifcc-celebra-su-15-aniversario-el-proximo-5-de-febrero-2\/#article\",\"isPartOf\":{\"@id\":\"https:\/\/www.ibizacancer.com\/en\/2016\/01\/ifcc-celebra-su-15-aniversario-el-proximo-5-de-febrero-2\/\"},\"author\":{\"name\":\"IFCC\",\"@id\":\"https:\/\/www.ibizacancer.com\/en\/#\/schema\/person\/4a32eda3ec27872ff1d22fb74503b4f2\"},\"headline\":\"IFCC celebra su 15 aniversario el pr\u00f3ximo 5 de febrero\",\"datePublished\":\"2016-01-29T07:41:43+00:00\",\"dateModified\":\"2024-06-14T09:56:59+00:00\",\"mainEntityOfPage\":{\"@id\":\"https:\/\/www.ibizacancer.com\/en\/2016\/01\/ifcc-celebra-su-15-aniversario-el-proximo-5-de-febrero-2\/\"},\"wordCount\":314,\"commentCount\":0,\"publisher\":{\"@id\":\"https:\/\/www.ibizacancer.com\/en\/#organization\"},\"image\":{\"@id\":\"https:\/\/www.ibizacancer.com\/en\/2016\/01\/ifcc-celebra-su-15-aniversario-el-proximo-5-de-febrero-2\/#primaryimage\"},\"thumbnailUrl\":\"https:\/\/www.ibizacancer.com\/wp-content\/uploads\/2024\/06\/destacado-lista-jpg.jpg\",\"articleSection\":[\"Blog\",\"Sin categorizar\"],\"inLanguage\":\"en-US\",\"potentialAction\":[{\"@type\":\"CommentAction\",\"name\":\"Comment\",\"target\":[\"https:\/\/www.ibizacancer.com\/en\/2016\/01\/ifcc-celebra-su-15-aniversario-el-proximo-5-de-febrero-2\/#respond\"]}]},{\"@type\":\"WebPage\",\"@id\":\"https:\/\/www.ibizacancer.com\/en\/2016\/01\/ifcc-celebra-su-15-aniversario-el-proximo-5-de-febrero-2\/\",\"url\":\"https:\/\/www.ibizacancer.com\/en\/2016\/01\/ifcc-celebra-su-15-aniversario-el-proximo-5-de-febrero-2\/\",\"name\":\"IFCC celebra su 15 aniversario el pr\u00f3ximo 5 de febrero - Ibiza y Formentera Contra el C\u00e1ncer\",\"isPartOf\":{\"@id\":\"https:\/\/www.ibizacancer.com\/en\/#website\"},\"primaryImageOfPage\":{\"@id\":\"https:\/\/www.ibizacancer.com\/en\/2016\/01\/ifcc-celebra-su-15-aniversario-el-proximo-5-de-febrero-2\/#primaryimage\"},\"image\":{\"@id\":\"https:\/\/www.ibizacancer.com\/en\/2016\/01\/ifcc-celebra-su-15-aniversario-el-proximo-5-de-febrero-2\/#primaryimage\"},\"thumbnailUrl\":\"https:\/\/www.ibizacancer.com\/wp-content\/uploads\/2024\/06\/destacado-lista-jpg.jpg\",\"datePublished\":\"2016-01-29T07:41:43+00:00\",\"dateModified\":\"2024-06-14T09:56:59+00:00\",\"inLanguage\":\"en-US\",\"potentialAction\":[{\"@type\":\"ReadAction\",\"target\":[\"https:\/\/www.ibizacancer.com\/en\/2016\/01\/ifcc-celebra-su-15-aniversario-el-proximo-5-de-febrero-2\/\"]}]},{\"@type\":\"ImageObject\",\"inLanguage\":\"en-US\",\"@id\":\"https:\/\/www.ibizacancer.com\/en\/2016\/01\/ifcc-celebra-su-15-aniversario-el-proximo-5-de-febrero-2\/#primaryimage\",\"url\":\"https:\/\/www.ibizacancer.com\/wp-content\/uploads\/2024\/06\/destacado-lista-jpg.jpg\",\"contentUrl\":\"https:\/\/www.ibizacancer.com\/wp-content\/uploads\/2024\/06\/destacado-lista-jpg.jpg\",\"width\":700,\"height\":305},{\"@type\":\"WebSite\",\"@id\":\"https:\/\/www.ibizacancer.com\/en\/#website\",\"url\":\"https:\/\/www.ibizacancer.com\/en\/\",\"name\":\"Ibiza y Formentera Contra el C\u00e1ncer\",\"description\":\"Ibiza y Formentera contra el C\u00e1ncer es una organizaci\u00f3n no gubernamental y sin \u00e1nimo de lucro dirigida a la lucha contra esta enfermedad en las Pitiusas.\",\"publisher\":{\"@id\":\"https:\/\/www.ibizacancer.com\/en\/#organization\"},\"potentialAction\":[{\"@type\":\"SearchAction\",\"target\":{\"@type\":\"EntryPoint\",\"urlTemplate\":\"https:\/\/www.ibizacancer.com\/en\/?s={search_term_string}\"},\"query-input\":{\"@type\":\"PropertyValueSpecification\",\"valueRequired\":true,\"valueName\":\"search_term_string\"}}],\"inLanguage\":\"en-US\"},{\"@type\":\"Organization\",\"@id\":\"https:\/\/www.ibizacancer.com\/en\/#organization\",\"name\":\"Ibiza y Formentera Contra el C\u00e1ncer\",\"url\":\"https:\/\/www.ibizacancer.com\/en\/\",\"logo\":{\"@type\":\"ImageObject\",\"inLanguage\":\"en-US\",\"@id\":\"https:\/\/www.ibizacancer.com\/en\/#\/schema\/logo\/image\/\",\"url\":\"https:\/\/www.ibizacancer.com\/wp-content\/uploads\/2020\/08\/ifcc-logo-web.png\",\"contentUrl\":\"https:\/\/www.ibizacancer.com\/wp-content\/uploads\/2020\/08\/ifcc-logo-web.png\",\"width\":200,\"height\":73,\"caption\":\"Ibiza y Formentera Contra el C\u00e1ncer\"},\"image\":{\"@id\":\"https:\/\/www.ibizacancer.com\/en\/#\/schema\/logo\/image\/\"},\"sameAs\":[\"https:\/\/www.facebook.com\/IFCCancer\"]},{\"@type\":\"Person\",\"@id\":\"https:\/\/www.ibizacancer.com\/en\/#\/schema\/person\/4a32eda3ec27872ff1d22fb74503b4f2\",\"name\":\"IFCC\",\"image\":{\"@type\":\"ImageObject\",\"inLanguage\":\"en-US\",\"@id\":\"https:\/\/www.ibizacancer.com\/en\/#\/schema\/person\/image\/\",\"url\":\"https:\/\/secure.gravatar.com\/avatar\/33cf8cba6efee2cb7a070c8cef186bfe8924ee65c94c506f4742e6653ba357e6?s=96&d=mm&r=g\",\"contentUrl\":\"https:\/\/secure.gravatar.com\/avatar\/33cf8cba6efee2cb7a070c8cef186bfe8924ee65c94c506f4742e6653ba357e6?s=96&d=mm&r=g\",\"caption\":\"IFCC\"},\"sameAs\":[\"https:\/\/www.ibizacancer.com\"]}]}<\/script>\n<!-- \/ Yoast SEO plugin. -->","yoast_head_json":{"title":"IFCC celebra su 15 aniversario el pr\u00f3ximo 5 de febrero - Ibiza y Formentera Contra el C\u00e1ncer","robots":{"index":"index","follow":"follow","max-snippet":"max-snippet:-1","max-image-preview":"max-image-preview:large","max-video-preview":"max-video-preview:-1"},"canonical":"https:\/\/www.ibizacancer.com\/en\/2016\/01\/ifcc-celebra-su-15-aniversario-el-proximo-5-de-febrero-2\/","og_locale":"en_US","og_type":"article","og_title":"IFCC celebra su 15 aniversario el pr\u00f3ximo 5 de febrero - Ibiza y Formentera Contra el C\u00e1ncer","og_description":"El pr\u00f3ximo viernes 5 de febrero es una fecha imprescindible para reservar y marcar en morado. Ibiza y Formentera Contra el C\u00e1ncer celebra cumple 15 a\u00f1os e invita a todos [&hellip;]","og_url":"https:\/\/www.ibizacancer.com\/en\/2016\/01\/ifcc-celebra-su-15-aniversario-el-proximo-5-de-febrero-2\/","og_site_name":"Ibiza y Formentera Contra el C\u00e1ncer","article_publisher":"https:\/\/www.facebook.com\/IFCCancer","article_published_time":"2016-01-29T07:41:43+00:00","article_modified_time":"2024-06-14T09:56:59+00:00","og_image":[{"width":700,"height":305,"url":"https:\/\/www.ibizacancer.com\/wp-content\/uploads\/2024\/06\/destacado-lista-jpg.jpg","type":"image\/jpeg"}],"author":"IFCC","twitter_card":"summary_large_image","twitter_misc":{"Written by":"IFCC","Est. reading time":"2 minutes"},"schema":{"@context":"https:\/\/schema.org","@graph":[{"@type":"Article","@id":"https:\/\/www.ibizacancer.com\/en\/2016\/01\/ifcc-celebra-su-15-aniversario-el-proximo-5-de-febrero-2\/#article","isPartOf":{"@id":"https:\/\/www.ibizacancer.com\/en\/2016\/01\/ifcc-celebra-su-15-aniversario-el-proximo-5-de-febrero-2\/"},"author":{"name":"IFCC","@id":"https:\/\/www.ibizacancer.com\/en\/#\/schema\/person\/4a32eda3ec27872ff1d22fb74503b4f2"},"headline":"IFCC celebra su 15 aniversario el pr\u00f3ximo 5 de febrero","datePublished":"2016-01-29T07:41:43+00:00","dateModified":"2024-06-14T09:56:59+00:00","mainEntityOfPage":{"@id":"https:\/\/www.ibizacancer.com\/en\/2016\/01\/ifcc-celebra-su-15-aniversario-el-proximo-5-de-febrero-2\/"},"wordCount":314,"commentCount":0,"publisher":{"@id":"https:\/\/www.ibizacancer.com\/en\/#organization"},"image":{"@id":"https:\/\/www.ibizacancer.com\/en\/2016\/01\/ifcc-celebra-su-15-aniversario-el-proximo-5-de-febrero-2\/#primaryimage"},"thumbnailUrl":"https:\/\/www.ibizacancer.com\/wp-content\/uploads\/2024\/06\/destacado-lista-jpg.jpg","articleSection":["Blog","Sin categorizar"],"inLanguage":"en-US","potentialAction":[{"@type":"CommentAction","name":"Comment","target":["https:\/\/www.ibizacancer.com\/en\/2016\/01\/ifcc-celebra-su-15-aniversario-el-proximo-5-de-febrero-2\/#respond"]}]},{"@type":"WebPage","@id":"https:\/\/www.ibizacancer.com\/en\/2016\/01\/ifcc-celebra-su-15-aniversario-el-proximo-5-de-febrero-2\/","url":"https:\/\/www.ibizacancer.com\/en\/2016\/01\/ifcc-celebra-su-15-aniversario-el-proximo-5-de-febrero-2\/","name":"IFCC celebra su 15 aniversario el pr\u00f3ximo 5 de febrero - Ibiza y Formentera Contra el C\u00e1ncer","isPartOf":{"@id":"https:\/\/www.ibizacancer.com\/en\/#website"},"primaryImageOfPage":{"@id":"https:\/\/www.ibizacancer.com\/en\/2016\/01\/ifcc-celebra-su-15-aniversario-el-proximo-5-de-febrero-2\/#primaryimage"},"image":{"@id":"https:\/\/www.ibizacancer.com\/en\/2016\/01\/ifcc-celebra-su-15-aniversario-el-proximo-5-de-febrero-2\/#primaryimage"},"thumbnailUrl":"https:\/\/www.ibizacancer.com\/wp-content\/uploads\/2024\/06\/destacado-lista-jpg.jpg","datePublished":"2016-01-29T07:41:43+00:00","dateModified":"2024-06-14T09:56:59+00:00","inLanguage":"en-US","potentialAction":[{"@type":"ReadAction","target":["https:\/\/www.ibizacancer.com\/en\/2016\/01\/ifcc-celebra-su-15-aniversario-el-proximo-5-de-febrero-2\/"]}]},{"@type":"ImageObject","inLanguage":"en-US","@id":"https:\/\/www.ibizacancer.com\/en\/2016\/01\/ifcc-celebra-su-15-aniversario-el-proximo-5-de-febrero-2\/#primaryimage","url":"https:\/\/www.ibizacancer.com\/wp-content\/uploads\/2024\/06\/destacado-lista-jpg.jpg","contentUrl":"https:\/\/www.ibizacancer.com\/wp-content\/uploads\/2024\/06\/destacado-lista-jpg.jpg","width":700,"height":305},{"@type":"WebSite","@id":"https:\/\/www.ibizacancer.com\/en\/#website","url":"https:\/\/www.ibizacancer.com\/en\/","name":"Ibiza y Formentera Contra el C\u00e1ncer","description":"Ibiza y Formentera contra el C\u00e1ncer es una organizaci\u00f3n no gubernamental y sin \u00e1nimo de lucro dirigida a la lucha contra esta enfermedad en las Pitiusas.","publisher":{"@id":"https:\/\/www.ibizacancer.com\/en\/#organization"},"potentialAction":[{"@type":"SearchAction","target":{"@type":"EntryPoint","urlTemplate":"https:\/\/www.ibizacancer.com\/en\/?s={search_term_string}"},"query-input":{"@type":"PropertyValueSpecification","valueRequired":true,"valueName":"search_term_string"}}],"inLanguage":"en-US"},{"@type":"Organization","@id":"https:\/\/www.ibizacancer.com\/en\/#organization","name":"Ibiza y Formentera Contra el C\u00e1ncer","url":"https:\/\/www.ibizacancer.com\/en\/","logo":{"@type":"ImageObject","inLanguage":"en-US","@id":"https:\/\/www.ibizacancer.com\/en\/#\/schema\/logo\/image\/","url":"https:\/\/www.ibizacancer.com\/wp-content\/uploads\/2020\/08\/ifcc-logo-web.png","contentUrl":"https:\/\/www.ibizacancer.com\/wp-content\/uploads\/2020\/08\/ifcc-logo-web.png","width":200,"height":73,"caption":"Ibiza y Formentera Contra el C\u00e1ncer"},"image":{"@id":"https:\/\/www.ibizacancer.com\/en\/#\/schema\/logo\/image\/"},"sameAs":["https:\/\/www.facebook.com\/IFCCancer"]},{"@type":"Person","@id":"https:\/\/www.ibizacancer.com\/en\/#\/schema\/person\/4a32eda3ec27872ff1d22fb74503b4f2","name":"IFCC","image":{"@type":"ImageObject","inLanguage":"en-US","@id":"https:\/\/www.ibizacancer.com\/en\/#\/schema\/person\/image\/","url":"https:\/\/secure.gravatar.com\/avatar\/33cf8cba6efee2cb7a070c8cef186bfe8924ee65c94c506f4742e6653ba357e6?s=96&d=mm&r=g","contentUrl":"https:\/\/secure.gravatar.com\/avatar\/33cf8cba6efee2cb7a070c8cef186bfe8924ee65c94c506f4742e6653ba357e6?s=96&d=mm&r=g","caption":"IFCC"},"sameAs":["https:\/\/www.ibizacancer.com"]}]}},"_links":{"self":[{"href":"https:\/\/www.ibizacancer.com\/en\/wp-json\/wp\/v2\/posts\/22102","targetHints":{"allow":["GET"]}}],"collection":[{"href":"https:\/\/www.ibizacancer.com\/en\/wp-json\/wp\/v2\/posts"}],"about":[{"href":"https:\/\/www.ibizacancer.com\/en\/wp-json\/wp\/v2\/types\/post"}],"author":[{"embeddable":true,"href":"https:\/\/www.ibizacancer.com\/en\/wp-json\/wp\/v2\/users\/1"}],"replies":[{"embeddable":true,"href":"https:\/\/www.ibizacancer.com\/en\/wp-json\/wp\/v2\/comments?post=22102"}],"version-history":[{"count":0,"href":"https:\/\/www.ibizacancer.com\/en\/wp-json\/wp\/v2\/posts\/22102\/revisions"}],"wp:featuredmedia":[{"embeddable":true,"href":"https:\/\/www.ibizacancer.com\/en\/wp-json\/wp\/v2\/media\/22016"}],"wp:attachment":[{"href":"https:\/\/www.ibizacancer.com\/en\/wp-json\/wp\/v2\/media?parent=22102"}],"wp:term":[{"taxonomy":"category","embeddable":true,"href":"https:\/\/www.ibizacancer.com\/en\/wp-json\/wp\/v2\/categories?post=22102"},{"taxonomy":"post_tag","embeddable":true,"href":"https:\/\/www.ibizacancer.com\/en\/wp-json\/wp\/v2\/tags?post=22102"}],"curies":[{"name":"wp","href":"https:\/\/api.w.org\/{rel}","templated":true}]}}