{"id":22106,"date":"2015-12-18T08:38:29","date_gmt":"2015-12-18T07:38:29","guid":{"rendered":"https:\/\/www.ibizacancer.com\/support-81-celebra-el-proximo-22-de-diciembre-una-comida-solidaria-a-favor-de-ifcc-2\/"},"modified":"2024-06-14T11:56:55","modified_gmt":"2024-06-14T09:56:55","slug":"support-81-celebra-el-proximo-22-de-diciembre-una-comida-solidaria-a-favor-de-ifcc-2","status":"publish","type":"post","link":"https:\/\/www.ibizacancer.com\/en\/2015\/12\/support-81-celebra-el-proximo-22-de-diciembre-una-comida-solidaria-a-favor-de-ifcc-2\/","title":{"rendered":"Support 81 celebra el pr\u00f3ximo 22 de diciembre una comida solidaria a favor de IFCC"},"content":{"rendered":"<div class=\"carrusel-interior\"><\/div>\n<div class=\"intro-noticia-detalle\">\n<p><strong>Los asistentes podr\u00e1n participar en una rifa y disfrutar de la m\u00fasica<\/strong><\/p>\n<p>Ibiza, 17 de diciembre\u00a0 (IMAM COMUNICACI\u00d3N)<\/p>\n<p>La asociaci\u00f3n Support 81 organiza el pr\u00f3ximo 22 de diciembre en el restaurante El Rinc\u00f3n de la Bodega, situado en la carretera de Santa Eulalia, una torrada solidaria para recaudar fondos para la asociaci\u00f3n Ibiza y Formentera contra el C\u00e1ncer, IFCC. Este encuentro ser\u00e1 gratuito aunque se podr\u00e1n hacer donaciones voluntarias a cambio de la comida. Durante el evento se vender\u00e1n boletos para un sorteo y habr\u00e1 m\u00fasica en vivo. \u00a0A la torrada asistir\u00e1n el presidente del Consell, Vicent Torres, y el alcalde de Santa Eul\u00e0ria, Vicent Mar\u00ed.<\/p>\n<p>El espacio abrir\u00e1 sus puertas a las 12.00 horas y la velada se alagar\u00e1 hasta las 14.00 horas. Durante esta diada se podr\u00e1n adquirir papeletas y se fallar\u00e1n los premios junto con el sorteo de la Loter\u00eda de Navidad, que tiene lugar el mismo d\u00eda. La presidenta de la asociaci\u00f3n, Helen Watson, afirma que \u201cestamos muy contentos con la ayuda que estamos recibiendo y con todas estas aportaciones por lo que nos espera un a\u00f1o lleno de proyectos\u201d.<\/p>\n<p>Desde IFCC agradecen a los colobaradores y a los asistentes su esfuerzo en cada uno de sus eventos y afirman que, \u201csin ellos todo lo que hacemos ser\u00eda imposible y hemos conseguido muchas cosas estos \u00faltimos 15 a\u00f1os de trabajo\u201d. Adem\u00e1s de la torrada se instalar\u00e1 un castillo hinchable para los m\u00e1s peque\u00f1os y se podr\u00e1n adquirir boletos por cinco euros para una rifa que se sortear\u00e1 coincidiendo con la Loter\u00eda de Navidad. Los premios del sorteo son, de mayor a menor, una televisi\u00f3n de 43 pulgadas, una Playstation 4, una bicicleta, una cesta de Navidad de vinos y una Tablet Android 4.4, que corresponder\u00e1n a los cinco primeros premios del Sorteo Nacional y se entregar\u00e1n al momento.<\/p>\n<p>Al final de esta diada solidaria el restaurante har\u00e1 entrega de un cheque para la Asociaci\u00f3n por la cantidad recaudada con las distintas actividades. IFCC cumplir\u00e1 15 a\u00f1os en 2016 recordando todos los hitos que han marcado su historia en un evento que tendr\u00e1 lugar el pr\u00f3ximo mes de febrero. Seg\u00fan expresa Watson \u201cha sido un largo camino pero poco a poco vemos que nuestra lucha no es en vano, que hay mucha gente que nos lo agradece y que hemos avanzado mucho desde que comenzamos\u201d, concluye.<\/p>\n<\/div>\n","protected":false},"excerpt":{"rendered":"<p>Los asistentes podr\u00e1n participar en una rifa y disfrutar de la m\u00fasica Ibiza, 17 de diciembre\u00a0 (IMAM COMUNICACI\u00d3N) La asociaci\u00f3n Support 81 organiza el pr\u00f3ximo 22 de diciembre en el [&hellip;]<\/p>\n","protected":false},"author":1,"featured_media":22010,"comment_status":"open","ping_status":"closed","sticky":false,"template":"","format":"standard","meta":{"_acf_changed":false,"give_campaign_id":0,"footnotes":""},"categories":[540,1],"tags":[],"class_list":["post-22106","post","type-post","status-publish","format-standard","has-post-thumbnail","hentry","category-blog-2","category-sin-categorizar","entry"],"acf":[],"yoast_head":"<!-- This site is optimized with the Yoast SEO plugin v27.1.1 - https:\/\/yoast.com\/product\/yoast-seo-wordpress\/ -->\n<title>Support 81 celebra el pr\u00f3ximo 22 de diciembre una comida solidaria a favor de IFCC - Ibiza y Formentera Contra el C\u00e1ncer<\/title>\n<meta name=\"robots\" content=\"index, follow, max-snippet:-1, max-image-preview:large, max-video-preview:-1\" \/>\n<link rel=\"canonical\" href=\"https:\/\/www.ibizacancer.com\/en\/2015\/12\/support-81-celebra-el-proximo-22-de-diciembre-una-comida-solidaria-a-favor-de-ifcc-2\/\" \/>\n<meta property=\"og:locale\" content=\"en_US\" \/>\n<meta property=\"og:type\" content=\"article\" \/>\n<meta property=\"og:title\" content=\"Support 81 celebra el pr\u00f3ximo 22 de diciembre una comida solidaria a favor de IFCC - Ibiza y Formentera Contra el C\u00e1ncer\" \/>\n<meta property=\"og:description\" content=\"Los asistentes podr\u00e1n participar en una rifa y disfrutar de la m\u00fasica Ibiza, 17 de diciembre\u00a0 (IMAM COMUNICACI\u00d3N) La asociaci\u00f3n Support 81 organiza el pr\u00f3ximo 22 de diciembre en el [&hellip;]\" \/>\n<meta property=\"og:url\" content=\"https:\/\/www.ibizacancer.com\/en\/2015\/12\/support-81-celebra-el-proximo-22-de-diciembre-una-comida-solidaria-a-favor-de-ifcc-2\/\" \/>\n<meta property=\"og:site_name\" content=\"Ibiza y Formentera Contra el C\u00e1ncer\" \/>\n<meta property=\"article:publisher\" content=\"https:\/\/www.facebook.com\/IFCCancer\" \/>\n<meta property=\"article:published_time\" content=\"2015-12-18T07:38:29+00:00\" \/>\n<meta property=\"article:modified_time\" content=\"2024-06-14T09:56:55+00:00\" \/>\n<meta property=\"og:image\" content=\"https:\/\/www.ibizacancer.com\/wp-content\/uploads\/2024\/06\/post-jpg.jpg\" \/>\n\t<meta property=\"og:image:width\" content=\"700\" \/>\n\t<meta property=\"og:image:height\" content=\"305\" \/>\n\t<meta property=\"og:image:type\" content=\"image\/jpeg\" \/>\n<meta name=\"author\" content=\"IFCC\" \/>\n<meta name=\"twitter:card\" content=\"summary_large_image\" \/>\n<meta name=\"twitter:label1\" content=\"Written by\" \/>\n\t<meta name=\"twitter:data1\" content=\"IFCC\" \/>\n\t<meta name=\"twitter:label2\" content=\"Est. reading time\" \/>\n\t<meta name=\"twitter:data2\" content=\"2 minutes\" \/>\n<script type=\"application\/ld+json\" class=\"yoast-schema-graph\">{\"@context\":\"https:\/\/schema.org\",\"@graph\":[{\"@type\":\"Article\",\"@id\":\"https:\/\/www.ibizacancer.com\/en\/2015\/12\/support-81-celebra-el-proximo-22-de-diciembre-una-comida-solidaria-a-favor-de-ifcc-2\/#article\",\"isPartOf\":{\"@id\":\"https:\/\/www.ibizacancer.com\/en\/2015\/12\/support-81-celebra-el-proximo-22-de-diciembre-una-comida-solidaria-a-favor-de-ifcc-2\/\"},\"author\":{\"name\":\"IFCC\",\"@id\":\"https:\/\/www.ibizacancer.com\/en\/#\/schema\/person\/4a32eda3ec27872ff1d22fb74503b4f2\"},\"headline\":\"Support 81 celebra el pr\u00f3ximo 22 de diciembre una comida solidaria a favor de IFCC\",\"datePublished\":\"2015-12-18T07:38:29+00:00\",\"dateModified\":\"2024-06-14T09:56:55+00:00\",\"mainEntityOfPage\":{\"@id\":\"https:\/\/www.ibizacancer.com\/en\/2015\/12\/support-81-celebra-el-proximo-22-de-diciembre-una-comida-solidaria-a-favor-de-ifcc-2\/\"},\"wordCount\":425,\"commentCount\":0,\"publisher\":{\"@id\":\"https:\/\/www.ibizacancer.com\/en\/#organization\"},\"image\":{\"@id\":\"https:\/\/www.ibizacancer.com\/en\/2015\/12\/support-81-celebra-el-proximo-22-de-diciembre-una-comida-solidaria-a-favor-de-ifcc-2\/#primaryimage\"},\"thumbnailUrl\":\"https:\/\/www.ibizacancer.com\/wp-content\/uploads\/2024\/06\/post-jpg.jpg\",\"articleSection\":[\"Blog\",\"Sin categorizar\"],\"inLanguage\":\"en-US\",\"potentialAction\":[{\"@type\":\"CommentAction\",\"name\":\"Comment\",\"target\":[\"https:\/\/www.ibizacancer.com\/en\/2015\/12\/support-81-celebra-el-proximo-22-de-diciembre-una-comida-solidaria-a-favor-de-ifcc-2\/#respond\"]}]},{\"@type\":\"WebPage\",\"@id\":\"https:\/\/www.ibizacancer.com\/en\/2015\/12\/support-81-celebra-el-proximo-22-de-diciembre-una-comida-solidaria-a-favor-de-ifcc-2\/\",\"url\":\"https:\/\/www.ibizacancer.com\/en\/2015\/12\/support-81-celebra-el-proximo-22-de-diciembre-una-comida-solidaria-a-favor-de-ifcc-2\/\",\"name\":\"Support 81 celebra el pr\u00f3ximo 22 de diciembre una comida solidaria a favor de IFCC - Ibiza y Formentera Contra el C\u00e1ncer\",\"isPartOf\":{\"@id\":\"https:\/\/www.ibizacancer.com\/en\/#website\"},\"primaryImageOfPage\":{\"@id\":\"https:\/\/www.ibizacancer.com\/en\/2015\/12\/support-81-celebra-el-proximo-22-de-diciembre-una-comida-solidaria-a-favor-de-ifcc-2\/#primaryimage\"},\"image\":{\"@id\":\"https:\/\/www.ibizacancer.com\/en\/2015\/12\/support-81-celebra-el-proximo-22-de-diciembre-una-comida-solidaria-a-favor-de-ifcc-2\/#primaryimage\"},\"thumbnailUrl\":\"https:\/\/www.ibizacancer.com\/wp-content\/uploads\/2024\/06\/post-jpg.jpg\",\"datePublished\":\"2015-12-18T07:38:29+00:00\",\"dateModified\":\"2024-06-14T09:56:55+00:00\",\"inLanguage\":\"en-US\",\"potentialAction\":[{\"@type\":\"ReadAction\",\"target\":[\"https:\/\/www.ibizacancer.com\/en\/2015\/12\/support-81-celebra-el-proximo-22-de-diciembre-una-comida-solidaria-a-favor-de-ifcc-2\/\"]}]},{\"@type\":\"ImageObject\",\"inLanguage\":\"en-US\",\"@id\":\"https:\/\/www.ibizacancer.com\/en\/2015\/12\/support-81-celebra-el-proximo-22-de-diciembre-una-comida-solidaria-a-favor-de-ifcc-2\/#primaryimage\",\"url\":\"https:\/\/www.ibizacancer.com\/wp-content\/uploads\/2024\/06\/post-jpg.jpg\",\"contentUrl\":\"https:\/\/www.ibizacancer.com\/wp-content\/uploads\/2024\/06\/post-jpg.jpg\",\"width\":700,\"height\":305},{\"@type\":\"WebSite\",\"@id\":\"https:\/\/www.ibizacancer.com\/en\/#website\",\"url\":\"https:\/\/www.ibizacancer.com\/en\/\",\"name\":\"Ibiza y Formentera Contra el C\u00e1ncer\",\"description\":\"Ibiza y Formentera contra el C\u00e1ncer es una organizaci\u00f3n no gubernamental y sin \u00e1nimo de lucro dirigida a la lucha contra esta enfermedad en las Pitiusas.\",\"publisher\":{\"@id\":\"https:\/\/www.ibizacancer.com\/en\/#organization\"},\"potentialAction\":[{\"@type\":\"SearchAction\",\"target\":{\"@type\":\"EntryPoint\",\"urlTemplate\":\"https:\/\/www.ibizacancer.com\/en\/?s={search_term_string}\"},\"query-input\":{\"@type\":\"PropertyValueSpecification\",\"valueRequired\":true,\"valueName\":\"search_term_string\"}}],\"inLanguage\":\"en-US\"},{\"@type\":\"Organization\",\"@id\":\"https:\/\/www.ibizacancer.com\/en\/#organization\",\"name\":\"Ibiza y Formentera Contra el C\u00e1ncer\",\"url\":\"https:\/\/www.ibizacancer.com\/en\/\",\"logo\":{\"@type\":\"ImageObject\",\"inLanguage\":\"en-US\",\"@id\":\"https:\/\/www.ibizacancer.com\/en\/#\/schema\/logo\/image\/\",\"url\":\"https:\/\/www.ibizacancer.com\/wp-content\/uploads\/2020\/08\/ifcc-logo-web.png\",\"contentUrl\":\"https:\/\/www.ibizacancer.com\/wp-content\/uploads\/2020\/08\/ifcc-logo-web.png\",\"width\":200,\"height\":73,\"caption\":\"Ibiza y Formentera Contra el C\u00e1ncer\"},\"image\":{\"@id\":\"https:\/\/www.ibizacancer.com\/en\/#\/schema\/logo\/image\/\"},\"sameAs\":[\"https:\/\/www.facebook.com\/IFCCancer\"]},{\"@type\":\"Person\",\"@id\":\"https:\/\/www.ibizacancer.com\/en\/#\/schema\/person\/4a32eda3ec27872ff1d22fb74503b4f2\",\"name\":\"IFCC\",\"image\":{\"@type\":\"ImageObject\",\"inLanguage\":\"en-US\",\"@id\":\"https:\/\/www.ibizacancer.com\/en\/#\/schema\/person\/image\/\",\"url\":\"https:\/\/secure.gravatar.com\/avatar\/33cf8cba6efee2cb7a070c8cef186bfe8924ee65c94c506f4742e6653ba357e6?s=96&d=mm&r=g\",\"contentUrl\":\"https:\/\/secure.gravatar.com\/avatar\/33cf8cba6efee2cb7a070c8cef186bfe8924ee65c94c506f4742e6653ba357e6?s=96&d=mm&r=g\",\"caption\":\"IFCC\"},\"sameAs\":[\"https:\/\/www.ibizacancer.com\"]}]}<\/script>\n<!-- \/ Yoast SEO plugin. -->","yoast_head_json":{"title":"Support 81 celebra el pr\u00f3ximo 22 de diciembre una comida solidaria a favor de IFCC - Ibiza y Formentera Contra el C\u00e1ncer","robots":{"index":"index","follow":"follow","max-snippet":"max-snippet:-1","max-image-preview":"max-image-preview:large","max-video-preview":"max-video-preview:-1"},"canonical":"https:\/\/www.ibizacancer.com\/en\/2015\/12\/support-81-celebra-el-proximo-22-de-diciembre-una-comida-solidaria-a-favor-de-ifcc-2\/","og_locale":"en_US","og_type":"article","og_title":"Support 81 celebra el pr\u00f3ximo 22 de diciembre una comida solidaria a favor de IFCC - Ibiza y Formentera Contra el C\u00e1ncer","og_description":"Los asistentes podr\u00e1n participar en una rifa y disfrutar de la m\u00fasica Ibiza, 17 de diciembre\u00a0 (IMAM COMUNICACI\u00d3N) La asociaci\u00f3n Support 81 organiza el pr\u00f3ximo 22 de diciembre en el [&hellip;]","og_url":"https:\/\/www.ibizacancer.com\/en\/2015\/12\/support-81-celebra-el-proximo-22-de-diciembre-una-comida-solidaria-a-favor-de-ifcc-2\/","og_site_name":"Ibiza y Formentera Contra el C\u00e1ncer","article_publisher":"https:\/\/www.facebook.com\/IFCCancer","article_published_time":"2015-12-18T07:38:29+00:00","article_modified_time":"2024-06-14T09:56:55+00:00","og_image":[{"width":700,"height":305,"url":"https:\/\/www.ibizacancer.com\/wp-content\/uploads\/2024\/06\/post-jpg.jpg","type":"image\/jpeg"}],"author":"IFCC","twitter_card":"summary_large_image","twitter_misc":{"Written by":"IFCC","Est. reading time":"2 minutes"},"schema":{"@context":"https:\/\/schema.org","@graph":[{"@type":"Article","@id":"https:\/\/www.ibizacancer.com\/en\/2015\/12\/support-81-celebra-el-proximo-22-de-diciembre-una-comida-solidaria-a-favor-de-ifcc-2\/#article","isPartOf":{"@id":"https:\/\/www.ibizacancer.com\/en\/2015\/12\/support-81-celebra-el-proximo-22-de-diciembre-una-comida-solidaria-a-favor-de-ifcc-2\/"},"author":{"name":"IFCC","@id":"https:\/\/www.ibizacancer.com\/en\/#\/schema\/person\/4a32eda3ec27872ff1d22fb74503b4f2"},"headline":"Support 81 celebra el pr\u00f3ximo 22 de diciembre una comida solidaria a favor de IFCC","datePublished":"2015-12-18T07:38:29+00:00","dateModified":"2024-06-14T09:56:55+00:00","mainEntityOfPage":{"@id":"https:\/\/www.ibizacancer.com\/en\/2015\/12\/support-81-celebra-el-proximo-22-de-diciembre-una-comida-solidaria-a-favor-de-ifcc-2\/"},"wordCount":425,"commentCount":0,"publisher":{"@id":"https:\/\/www.ibizacancer.com\/en\/#organization"},"image":{"@id":"https:\/\/www.ibizacancer.com\/en\/2015\/12\/support-81-celebra-el-proximo-22-de-diciembre-una-comida-solidaria-a-favor-de-ifcc-2\/#primaryimage"},"thumbnailUrl":"https:\/\/www.ibizacancer.com\/wp-content\/uploads\/2024\/06\/post-jpg.jpg","articleSection":["Blog","Sin categorizar"],"inLanguage":"en-US","potentialAction":[{"@type":"CommentAction","name":"Comment","target":["https:\/\/www.ibizacancer.com\/en\/2015\/12\/support-81-celebra-el-proximo-22-de-diciembre-una-comida-solidaria-a-favor-de-ifcc-2\/#respond"]}]},{"@type":"WebPage","@id":"https:\/\/www.ibizacancer.com\/en\/2015\/12\/support-81-celebra-el-proximo-22-de-diciembre-una-comida-solidaria-a-favor-de-ifcc-2\/","url":"https:\/\/www.ibizacancer.com\/en\/2015\/12\/support-81-celebra-el-proximo-22-de-diciembre-una-comida-solidaria-a-favor-de-ifcc-2\/","name":"Support 81 celebra el pr\u00f3ximo 22 de diciembre una comida solidaria a favor de IFCC - Ibiza y Formentera Contra el C\u00e1ncer","isPartOf":{"@id":"https:\/\/www.ibizacancer.com\/en\/#website"},"primaryImageOfPage":{"@id":"https:\/\/www.ibizacancer.com\/en\/2015\/12\/support-81-celebra-el-proximo-22-de-diciembre-una-comida-solidaria-a-favor-de-ifcc-2\/#primaryimage"},"image":{"@id":"https:\/\/www.ibizacancer.com\/en\/2015\/12\/support-81-celebra-el-proximo-22-de-diciembre-una-comida-solidaria-a-favor-de-ifcc-2\/#primaryimage"},"thumbnailUrl":"https:\/\/www.ibizacancer.com\/wp-content\/uploads\/2024\/06\/post-jpg.jpg","datePublished":"2015-12-18T07:38:29+00:00","dateModified":"2024-06-14T09:56:55+00:00","inLanguage":"en-US","potentialAction":[{"@type":"ReadAction","target":["https:\/\/www.ibizacancer.com\/en\/2015\/12\/support-81-celebra-el-proximo-22-de-diciembre-una-comida-solidaria-a-favor-de-ifcc-2\/"]}]},{"@type":"ImageObject","inLanguage":"en-US","@id":"https:\/\/www.ibizacancer.com\/en\/2015\/12\/support-81-celebra-el-proximo-22-de-diciembre-una-comida-solidaria-a-favor-de-ifcc-2\/#primaryimage","url":"https:\/\/www.ibizacancer.com\/wp-content\/uploads\/2024\/06\/post-jpg.jpg","contentUrl":"https:\/\/www.ibizacancer.com\/wp-content\/uploads\/2024\/06\/post-jpg.jpg","width":700,"height":305},{"@type":"WebSite","@id":"https:\/\/www.ibizacancer.com\/en\/#website","url":"https:\/\/www.ibizacancer.com\/en\/","name":"Ibiza y Formentera Contra el C\u00e1ncer","description":"Ibiza y Formentera contra el C\u00e1ncer es una organizaci\u00f3n no gubernamental y sin \u00e1nimo de lucro dirigida a la lucha contra esta enfermedad en las Pitiusas.","publisher":{"@id":"https:\/\/www.ibizacancer.com\/en\/#organization"},"potentialAction":[{"@type":"SearchAction","target":{"@type":"EntryPoint","urlTemplate":"https:\/\/www.ibizacancer.com\/en\/?s={search_term_string}"},"query-input":{"@type":"PropertyValueSpecification","valueRequired":true,"valueName":"search_term_string"}}],"inLanguage":"en-US"},{"@type":"Organization","@id":"https:\/\/www.ibizacancer.com\/en\/#organization","name":"Ibiza y Formentera Contra el C\u00e1ncer","url":"https:\/\/www.ibizacancer.com\/en\/","logo":{"@type":"ImageObject","inLanguage":"en-US","@id":"https:\/\/www.ibizacancer.com\/en\/#\/schema\/logo\/image\/","url":"https:\/\/www.ibizacancer.com\/wp-content\/uploads\/2020\/08\/ifcc-logo-web.png","contentUrl":"https:\/\/www.ibizacancer.com\/wp-content\/uploads\/2020\/08\/ifcc-logo-web.png","width":200,"height":73,"caption":"Ibiza y Formentera Contra el C\u00e1ncer"},"image":{"@id":"https:\/\/www.ibizacancer.com\/en\/#\/schema\/logo\/image\/"},"sameAs":["https:\/\/www.facebook.com\/IFCCancer"]},{"@type":"Person","@id":"https:\/\/www.ibizacancer.com\/en\/#\/schema\/person\/4a32eda3ec27872ff1d22fb74503b4f2","name":"IFCC","image":{"@type":"ImageObject","inLanguage":"en-US","@id":"https:\/\/www.ibizacancer.com\/en\/#\/schema\/person\/image\/","url":"https:\/\/secure.gravatar.com\/avatar\/33cf8cba6efee2cb7a070c8cef186bfe8924ee65c94c506f4742e6653ba357e6?s=96&d=mm&r=g","contentUrl":"https:\/\/secure.gravatar.com\/avatar\/33cf8cba6efee2cb7a070c8cef186bfe8924ee65c94c506f4742e6653ba357e6?s=96&d=mm&r=g","caption":"IFCC"},"sameAs":["https:\/\/www.ibizacancer.com"]}]}},"_links":{"self":[{"href":"https:\/\/www.ibizacancer.com\/en\/wp-json\/wp\/v2\/posts\/22106","targetHints":{"allow":["GET"]}}],"collection":[{"href":"https:\/\/www.ibizacancer.com\/en\/wp-json\/wp\/v2\/posts"}],"about":[{"href":"https:\/\/www.ibizacancer.com\/en\/wp-json\/wp\/v2\/types\/post"}],"author":[{"embeddable":true,"href":"https:\/\/www.ibizacancer.com\/en\/wp-json\/wp\/v2\/users\/1"}],"replies":[{"embeddable":true,"href":"https:\/\/www.ibizacancer.com\/en\/wp-json\/wp\/v2\/comments?post=22106"}],"version-history":[{"count":0,"href":"https:\/\/www.ibizacancer.com\/en\/wp-json\/wp\/v2\/posts\/22106\/revisions"}],"wp:featuredmedia":[{"embeddable":true,"href":"https:\/\/www.ibizacancer.com\/en\/wp-json\/wp\/v2\/media\/22010"}],"wp:attachment":[{"href":"https:\/\/www.ibizacancer.com\/en\/wp-json\/wp\/v2\/media?parent=22106"}],"wp:term":[{"taxonomy":"category","embeddable":true,"href":"https:\/\/www.ibizacancer.com\/en\/wp-json\/wp\/v2\/categories?post=22106"},{"taxonomy":"post_tag","embeddable":true,"href":"https:\/\/www.ibizacancer.com\/en\/wp-json\/wp\/v2\/tags?post=22106"}],"curies":[{"name":"wp","href":"https:\/\/api.w.org\/{rel}","templated":true}]}}