{"id":22112,"date":"2015-11-16T08:19:35","date_gmt":"2015-11-16T07:19:35","guid":{"rendered":"https:\/\/www.ibizacancer.com\/ifcc-recuerda-que-el-cancer-de-pulmon-es-el-tumor-que-mejor-puede-evitarse-abandonando-un-habito-tan-nocivo-como-es-el-tabaco-2\/"},"modified":"2024-06-14T11:56:54","modified_gmt":"2024-06-14T09:56:54","slug":"ifcc-recuerda-que-el-cancer-de-pulmon-es-el-tumor-que-mejor-puede-evitarse-abandonando-un-habito-tan-nocivo-como-es-el-tabaco-2","status":"publish","type":"post","link":"https:\/\/www.ibizacancer.com\/en\/2015\/11\/ifcc-recuerda-que-el-cancer-de-pulmon-es-el-tumor-que-mejor-puede-evitarse-abandonando-un-habito-tan-nocivo-como-es-el-tabaco-2\/","title":{"rendered":"IFCC recuerda que el c\u00e1ncer de pulm\u00f3n es el tumor que mejor puede evitarse abandonando un h\u00e1bito tan nocivo como es el tabaco"},"content":{"rendered":"<div class=\"carrusel-interior\">\n<div id=\"imgCarruserlInt1\" class=\"img-carrusel-interior\">\n<div class=\"pie-foto-detalle\"><strong>IFCC &amp; IMAM COMUNICACI\u00d3N<\/strong><\/div>\n<\/div>\n<\/div>\n<div class=\"intro-noticia-detalle\">\n<p>El pr\u00f3ximo 17 de noviembre se celebra el D\u00eda Internacional del C\u00e1ncer de Pulm\u00f3n, una de las enfermedades m\u00e1s derivadas a una pr\u00e1ctica de riesgo, como es el consumo de tabaco, y en la que m\u00e1s avances se han experimentado en los \u00faltimos a\u00f1os. Seg\u00fan destacan desde Ibiza y Formentera Contra el C\u00e1ncer, IFCC, \u201cel primer paso para plantar cara a esta enfermedad es dejar este h\u00e1bito, que ya no est\u00e1 de moda, abandonarlo en edades adultas y seguir instando a nuestros j\u00f3venes a que no lo vean como algo atractivo sino como el peligro que es para nuestra salud\u201d. Una reivindicaci\u00f3n que desde IFCC se trasladar\u00e1 en mesas informativas en Can Misses el mismo d\u00eda 17 y en d\u00edas posteriores a los Centros de Salud de Santa Eul\u00e0ria, Sant Joan y Santa Gertrudis.<\/p>\n<p>\u201cSi los cient\u00edficos aseguran que el tabaco es el mayor riesgo evitable para prevenir el c\u00e1ncer, no se entiende que la gente no se conciencie y lo abandone de una vez por todas\u201d, afirma la presidenta de IFCC, Helen Watson. \u201cEntendemos que la adicci\u00f3n que provoca es muy alta pero la vida tiene un valor y un atractivo mucho mayor\u201d, concreta.<\/p>\n<p>Entre el 80 y el 90 por ciento de los c\u00e1nceres de pulm\u00f3n se dan en fumadores o personas que han dejado el tabaco recientemente. Unas cifras que contrastan dr\u00e1sticamente con la informaci\u00f3n que maneja la ciudadan\u00eda \u201cque no tiene constancia de que el tabaco contiene hasta setenta sustancias que pueden provocar c\u00e1ncer que cada a\u00f1os se cobran en Europa cerca de 700.000 vidas\u201d.<\/p>\n<p>Seg\u00fan las estad\u00edsticas, en Espa\u00f1a el n\u00famero de muertes causadas por el tabaco comenz\u00f3 a disminuir entre los hombres a partir del a\u00f1o 2001, mientras que entre las mujeres la mortalidad atribuible al tabaco sigue aumentando, en consonancia con el aumento del n\u00famero de fumadoras.<\/p>\n<p>En los \u00faltimos tiempos se han producido grandes avances en el conocimiento de la biolog\u00eda molecular del c\u00e1ncer, lo cual ha permitido mejorar los resultados terap\u00e9uticos e incrementar la supervivencia de los pacientes con tumores urol\u00f3gicos y pulmonares.<\/p>\n<p>Entre un 85-90% de los casos de c\u00e1ncer de pulm\u00f3n corresponden a la variante conocida como c\u00e1ncer de pulm\u00f3n no de c\u00e9lula peque\u00f1a (CPCNP) y lamentablemente s\u00f3lo un tercio de los pacientes son candidatos a cirug\u00eda con intenci\u00f3n curativa. Seg\u00fan concret\u00f3 el doctor Javier Puente, responsable del Servicio de Oncolog\u00eda M\u00e9dica del Hospital Cl\u00ednico San Carlos en el marco del XVI Simposio de Revisiones en C\u00e1ncer, \u201csi tenemos en cuenta que un 30% de los pacientes son sometidos a cirug\u00eda y m\u00e1s de la mitad de los que tienen afectaci\u00f3n loco-regional sufrir\u00e1n progresi\u00f3n tumoral, al final alrededor de un 80% de los pacientes tendr\u00e1 que recibir tratamiento para la enfermedad avanzada\u201d.<\/p>\n<p>En los \u00faltimos a\u00f1os hemos asistido a avances en los resultados terap\u00e9uticos de esta enfermedad pero hasta ahora, la quimioterapia es el tratamiento habitual para este tipo de enfermos en estadio avanzado.<\/p>\n<\/div>\n","protected":false},"excerpt":{"rendered":"<p>IFCC &amp; IMAM COMUNICACI\u00d3N El pr\u00f3ximo 17 de noviembre se celebra el D\u00eda Internacional del C\u00e1ncer de Pulm\u00f3n, una de las enfermedades m\u00e1s derivadas a una pr\u00e1ctica de riesgo, como [&hellip;]<\/p>\n","protected":false},"author":1,"featured_media":22004,"comment_status":"open","ping_status":"closed","sticky":false,"template":"","format":"standard","meta":{"_acf_changed":false,"give_campaign_id":0,"footnotes":""},"categories":[540,1],"tags":[],"class_list":["post-22112","post","type-post","status-publish","format-standard","has-post-thumbnail","hentry","category-blog-2","category-sin-categorizar","entry"],"acf":[],"yoast_head":"<!-- This site is optimized with the Yoast SEO plugin v27.1.1 - https:\/\/yoast.com\/product\/yoast-seo-wordpress\/ -->\n<title>IFCC recuerda que el c\u00e1ncer de pulm\u00f3n es el tumor que mejor puede evitarse abandonando un h\u00e1bito tan nocivo como es el tabaco - Ibiza y Formentera Contra el C\u00e1ncer<\/title>\n<meta name=\"robots\" content=\"index, follow, max-snippet:-1, max-image-preview:large, max-video-preview:-1\" \/>\n<link rel=\"canonical\" href=\"https:\/\/www.ibizacancer.com\/en\/2015\/11\/ifcc-recuerda-que-el-cancer-de-pulmon-es-el-tumor-que-mejor-puede-evitarse-abandonando-un-habito-tan-nocivo-como-es-el-tabaco-2\/\" \/>\n<meta property=\"og:locale\" content=\"en_US\" \/>\n<meta property=\"og:type\" content=\"article\" \/>\n<meta property=\"og:title\" content=\"IFCC recuerda que el c\u00e1ncer de pulm\u00f3n es el tumor que mejor puede evitarse abandonando un h\u00e1bito tan nocivo como es el tabaco - Ibiza y Formentera Contra el C\u00e1ncer\" \/>\n<meta property=\"og:description\" content=\"IFCC &amp; IMAM COMUNICACI\u00d3N El pr\u00f3ximo 17 de noviembre se celebra el D\u00eda Internacional del C\u00e1ncer de Pulm\u00f3n, una de las enfermedades m\u00e1s derivadas a una pr\u00e1ctica de riesgo, como [&hellip;]\" \/>\n<meta property=\"og:url\" content=\"https:\/\/www.ibizacancer.com\/en\/2015\/11\/ifcc-recuerda-que-el-cancer-de-pulmon-es-el-tumor-que-mejor-puede-evitarse-abandonando-un-habito-tan-nocivo-como-es-el-tabaco-2\/\" \/>\n<meta property=\"og:site_name\" content=\"Ibiza y Formentera Contra el C\u00e1ncer\" \/>\n<meta property=\"article:publisher\" content=\"https:\/\/www.facebook.com\/IFCCancer\" \/>\n<meta property=\"article:published_time\" content=\"2015-11-16T07:19:35+00:00\" \/>\n<meta property=\"article:modified_time\" content=\"2024-06-14T09:56:54+00:00\" \/>\n<meta property=\"og:image\" content=\"https:\/\/www.ibizacancer.com\/wp-content\/uploads\/2024\/06\/foto-1-gif.gif\" \/>\n\t<meta property=\"og:image:width\" content=\"700\" \/>\n\t<meta property=\"og:image:height\" content=\"305\" \/>\n\t<meta property=\"og:image:type\" content=\"image\/gif\" \/>\n<meta name=\"author\" content=\"IFCC\" \/>\n<meta name=\"twitter:card\" content=\"summary_large_image\" \/>\n<meta name=\"twitter:label1\" content=\"Written by\" \/>\n\t<meta name=\"twitter:data1\" content=\"IFCC\" \/>\n\t<meta name=\"twitter:label2\" content=\"Est. reading time\" \/>\n\t<meta name=\"twitter:data2\" content=\"3 minutes\" \/>\n<script type=\"application\/ld+json\" class=\"yoast-schema-graph\">{\"@context\":\"https:\/\/schema.org\",\"@graph\":[{\"@type\":\"Article\",\"@id\":\"https:\/\/www.ibizacancer.com\/en\/2015\/11\/ifcc-recuerda-que-el-cancer-de-pulmon-es-el-tumor-que-mejor-puede-evitarse-abandonando-un-habito-tan-nocivo-como-es-el-tabaco-2\/#article\",\"isPartOf\":{\"@id\":\"https:\/\/www.ibizacancer.com\/en\/2015\/11\/ifcc-recuerda-que-el-cancer-de-pulmon-es-el-tumor-que-mejor-puede-evitarse-abandonando-un-habito-tan-nocivo-como-es-el-tabaco-2\/\"},\"author\":{\"name\":\"IFCC\",\"@id\":\"https:\/\/www.ibizacancer.com\/en\/#\/schema\/person\/4a32eda3ec27872ff1d22fb74503b4f2\"},\"headline\":\"IFCC recuerda que el c\u00e1ncer de pulm\u00f3n es el tumor que mejor puede evitarse abandonando un h\u00e1bito tan nocivo como es el tabaco\",\"datePublished\":\"2015-11-16T07:19:35+00:00\",\"dateModified\":\"2024-06-14T09:56:54+00:00\",\"mainEntityOfPage\":{\"@id\":\"https:\/\/www.ibizacancer.com\/en\/2015\/11\/ifcc-recuerda-que-el-cancer-de-pulmon-es-el-tumor-que-mejor-puede-evitarse-abandonando-un-habito-tan-nocivo-como-es-el-tabaco-2\/\"},\"wordCount\":565,\"commentCount\":0,\"publisher\":{\"@id\":\"https:\/\/www.ibizacancer.com\/en\/#organization\"},\"image\":{\"@id\":\"https:\/\/www.ibizacancer.com\/en\/2015\/11\/ifcc-recuerda-que-el-cancer-de-pulmon-es-el-tumor-que-mejor-puede-evitarse-abandonando-un-habito-tan-nocivo-como-es-el-tabaco-2\/#primaryimage\"},\"thumbnailUrl\":\"https:\/\/www.ibizacancer.com\/wp-content\/uploads\/2024\/06\/foto-1-gif.gif\",\"articleSection\":[\"Blog\",\"Sin categorizar\"],\"inLanguage\":\"en-US\",\"potentialAction\":[{\"@type\":\"CommentAction\",\"name\":\"Comment\",\"target\":[\"https:\/\/www.ibizacancer.com\/en\/2015\/11\/ifcc-recuerda-que-el-cancer-de-pulmon-es-el-tumor-que-mejor-puede-evitarse-abandonando-un-habito-tan-nocivo-como-es-el-tabaco-2\/#respond\"]}]},{\"@type\":\"WebPage\",\"@id\":\"https:\/\/www.ibizacancer.com\/en\/2015\/11\/ifcc-recuerda-que-el-cancer-de-pulmon-es-el-tumor-que-mejor-puede-evitarse-abandonando-un-habito-tan-nocivo-como-es-el-tabaco-2\/\",\"url\":\"https:\/\/www.ibizacancer.com\/en\/2015\/11\/ifcc-recuerda-que-el-cancer-de-pulmon-es-el-tumor-que-mejor-puede-evitarse-abandonando-un-habito-tan-nocivo-como-es-el-tabaco-2\/\",\"name\":\"IFCC recuerda que el c\u00e1ncer de pulm\u00f3n es el tumor que mejor puede evitarse abandonando un h\u00e1bito tan nocivo como es el tabaco - Ibiza y Formentera Contra el C\u00e1ncer\",\"isPartOf\":{\"@id\":\"https:\/\/www.ibizacancer.com\/en\/#website\"},\"primaryImageOfPage\":{\"@id\":\"https:\/\/www.ibizacancer.com\/en\/2015\/11\/ifcc-recuerda-que-el-cancer-de-pulmon-es-el-tumor-que-mejor-puede-evitarse-abandonando-un-habito-tan-nocivo-como-es-el-tabaco-2\/#primaryimage\"},\"image\":{\"@id\":\"https:\/\/www.ibizacancer.com\/en\/2015\/11\/ifcc-recuerda-que-el-cancer-de-pulmon-es-el-tumor-que-mejor-puede-evitarse-abandonando-un-habito-tan-nocivo-como-es-el-tabaco-2\/#primaryimage\"},\"thumbnailUrl\":\"https:\/\/www.ibizacancer.com\/wp-content\/uploads\/2024\/06\/foto-1-gif.gif\",\"datePublished\":\"2015-11-16T07:19:35+00:00\",\"dateModified\":\"2024-06-14T09:56:54+00:00\",\"inLanguage\":\"en-US\",\"potentialAction\":[{\"@type\":\"ReadAction\",\"target\":[\"https:\/\/www.ibizacancer.com\/en\/2015\/11\/ifcc-recuerda-que-el-cancer-de-pulmon-es-el-tumor-que-mejor-puede-evitarse-abandonando-un-habito-tan-nocivo-como-es-el-tabaco-2\/\"]}]},{\"@type\":\"ImageObject\",\"inLanguage\":\"en-US\",\"@id\":\"https:\/\/www.ibizacancer.com\/en\/2015\/11\/ifcc-recuerda-que-el-cancer-de-pulmon-es-el-tumor-que-mejor-puede-evitarse-abandonando-un-habito-tan-nocivo-como-es-el-tabaco-2\/#primaryimage\",\"url\":\"https:\/\/www.ibizacancer.com\/wp-content\/uploads\/2024\/06\/foto-1-gif.gif\",\"contentUrl\":\"https:\/\/www.ibizacancer.com\/wp-content\/uploads\/2024\/06\/foto-1-gif.gif\",\"width\":700,\"height\":305},{\"@type\":\"WebSite\",\"@id\":\"https:\/\/www.ibizacancer.com\/en\/#website\",\"url\":\"https:\/\/www.ibizacancer.com\/en\/\",\"name\":\"Ibiza y Formentera Contra el C\u00e1ncer\",\"description\":\"Ibiza y Formentera contra el C\u00e1ncer es una organizaci\u00f3n no gubernamental y sin \u00e1nimo de lucro dirigida a la lucha contra esta enfermedad en las Pitiusas.\",\"publisher\":{\"@id\":\"https:\/\/www.ibizacancer.com\/en\/#organization\"},\"potentialAction\":[{\"@type\":\"SearchAction\",\"target\":{\"@type\":\"EntryPoint\",\"urlTemplate\":\"https:\/\/www.ibizacancer.com\/en\/?s={search_term_string}\"},\"query-input\":{\"@type\":\"PropertyValueSpecification\",\"valueRequired\":true,\"valueName\":\"search_term_string\"}}],\"inLanguage\":\"en-US\"},{\"@type\":\"Organization\",\"@id\":\"https:\/\/www.ibizacancer.com\/en\/#organization\",\"name\":\"Ibiza y Formentera Contra el C\u00e1ncer\",\"url\":\"https:\/\/www.ibizacancer.com\/en\/\",\"logo\":{\"@type\":\"ImageObject\",\"inLanguage\":\"en-US\",\"@id\":\"https:\/\/www.ibizacancer.com\/en\/#\/schema\/logo\/image\/\",\"url\":\"https:\/\/www.ibizacancer.com\/wp-content\/uploads\/2020\/08\/ifcc-logo-web.png\",\"contentUrl\":\"https:\/\/www.ibizacancer.com\/wp-content\/uploads\/2020\/08\/ifcc-logo-web.png\",\"width\":200,\"height\":73,\"caption\":\"Ibiza y Formentera Contra el C\u00e1ncer\"},\"image\":{\"@id\":\"https:\/\/www.ibizacancer.com\/en\/#\/schema\/logo\/image\/\"},\"sameAs\":[\"https:\/\/www.facebook.com\/IFCCancer\"]},{\"@type\":\"Person\",\"@id\":\"https:\/\/www.ibizacancer.com\/en\/#\/schema\/person\/4a32eda3ec27872ff1d22fb74503b4f2\",\"name\":\"IFCC\",\"image\":{\"@type\":\"ImageObject\",\"inLanguage\":\"en-US\",\"@id\":\"https:\/\/www.ibizacancer.com\/en\/#\/schema\/person\/image\/\",\"url\":\"https:\/\/secure.gravatar.com\/avatar\/33cf8cba6efee2cb7a070c8cef186bfe8924ee65c94c506f4742e6653ba357e6?s=96&d=mm&r=g\",\"contentUrl\":\"https:\/\/secure.gravatar.com\/avatar\/33cf8cba6efee2cb7a070c8cef186bfe8924ee65c94c506f4742e6653ba357e6?s=96&d=mm&r=g\",\"caption\":\"IFCC\"},\"sameAs\":[\"https:\/\/www.ibizacancer.com\"]}]}<\/script>\n<!-- \/ Yoast SEO plugin. -->","yoast_head_json":{"title":"IFCC recuerda que el c\u00e1ncer de pulm\u00f3n es el tumor que mejor puede evitarse abandonando un h\u00e1bito tan nocivo como es el tabaco - Ibiza y Formentera Contra el C\u00e1ncer","robots":{"index":"index","follow":"follow","max-snippet":"max-snippet:-1","max-image-preview":"max-image-preview:large","max-video-preview":"max-video-preview:-1"},"canonical":"https:\/\/www.ibizacancer.com\/en\/2015\/11\/ifcc-recuerda-que-el-cancer-de-pulmon-es-el-tumor-que-mejor-puede-evitarse-abandonando-un-habito-tan-nocivo-como-es-el-tabaco-2\/","og_locale":"en_US","og_type":"article","og_title":"IFCC recuerda que el c\u00e1ncer de pulm\u00f3n es el tumor que mejor puede evitarse abandonando un h\u00e1bito tan nocivo como es el tabaco - Ibiza y Formentera Contra el C\u00e1ncer","og_description":"IFCC &amp; IMAM COMUNICACI\u00d3N El pr\u00f3ximo 17 de noviembre se celebra el D\u00eda Internacional del C\u00e1ncer de Pulm\u00f3n, una de las enfermedades m\u00e1s derivadas a una pr\u00e1ctica de riesgo, como [&hellip;]","og_url":"https:\/\/www.ibizacancer.com\/en\/2015\/11\/ifcc-recuerda-que-el-cancer-de-pulmon-es-el-tumor-que-mejor-puede-evitarse-abandonando-un-habito-tan-nocivo-como-es-el-tabaco-2\/","og_site_name":"Ibiza y Formentera Contra el C\u00e1ncer","article_publisher":"https:\/\/www.facebook.com\/IFCCancer","article_published_time":"2015-11-16T07:19:35+00:00","article_modified_time":"2024-06-14T09:56:54+00:00","og_image":[{"width":700,"height":305,"url":"https:\/\/www.ibizacancer.com\/wp-content\/uploads\/2024\/06\/foto-1-gif.gif","type":"image\/gif"}],"author":"IFCC","twitter_card":"summary_large_image","twitter_misc":{"Written by":"IFCC","Est. reading time":"3 minutes"},"schema":{"@context":"https:\/\/schema.org","@graph":[{"@type":"Article","@id":"https:\/\/www.ibizacancer.com\/en\/2015\/11\/ifcc-recuerda-que-el-cancer-de-pulmon-es-el-tumor-que-mejor-puede-evitarse-abandonando-un-habito-tan-nocivo-como-es-el-tabaco-2\/#article","isPartOf":{"@id":"https:\/\/www.ibizacancer.com\/en\/2015\/11\/ifcc-recuerda-que-el-cancer-de-pulmon-es-el-tumor-que-mejor-puede-evitarse-abandonando-un-habito-tan-nocivo-como-es-el-tabaco-2\/"},"author":{"name":"IFCC","@id":"https:\/\/www.ibizacancer.com\/en\/#\/schema\/person\/4a32eda3ec27872ff1d22fb74503b4f2"},"headline":"IFCC recuerda que el c\u00e1ncer de pulm\u00f3n es el tumor que mejor puede evitarse abandonando un h\u00e1bito tan nocivo como es el tabaco","datePublished":"2015-11-16T07:19:35+00:00","dateModified":"2024-06-14T09:56:54+00:00","mainEntityOfPage":{"@id":"https:\/\/www.ibizacancer.com\/en\/2015\/11\/ifcc-recuerda-que-el-cancer-de-pulmon-es-el-tumor-que-mejor-puede-evitarse-abandonando-un-habito-tan-nocivo-como-es-el-tabaco-2\/"},"wordCount":565,"commentCount":0,"publisher":{"@id":"https:\/\/www.ibizacancer.com\/en\/#organization"},"image":{"@id":"https:\/\/www.ibizacancer.com\/en\/2015\/11\/ifcc-recuerda-que-el-cancer-de-pulmon-es-el-tumor-que-mejor-puede-evitarse-abandonando-un-habito-tan-nocivo-como-es-el-tabaco-2\/#primaryimage"},"thumbnailUrl":"https:\/\/www.ibizacancer.com\/wp-content\/uploads\/2024\/06\/foto-1-gif.gif","articleSection":["Blog","Sin categorizar"],"inLanguage":"en-US","potentialAction":[{"@type":"CommentAction","name":"Comment","target":["https:\/\/www.ibizacancer.com\/en\/2015\/11\/ifcc-recuerda-que-el-cancer-de-pulmon-es-el-tumor-que-mejor-puede-evitarse-abandonando-un-habito-tan-nocivo-como-es-el-tabaco-2\/#respond"]}]},{"@type":"WebPage","@id":"https:\/\/www.ibizacancer.com\/en\/2015\/11\/ifcc-recuerda-que-el-cancer-de-pulmon-es-el-tumor-que-mejor-puede-evitarse-abandonando-un-habito-tan-nocivo-como-es-el-tabaco-2\/","url":"https:\/\/www.ibizacancer.com\/en\/2015\/11\/ifcc-recuerda-que-el-cancer-de-pulmon-es-el-tumor-que-mejor-puede-evitarse-abandonando-un-habito-tan-nocivo-como-es-el-tabaco-2\/","name":"IFCC recuerda que el c\u00e1ncer de pulm\u00f3n es el tumor que mejor puede evitarse abandonando un h\u00e1bito tan nocivo como es el tabaco - Ibiza y Formentera Contra el C\u00e1ncer","isPartOf":{"@id":"https:\/\/www.ibizacancer.com\/en\/#website"},"primaryImageOfPage":{"@id":"https:\/\/www.ibizacancer.com\/en\/2015\/11\/ifcc-recuerda-que-el-cancer-de-pulmon-es-el-tumor-que-mejor-puede-evitarse-abandonando-un-habito-tan-nocivo-como-es-el-tabaco-2\/#primaryimage"},"image":{"@id":"https:\/\/www.ibizacancer.com\/en\/2015\/11\/ifcc-recuerda-que-el-cancer-de-pulmon-es-el-tumor-que-mejor-puede-evitarse-abandonando-un-habito-tan-nocivo-como-es-el-tabaco-2\/#primaryimage"},"thumbnailUrl":"https:\/\/www.ibizacancer.com\/wp-content\/uploads\/2024\/06\/foto-1-gif.gif","datePublished":"2015-11-16T07:19:35+00:00","dateModified":"2024-06-14T09:56:54+00:00","inLanguage":"en-US","potentialAction":[{"@type":"ReadAction","target":["https:\/\/www.ibizacancer.com\/en\/2015\/11\/ifcc-recuerda-que-el-cancer-de-pulmon-es-el-tumor-que-mejor-puede-evitarse-abandonando-un-habito-tan-nocivo-como-es-el-tabaco-2\/"]}]},{"@type":"ImageObject","inLanguage":"en-US","@id":"https:\/\/www.ibizacancer.com\/en\/2015\/11\/ifcc-recuerda-que-el-cancer-de-pulmon-es-el-tumor-que-mejor-puede-evitarse-abandonando-un-habito-tan-nocivo-como-es-el-tabaco-2\/#primaryimage","url":"https:\/\/www.ibizacancer.com\/wp-content\/uploads\/2024\/06\/foto-1-gif.gif","contentUrl":"https:\/\/www.ibizacancer.com\/wp-content\/uploads\/2024\/06\/foto-1-gif.gif","width":700,"height":305},{"@type":"WebSite","@id":"https:\/\/www.ibizacancer.com\/en\/#website","url":"https:\/\/www.ibizacancer.com\/en\/","name":"Ibiza y Formentera Contra el C\u00e1ncer","description":"Ibiza y Formentera contra el C\u00e1ncer es una organizaci\u00f3n no gubernamental y sin \u00e1nimo de lucro dirigida a la lucha contra esta enfermedad en las Pitiusas.","publisher":{"@id":"https:\/\/www.ibizacancer.com\/en\/#organization"},"potentialAction":[{"@type":"SearchAction","target":{"@type":"EntryPoint","urlTemplate":"https:\/\/www.ibizacancer.com\/en\/?s={search_term_string}"},"query-input":{"@type":"PropertyValueSpecification","valueRequired":true,"valueName":"search_term_string"}}],"inLanguage":"en-US"},{"@type":"Organization","@id":"https:\/\/www.ibizacancer.com\/en\/#organization","name":"Ibiza y Formentera Contra el C\u00e1ncer","url":"https:\/\/www.ibizacancer.com\/en\/","logo":{"@type":"ImageObject","inLanguage":"en-US","@id":"https:\/\/www.ibizacancer.com\/en\/#\/schema\/logo\/image\/","url":"https:\/\/www.ibizacancer.com\/wp-content\/uploads\/2020\/08\/ifcc-logo-web.png","contentUrl":"https:\/\/www.ibizacancer.com\/wp-content\/uploads\/2020\/08\/ifcc-logo-web.png","width":200,"height":73,"caption":"Ibiza y Formentera Contra el C\u00e1ncer"},"image":{"@id":"https:\/\/www.ibizacancer.com\/en\/#\/schema\/logo\/image\/"},"sameAs":["https:\/\/www.facebook.com\/IFCCancer"]},{"@type":"Person","@id":"https:\/\/www.ibizacancer.com\/en\/#\/schema\/person\/4a32eda3ec27872ff1d22fb74503b4f2","name":"IFCC","image":{"@type":"ImageObject","inLanguage":"en-US","@id":"https:\/\/www.ibizacancer.com\/en\/#\/schema\/person\/image\/","url":"https:\/\/secure.gravatar.com\/avatar\/33cf8cba6efee2cb7a070c8cef186bfe8924ee65c94c506f4742e6653ba357e6?s=96&d=mm&r=g","contentUrl":"https:\/\/secure.gravatar.com\/avatar\/33cf8cba6efee2cb7a070c8cef186bfe8924ee65c94c506f4742e6653ba357e6?s=96&d=mm&r=g","caption":"IFCC"},"sameAs":["https:\/\/www.ibizacancer.com"]}]}},"_links":{"self":[{"href":"https:\/\/www.ibizacancer.com\/en\/wp-json\/wp\/v2\/posts\/22112","targetHints":{"allow":["GET"]}}],"collection":[{"href":"https:\/\/www.ibizacancer.com\/en\/wp-json\/wp\/v2\/posts"}],"about":[{"href":"https:\/\/www.ibizacancer.com\/en\/wp-json\/wp\/v2\/types\/post"}],"author":[{"embeddable":true,"href":"https:\/\/www.ibizacancer.com\/en\/wp-json\/wp\/v2\/users\/1"}],"replies":[{"embeddable":true,"href":"https:\/\/www.ibizacancer.com\/en\/wp-json\/wp\/v2\/comments?post=22112"}],"version-history":[{"count":0,"href":"https:\/\/www.ibizacancer.com\/en\/wp-json\/wp\/v2\/posts\/22112\/revisions"}],"wp:featuredmedia":[{"embeddable":true,"href":"https:\/\/www.ibizacancer.com\/en\/wp-json\/wp\/v2\/media\/22004"}],"wp:attachment":[{"href":"https:\/\/www.ibizacancer.com\/en\/wp-json\/wp\/v2\/media?parent=22112"}],"wp:term":[{"taxonomy":"category","embeddable":true,"href":"https:\/\/www.ibizacancer.com\/en\/wp-json\/wp\/v2\/categories?post=22112"},{"taxonomy":"post_tag","embeddable":true,"href":"https:\/\/www.ibizacancer.com\/en\/wp-json\/wp\/v2\/tags?post=22112"}],"curies":[{"name":"wp","href":"https:\/\/api.w.org\/{rel}","templated":true}]}}