{"id":22114,"date":"2015-11-04T08:17:00","date_gmt":"2015-11-04T07:17:00","guid":{"rendered":"https:\/\/www.ibizacancer.com\/hard-rock-hotel-ibiza-dona-3-042-euros-a-ifcc-en-el-marco-de-su-campana-pinktober-2\/"},"modified":"2024-06-14T11:56:54","modified_gmt":"2024-06-14T09:56:54","slug":"hard-rock-hotel-ibiza-dona-3-042-euros-a-ifcc-en-el-marco-de-su-campana-pinktober-2","status":"publish","type":"post","link":"https:\/\/www.ibizacancer.com\/en\/2015\/11\/hard-rock-hotel-ibiza-dona-3-042-euros-a-ifcc-en-el-marco-de-su-campana-pinktober-2\/","title":{"rendered":"Hard Rock Hotel Ibiza dona 3.042 euros a IFCC en el marco de su campa\u00f1a Pinktober"},"content":{"rendered":"<div class=\"carrusel-interior\">\n<div id=\"imgCarruserlInt1\" class=\"img-carrusel-interior\">\n<div class=\"pie-foto-detalle\"><strong>La pieza estrella de esta campa\u00f1a anual ha sido el sorteo de una guitarra firmada por Alejandro Sanz<\/strong><\/div>\n<\/div>\n<\/div>\n<div class=\"intro-noticia-detalle\">\n<p>Hard Rock Hotel Ibiza ha donado a Ibiza y Formentera Contra el C\u00e1ncer, IFCC, 3.042 euros recaudados en el marco de su campa\u00f1a Pinktober. El pasado s\u00e1bado tuvo lugar la entrega del cheque a la presidenta de IFCC, Helen Watson, quien agradeci\u00f3 a este reconocido establecimiento \u201cque nos escogiera este a\u00f1o para ser los beneficiarios de una iniciativa encomiable que se traducir\u00e1 en la ayuda a pacientes y familiares de c\u00e1ncer que la precisan\u201d.<\/p>\n<p>Durante todo el mes de octubre Hard Rock Hotel Ibiza ha impulsado una campa\u00f1a en la que se ha sorteado una guitarra el\u00e9ctrica \u00a0Fender firmada por el cantante Alejandro Sanz, y en el marco de la cu\u00e1l se han destinado parte de los beneficios de determinados art\u00edculos de su tienda, de sus desayunos o bebidas a la ONG pitiusa. Durante todo octubre Hard Rock Hotel Ibiza se ha vestido de rosa de manera literal ti\u00f1endo su fachada de este color y divulgando la importancia de la prevenci\u00f3n en la lucha contra el c\u00e1ncer de mama.<\/p>\n<p>Gracias a esta iniciativa la Asociaci\u00f3n podr\u00e1 seguir financiando los tratamientos que no est\u00e1n cubiertos por la Seguridad Social como los masajes linf\u00e1ticos o determinados medicamentos que precisan los pacientes de c\u00e1ncer de Ibiza y Formentera. Adem\u00e1s la ONG proporciona ayuda econ\u00f3mica personalizada a cada enferma que lo solicite financiando viajes, pelucas u otras necesidades de las mujeres con c\u00e1ncer. Watson ha recordado que \u201cIFCC es la \u00fanica asociaci\u00f3n contra el c\u00e1ncer de las Pitiusas que lleva una d\u00e9cada trabajando para la gente de aqu\u00ed\u201d y ha recordado que est\u00e1 abierta a la entrada de nuevo socios, \u201cque nos apoyen en esta lucha com\u00fan\u201d. IFCC tambi\u00e9n lleva a cabo campa\u00f1as de prevenci\u00f3n e informaci\u00f3n.<\/p>\n<p><strong>Movember<\/strong><\/p>\n<p>Helen Watson ha recordado que \u201ceste mes de noviembre seguimos trabajando con campa\u00f1as como Movember, en la que invitamos a los hombres de las Pitiusas a dejarse bigote este mes como apoyo a lucha contra el c\u00e1ncer de pr\u00f3stata y test\u00edculos\u201d. La finalidad de esta iniciativa \u201ces cambiar la cara de salud del hombre a trav\u00e9s del bigote\u201d. \u201cLos hombres se someten menos a pruebas de car\u00e1cter preventivo que las mujeres y por eso es importante reivindicar esta campa\u00f1a de divulgaci\u00f3n\u201d, agrega la presidenta de IFCC. Este mes tambi\u00e9n se reivindica la lucha contra el c\u00e1ncer de pulm\u00f3n, por lo que IFCC llevar\u00e1 a cabo acciones informativas en los principales centros de salud de la isla y en su p\u00e1gina web y redes sociales.<\/p>\n<p><strong>Pueden descargarse las fotos de este acto\u00a0<a href=\"http:\/\/we.tl\/XZhgTWuaBw\" target=\"_blank\" rel=\"noopener\">pulsando aqu\u00ed<\/a><\/strong>.<\/p>\n<\/div>\n","protected":false},"excerpt":{"rendered":"<p>La pieza estrella de esta campa\u00f1a anual ha sido el sorteo de una guitarra firmada por Alejandro Sanz Hard Rock Hotel Ibiza ha donado a Ibiza y Formentera Contra el [&hellip;]<\/p>\n","protected":false},"author":1,"featured_media":22001,"comment_status":"open","ping_status":"closed","sticky":false,"template":"","format":"standard","meta":{"_acf_changed":false,"give_campaign_id":0,"footnotes":""},"categories":[540,1],"tags":[],"class_list":["post-22114","post","type-post","status-publish","format-standard","has-post-thumbnail","hentry","category-blog-2","category-sin-categorizar","entry"],"acf":[],"yoast_head":"<!-- This site is optimized with the Yoast SEO plugin v27.1.1 - https:\/\/yoast.com\/product\/yoast-seo-wordpress\/ -->\n<title>Hard Rock Hotel Ibiza dona 3.042 euros a IFCC en el marco de su campa\u00f1a Pinktober - Ibiza y Formentera Contra el C\u00e1ncer<\/title>\n<meta name=\"robots\" content=\"index, follow, max-snippet:-1, max-image-preview:large, max-video-preview:-1\" \/>\n<link rel=\"canonical\" href=\"https:\/\/www.ibizacancer.com\/en\/2015\/11\/hard-rock-hotel-ibiza-dona-3-042-euros-a-ifcc-en-el-marco-de-su-campana-pinktober-2\/\" \/>\n<meta property=\"og:locale\" content=\"en_US\" \/>\n<meta property=\"og:type\" content=\"article\" \/>\n<meta property=\"og:title\" content=\"Hard Rock Hotel Ibiza dona 3.042 euros a IFCC en el marco de su campa\u00f1a Pinktober - Ibiza y Formentera Contra el C\u00e1ncer\" \/>\n<meta property=\"og:description\" content=\"La pieza estrella de esta campa\u00f1a anual ha sido el sorteo de una guitarra firmada por Alejandro Sanz Hard Rock Hotel Ibiza ha donado a Ibiza y Formentera Contra el [&hellip;]\" \/>\n<meta property=\"og:url\" content=\"https:\/\/www.ibizacancer.com\/en\/2015\/11\/hard-rock-hotel-ibiza-dona-3-042-euros-a-ifcc-en-el-marco-de-su-campana-pinktober-2\/\" \/>\n<meta property=\"og:site_name\" content=\"Ibiza y Formentera Contra el C\u00e1ncer\" \/>\n<meta property=\"article:publisher\" content=\"https:\/\/www.facebook.com\/IFCCancer\" \/>\n<meta property=\"article:published_time\" content=\"2015-11-04T07:17:00+00:00\" \/>\n<meta property=\"article:modified_time\" content=\"2024-06-14T09:56:54+00:00\" \/>\n<meta property=\"og:image\" content=\"https:\/\/www.ibizacancer.com\/wp-content\/uploads\/2024\/06\/destacada-jpg.jpg\" \/>\n\t<meta property=\"og:image:width\" content=\"700\" \/>\n\t<meta property=\"og:image:height\" content=\"305\" \/>\n\t<meta property=\"og:image:type\" content=\"image\/jpeg\" \/>\n<meta name=\"author\" content=\"IFCC\" \/>\n<meta name=\"twitter:card\" content=\"summary_large_image\" \/>\n<meta name=\"twitter:label1\" content=\"Written by\" \/>\n\t<meta name=\"twitter:data1\" content=\"IFCC\" \/>\n\t<meta name=\"twitter:label2\" content=\"Est. reading time\" \/>\n\t<meta name=\"twitter:data2\" content=\"2 minutes\" \/>\n<script type=\"application\/ld+json\" class=\"yoast-schema-graph\">{\"@context\":\"https:\/\/schema.org\",\"@graph\":[{\"@type\":\"Article\",\"@id\":\"https:\/\/www.ibizacancer.com\/en\/2015\/11\/hard-rock-hotel-ibiza-dona-3-042-euros-a-ifcc-en-el-marco-de-su-campana-pinktober-2\/#article\",\"isPartOf\":{\"@id\":\"https:\/\/www.ibizacancer.com\/en\/2015\/11\/hard-rock-hotel-ibiza-dona-3-042-euros-a-ifcc-en-el-marco-de-su-campana-pinktober-2\/\"},\"author\":{\"name\":\"IFCC\",\"@id\":\"https:\/\/www.ibizacancer.com\/en\/#\/schema\/person\/4a32eda3ec27872ff1d22fb74503b4f2\"},\"headline\":\"Hard Rock Hotel Ibiza dona 3.042 euros a IFCC en el marco de su campa\u00f1a Pinktober\",\"datePublished\":\"2015-11-04T07:17:00+00:00\",\"dateModified\":\"2024-06-14T09:56:54+00:00\",\"mainEntityOfPage\":{\"@id\":\"https:\/\/www.ibizacancer.com\/en\/2015\/11\/hard-rock-hotel-ibiza-dona-3-042-euros-a-ifcc-en-el-marco-de-su-campana-pinktober-2\/\"},\"wordCount\":490,\"commentCount\":0,\"publisher\":{\"@id\":\"https:\/\/www.ibizacancer.com\/en\/#organization\"},\"image\":{\"@id\":\"https:\/\/www.ibizacancer.com\/en\/2015\/11\/hard-rock-hotel-ibiza-dona-3-042-euros-a-ifcc-en-el-marco-de-su-campana-pinktober-2\/#primaryimage\"},\"thumbnailUrl\":\"https:\/\/www.ibizacancer.com\/wp-content\/uploads\/2024\/06\/destacada-jpg.jpg\",\"articleSection\":[\"Blog\",\"Sin categorizar\"],\"inLanguage\":\"en-US\",\"potentialAction\":[{\"@type\":\"CommentAction\",\"name\":\"Comment\",\"target\":[\"https:\/\/www.ibizacancer.com\/en\/2015\/11\/hard-rock-hotel-ibiza-dona-3-042-euros-a-ifcc-en-el-marco-de-su-campana-pinktober-2\/#respond\"]}]},{\"@type\":\"WebPage\",\"@id\":\"https:\/\/www.ibizacancer.com\/en\/2015\/11\/hard-rock-hotel-ibiza-dona-3-042-euros-a-ifcc-en-el-marco-de-su-campana-pinktober-2\/\",\"url\":\"https:\/\/www.ibizacancer.com\/en\/2015\/11\/hard-rock-hotel-ibiza-dona-3-042-euros-a-ifcc-en-el-marco-de-su-campana-pinktober-2\/\",\"name\":\"Hard Rock Hotel Ibiza dona 3.042 euros a IFCC en el marco de su campa\u00f1a Pinktober - Ibiza y Formentera Contra el C\u00e1ncer\",\"isPartOf\":{\"@id\":\"https:\/\/www.ibizacancer.com\/en\/#website\"},\"primaryImageOfPage\":{\"@id\":\"https:\/\/www.ibizacancer.com\/en\/2015\/11\/hard-rock-hotel-ibiza-dona-3-042-euros-a-ifcc-en-el-marco-de-su-campana-pinktober-2\/#primaryimage\"},\"image\":{\"@id\":\"https:\/\/www.ibizacancer.com\/en\/2015\/11\/hard-rock-hotel-ibiza-dona-3-042-euros-a-ifcc-en-el-marco-de-su-campana-pinktober-2\/#primaryimage\"},\"thumbnailUrl\":\"https:\/\/www.ibizacancer.com\/wp-content\/uploads\/2024\/06\/destacada-jpg.jpg\",\"datePublished\":\"2015-11-04T07:17:00+00:00\",\"dateModified\":\"2024-06-14T09:56:54+00:00\",\"inLanguage\":\"en-US\",\"potentialAction\":[{\"@type\":\"ReadAction\",\"target\":[\"https:\/\/www.ibizacancer.com\/en\/2015\/11\/hard-rock-hotel-ibiza-dona-3-042-euros-a-ifcc-en-el-marco-de-su-campana-pinktober-2\/\"]}]},{\"@type\":\"ImageObject\",\"inLanguage\":\"en-US\",\"@id\":\"https:\/\/www.ibizacancer.com\/en\/2015\/11\/hard-rock-hotel-ibiza-dona-3-042-euros-a-ifcc-en-el-marco-de-su-campana-pinktober-2\/#primaryimage\",\"url\":\"https:\/\/www.ibizacancer.com\/wp-content\/uploads\/2024\/06\/destacada-jpg.jpg\",\"contentUrl\":\"https:\/\/www.ibizacancer.com\/wp-content\/uploads\/2024\/06\/destacada-jpg.jpg\",\"width\":700,\"height\":305},{\"@type\":\"WebSite\",\"@id\":\"https:\/\/www.ibizacancer.com\/en\/#website\",\"url\":\"https:\/\/www.ibizacancer.com\/en\/\",\"name\":\"Ibiza y Formentera Contra el C\u00e1ncer\",\"description\":\"Ibiza y Formentera contra el C\u00e1ncer es una organizaci\u00f3n no gubernamental y sin \u00e1nimo de lucro dirigida a la lucha contra esta enfermedad en las Pitiusas.\",\"publisher\":{\"@id\":\"https:\/\/www.ibizacancer.com\/en\/#organization\"},\"potentialAction\":[{\"@type\":\"SearchAction\",\"target\":{\"@type\":\"EntryPoint\",\"urlTemplate\":\"https:\/\/www.ibizacancer.com\/en\/?s={search_term_string}\"},\"query-input\":{\"@type\":\"PropertyValueSpecification\",\"valueRequired\":true,\"valueName\":\"search_term_string\"}}],\"inLanguage\":\"en-US\"},{\"@type\":\"Organization\",\"@id\":\"https:\/\/www.ibizacancer.com\/en\/#organization\",\"name\":\"Ibiza y Formentera Contra el C\u00e1ncer\",\"url\":\"https:\/\/www.ibizacancer.com\/en\/\",\"logo\":{\"@type\":\"ImageObject\",\"inLanguage\":\"en-US\",\"@id\":\"https:\/\/www.ibizacancer.com\/en\/#\/schema\/logo\/image\/\",\"url\":\"https:\/\/www.ibizacancer.com\/wp-content\/uploads\/2020\/08\/ifcc-logo-web.png\",\"contentUrl\":\"https:\/\/www.ibizacancer.com\/wp-content\/uploads\/2020\/08\/ifcc-logo-web.png\",\"width\":200,\"height\":73,\"caption\":\"Ibiza y Formentera Contra el C\u00e1ncer\"},\"image\":{\"@id\":\"https:\/\/www.ibizacancer.com\/en\/#\/schema\/logo\/image\/\"},\"sameAs\":[\"https:\/\/www.facebook.com\/IFCCancer\"]},{\"@type\":\"Person\",\"@id\":\"https:\/\/www.ibizacancer.com\/en\/#\/schema\/person\/4a32eda3ec27872ff1d22fb74503b4f2\",\"name\":\"IFCC\",\"image\":{\"@type\":\"ImageObject\",\"inLanguage\":\"en-US\",\"@id\":\"https:\/\/www.ibizacancer.com\/en\/#\/schema\/person\/image\/\",\"url\":\"https:\/\/secure.gravatar.com\/avatar\/33cf8cba6efee2cb7a070c8cef186bfe8924ee65c94c506f4742e6653ba357e6?s=96&d=mm&r=g\",\"contentUrl\":\"https:\/\/secure.gravatar.com\/avatar\/33cf8cba6efee2cb7a070c8cef186bfe8924ee65c94c506f4742e6653ba357e6?s=96&d=mm&r=g\",\"caption\":\"IFCC\"},\"sameAs\":[\"https:\/\/www.ibizacancer.com\"]}]}<\/script>\n<!-- \/ Yoast SEO plugin. -->","yoast_head_json":{"title":"Hard Rock Hotel Ibiza dona 3.042 euros a IFCC en el marco de su campa\u00f1a Pinktober - Ibiza y Formentera Contra el C\u00e1ncer","robots":{"index":"index","follow":"follow","max-snippet":"max-snippet:-1","max-image-preview":"max-image-preview:large","max-video-preview":"max-video-preview:-1"},"canonical":"https:\/\/www.ibizacancer.com\/en\/2015\/11\/hard-rock-hotel-ibiza-dona-3-042-euros-a-ifcc-en-el-marco-de-su-campana-pinktober-2\/","og_locale":"en_US","og_type":"article","og_title":"Hard Rock Hotel Ibiza dona 3.042 euros a IFCC en el marco de su campa\u00f1a Pinktober - Ibiza y Formentera Contra el C\u00e1ncer","og_description":"La pieza estrella de esta campa\u00f1a anual ha sido el sorteo de una guitarra firmada por Alejandro Sanz Hard Rock Hotel Ibiza ha donado a Ibiza y Formentera Contra el [&hellip;]","og_url":"https:\/\/www.ibizacancer.com\/en\/2015\/11\/hard-rock-hotel-ibiza-dona-3-042-euros-a-ifcc-en-el-marco-de-su-campana-pinktober-2\/","og_site_name":"Ibiza y Formentera Contra el C\u00e1ncer","article_publisher":"https:\/\/www.facebook.com\/IFCCancer","article_published_time":"2015-11-04T07:17:00+00:00","article_modified_time":"2024-06-14T09:56:54+00:00","og_image":[{"width":700,"height":305,"url":"https:\/\/www.ibizacancer.com\/wp-content\/uploads\/2024\/06\/destacada-jpg.jpg","type":"image\/jpeg"}],"author":"IFCC","twitter_card":"summary_large_image","twitter_misc":{"Written by":"IFCC","Est. reading time":"2 minutes"},"schema":{"@context":"https:\/\/schema.org","@graph":[{"@type":"Article","@id":"https:\/\/www.ibizacancer.com\/en\/2015\/11\/hard-rock-hotel-ibiza-dona-3-042-euros-a-ifcc-en-el-marco-de-su-campana-pinktober-2\/#article","isPartOf":{"@id":"https:\/\/www.ibizacancer.com\/en\/2015\/11\/hard-rock-hotel-ibiza-dona-3-042-euros-a-ifcc-en-el-marco-de-su-campana-pinktober-2\/"},"author":{"name":"IFCC","@id":"https:\/\/www.ibizacancer.com\/en\/#\/schema\/person\/4a32eda3ec27872ff1d22fb74503b4f2"},"headline":"Hard Rock Hotel Ibiza dona 3.042 euros a IFCC en el marco de su campa\u00f1a Pinktober","datePublished":"2015-11-04T07:17:00+00:00","dateModified":"2024-06-14T09:56:54+00:00","mainEntityOfPage":{"@id":"https:\/\/www.ibizacancer.com\/en\/2015\/11\/hard-rock-hotel-ibiza-dona-3-042-euros-a-ifcc-en-el-marco-de-su-campana-pinktober-2\/"},"wordCount":490,"commentCount":0,"publisher":{"@id":"https:\/\/www.ibizacancer.com\/en\/#organization"},"image":{"@id":"https:\/\/www.ibizacancer.com\/en\/2015\/11\/hard-rock-hotel-ibiza-dona-3-042-euros-a-ifcc-en-el-marco-de-su-campana-pinktober-2\/#primaryimage"},"thumbnailUrl":"https:\/\/www.ibizacancer.com\/wp-content\/uploads\/2024\/06\/destacada-jpg.jpg","articleSection":["Blog","Sin categorizar"],"inLanguage":"en-US","potentialAction":[{"@type":"CommentAction","name":"Comment","target":["https:\/\/www.ibizacancer.com\/en\/2015\/11\/hard-rock-hotel-ibiza-dona-3-042-euros-a-ifcc-en-el-marco-de-su-campana-pinktober-2\/#respond"]}]},{"@type":"WebPage","@id":"https:\/\/www.ibizacancer.com\/en\/2015\/11\/hard-rock-hotel-ibiza-dona-3-042-euros-a-ifcc-en-el-marco-de-su-campana-pinktober-2\/","url":"https:\/\/www.ibizacancer.com\/en\/2015\/11\/hard-rock-hotel-ibiza-dona-3-042-euros-a-ifcc-en-el-marco-de-su-campana-pinktober-2\/","name":"Hard Rock Hotel Ibiza dona 3.042 euros a IFCC en el marco de su campa\u00f1a Pinktober - Ibiza y Formentera Contra el C\u00e1ncer","isPartOf":{"@id":"https:\/\/www.ibizacancer.com\/en\/#website"},"primaryImageOfPage":{"@id":"https:\/\/www.ibizacancer.com\/en\/2015\/11\/hard-rock-hotel-ibiza-dona-3-042-euros-a-ifcc-en-el-marco-de-su-campana-pinktober-2\/#primaryimage"},"image":{"@id":"https:\/\/www.ibizacancer.com\/en\/2015\/11\/hard-rock-hotel-ibiza-dona-3-042-euros-a-ifcc-en-el-marco-de-su-campana-pinktober-2\/#primaryimage"},"thumbnailUrl":"https:\/\/www.ibizacancer.com\/wp-content\/uploads\/2024\/06\/destacada-jpg.jpg","datePublished":"2015-11-04T07:17:00+00:00","dateModified":"2024-06-14T09:56:54+00:00","inLanguage":"en-US","potentialAction":[{"@type":"ReadAction","target":["https:\/\/www.ibizacancer.com\/en\/2015\/11\/hard-rock-hotel-ibiza-dona-3-042-euros-a-ifcc-en-el-marco-de-su-campana-pinktober-2\/"]}]},{"@type":"ImageObject","inLanguage":"en-US","@id":"https:\/\/www.ibizacancer.com\/en\/2015\/11\/hard-rock-hotel-ibiza-dona-3-042-euros-a-ifcc-en-el-marco-de-su-campana-pinktober-2\/#primaryimage","url":"https:\/\/www.ibizacancer.com\/wp-content\/uploads\/2024\/06\/destacada-jpg.jpg","contentUrl":"https:\/\/www.ibizacancer.com\/wp-content\/uploads\/2024\/06\/destacada-jpg.jpg","width":700,"height":305},{"@type":"WebSite","@id":"https:\/\/www.ibizacancer.com\/en\/#website","url":"https:\/\/www.ibizacancer.com\/en\/","name":"Ibiza y Formentera Contra el C\u00e1ncer","description":"Ibiza y Formentera contra el C\u00e1ncer es una organizaci\u00f3n no gubernamental y sin \u00e1nimo de lucro dirigida a la lucha contra esta enfermedad en las Pitiusas.","publisher":{"@id":"https:\/\/www.ibizacancer.com\/en\/#organization"},"potentialAction":[{"@type":"SearchAction","target":{"@type":"EntryPoint","urlTemplate":"https:\/\/www.ibizacancer.com\/en\/?s={search_term_string}"},"query-input":{"@type":"PropertyValueSpecification","valueRequired":true,"valueName":"search_term_string"}}],"inLanguage":"en-US"},{"@type":"Organization","@id":"https:\/\/www.ibizacancer.com\/en\/#organization","name":"Ibiza y Formentera Contra el C\u00e1ncer","url":"https:\/\/www.ibizacancer.com\/en\/","logo":{"@type":"ImageObject","inLanguage":"en-US","@id":"https:\/\/www.ibizacancer.com\/en\/#\/schema\/logo\/image\/","url":"https:\/\/www.ibizacancer.com\/wp-content\/uploads\/2020\/08\/ifcc-logo-web.png","contentUrl":"https:\/\/www.ibizacancer.com\/wp-content\/uploads\/2020\/08\/ifcc-logo-web.png","width":200,"height":73,"caption":"Ibiza y Formentera Contra el C\u00e1ncer"},"image":{"@id":"https:\/\/www.ibizacancer.com\/en\/#\/schema\/logo\/image\/"},"sameAs":["https:\/\/www.facebook.com\/IFCCancer"]},{"@type":"Person","@id":"https:\/\/www.ibizacancer.com\/en\/#\/schema\/person\/4a32eda3ec27872ff1d22fb74503b4f2","name":"IFCC","image":{"@type":"ImageObject","inLanguage":"en-US","@id":"https:\/\/www.ibizacancer.com\/en\/#\/schema\/person\/image\/","url":"https:\/\/secure.gravatar.com\/avatar\/33cf8cba6efee2cb7a070c8cef186bfe8924ee65c94c506f4742e6653ba357e6?s=96&d=mm&r=g","contentUrl":"https:\/\/secure.gravatar.com\/avatar\/33cf8cba6efee2cb7a070c8cef186bfe8924ee65c94c506f4742e6653ba357e6?s=96&d=mm&r=g","caption":"IFCC"},"sameAs":["https:\/\/www.ibizacancer.com"]}]}},"_links":{"self":[{"href":"https:\/\/www.ibizacancer.com\/en\/wp-json\/wp\/v2\/posts\/22114","targetHints":{"allow":["GET"]}}],"collection":[{"href":"https:\/\/www.ibizacancer.com\/en\/wp-json\/wp\/v2\/posts"}],"about":[{"href":"https:\/\/www.ibizacancer.com\/en\/wp-json\/wp\/v2\/types\/post"}],"author":[{"embeddable":true,"href":"https:\/\/www.ibizacancer.com\/en\/wp-json\/wp\/v2\/users\/1"}],"replies":[{"embeddable":true,"href":"https:\/\/www.ibizacancer.com\/en\/wp-json\/wp\/v2\/comments?post=22114"}],"version-history":[{"count":0,"href":"https:\/\/www.ibizacancer.com\/en\/wp-json\/wp\/v2\/posts\/22114\/revisions"}],"wp:featuredmedia":[{"embeddable":true,"href":"https:\/\/www.ibizacancer.com\/en\/wp-json\/wp\/v2\/media\/22001"}],"wp:attachment":[{"href":"https:\/\/www.ibizacancer.com\/en\/wp-json\/wp\/v2\/media?parent=22114"}],"wp:term":[{"taxonomy":"category","embeddable":true,"href":"https:\/\/www.ibizacancer.com\/en\/wp-json\/wp\/v2\/categories?post=22114"},{"taxonomy":"post_tag","embeddable":true,"href":"https:\/\/www.ibizacancer.com\/en\/wp-json\/wp\/v2\/tags?post=22114"}],"curies":[{"name":"wp","href":"https:\/\/api.w.org\/{rel}","templated":true}]}}