{"id":22116,"date":"2015-10-19T07:15:53","date_gmt":"2015-10-19T05:15:53","guid":{"rendered":"https:\/\/www.ibizacancer.com\/hard-rock-hotel-ibiza-tine-de-rosa-el-mes-de-octubre-a-beneficio-de-ifcc-2\/"},"modified":"2024-06-14T11:56:53","modified_gmt":"2024-06-14T09:56:53","slug":"hard-rock-hotel-ibiza-tine-de-rosa-el-mes-de-octubre-a-beneficio-de-ifcc-2","status":"publish","type":"post","link":"https:\/\/www.ibizacancer.com\/en\/2015\/10\/hard-rock-hotel-ibiza-tine-de-rosa-el-mes-de-octubre-a-beneficio-de-ifcc-2\/","title":{"rendered":"Hard Rock Hotel Ibiza ti\u00f1e de rosa el mes de octubre a beneficio de IFCC"},"content":{"rendered":"<div class=\"carrusel-interior\">\n<div id=\"imgCarruserlInt1\" class=\"img-carrusel-interior\">\n<div class=\"pie-foto-detalle\"><strong>La pieza estrella de esta campa\u00f1a anual es el sorteo de una guitarra firmada por Alejandro Sanz cuyos boletos pueden adquirirse por un precio de 5 euros.<\/strong><\/div>\n<\/div>\n<\/div>\n<div class=\"intro-noticia-detalle\">\n<p><strong>El reconocido establecimiento otorga en esta edici\u00f3n a Ibiza y Formentera contra el C\u00e1ncer los beneficios de su campa\u00f1a PINKTOBER.<\/strong><\/p>\n<p><strong>IFCC celebrar\u00e1 el 20 de octubre con mesas informativas en Can Misses y en centros de salud.<\/strong><\/p>\n<p>El 19 de octubre se celebra el D\u00eda Internacional del C\u00e1ncer de Mama, una cita que en las Pitiusas ha te\u00f1ido de rosa Hard Rock Hotel Ibiza que ha puesto en marcha una importante campa\u00f1a de difusi\u00f3n y apoyo a las personas que padecen esta enfermedad cuyos beneficios ir\u00e1n destinados este 2015 a Ibiza y Formentera Contra el C\u00e1ncer. Por su parte IFCC celebrar\u00e1 el pr\u00f3ximo martes esta jornada con mesas informativas que ubicar\u00e1 en el Hospital Can Misses y en el Centro de Salud de Santa Eulalia.<\/p>\n<p>Durante todo el mes Hard Rock Hotel Ibiza donar\u00e1 el 100% del importe de un pin solidario edici\u00f3n limitada, disponible en su Rock Shop, a la ONG Pitiusa y sortear\u00e1 una guitarra Fender firmada por el cantante Alejandro Sanz. Esta cita se enmarca dentro de la campa\u00f1a anual Pinktober que Hard Rock International lleva haciendo durante los \u00faltimos 16 a\u00f1os a nivel global en todos sus Caf\u00e9s, Hoteles y Casinos.<\/p>\n<p>Seg\u00fan expresa la presidenta de IFCC, Helen Watson, \u201cestamos muy contentos con la gran ayuda que nos est\u00e1 brindando Hard Rock Hotel Ibiza y queremos dar las gracias a todo su equipo por escogernos para esta cita anual\u201d. Watson ha hecho un llamamiento a todos los residentes de las islas para que \u201cacudan a este reconocido establecimiento a disfrutar de sus desayunos y a comprar boletos de la rifa de esta maravillosa guitarra que puede ser suya por solo 5 euros\u201d.<\/p>\n<p>Dentro de los eventos de Pinktober la pieza estrella es una guitarra Fender firmada por el cantautor espa\u00f1ol Alejandro Sanz. Los que quieran participar en este sorteo pueden comprar las papeletas directamente en Hard Rock Hotel Ibiza o contactando con IFCC. Watson a\u00f1ade que \u201cagradecemos a todos los que con una bebida, una papeleta o un detalle colaboren con la lucha contra el c\u00e1ncer en Ibiza y Formentera\u201d. Adem\u00e1s, se ha lanzado un video de concienciaci\u00f3n en el que participan 550 miembros del\u00a0<em>staff\u00a0<\/em>del hotel que crean un lazo rosa gigante de 15 metros de largo y 6 metros de ancho.<\/p>\n<p>Durante todo este mes Hard Rock Hotel Ibiza se \u201cviste\u201d de rosa. Cada noche la fachada del hotel se ti\u00f1e de este color as\u00ed como la bebida de bienvenida que se entrega a los nuevos hu\u00e9spedes. Adem\u00e1s, en todos sus bares y restaurantes est\u00e1 disponible una \u201cPink Drink\u201d con un coste de 10 euros, de los cuales 2,5 van destinados a IFCC.<\/p>\n<p>Gracias a esta iniciativa la Asociaci\u00f3n podr\u00e1 seguir financiando los tratamientos que no est\u00e1n cubiertos por la Seguridad Social como los masajes linf\u00e1ticos o determinados medicamentos que precisan los pacientes de c\u00e1ncer de Ibiza y Formentera. Adem\u00e1s la ONG de proporcionar ayuda econ\u00f3mica personalizada a cada enferma que lo solicite financiando viajes, pelucas u otras necesidades de las mujeres con c\u00e1ncer de mama.<\/p>\n<p>Por \u00faltimo IFCC tambi\u00e9n lleva a cabo campa\u00f1as de prevenci\u00f3n e informaci\u00f3n.<\/p>\n<\/div>\n","protected":false},"excerpt":{"rendered":"<p>La pieza estrella de esta campa\u00f1a anual es el sorteo de una guitarra firmada por Alejandro Sanz cuyos boletos pueden adquirirse por un precio de 5 euros. El reconocido establecimiento [&hellip;]<\/p>\n","protected":false},"author":1,"featured_media":21998,"comment_status":"open","ping_status":"closed","sticky":false,"template":"","format":"standard","meta":{"_acf_changed":false,"give_campaign_id":0,"footnotes":""},"categories":[540,1],"tags":[],"class_list":["post-22116","post","type-post","status-publish","format-standard","has-post-thumbnail","hentry","category-blog-2","category-sin-categorizar","entry"],"acf":[],"yoast_head":"<!-- This site is optimized with the Yoast SEO plugin v27.1.1 - https:\/\/yoast.com\/product\/yoast-seo-wordpress\/ -->\n<title>Hard Rock Hotel Ibiza ti\u00f1e de rosa el mes de octubre a beneficio de IFCC - Ibiza y Formentera Contra el C\u00e1ncer<\/title>\n<meta name=\"robots\" content=\"index, follow, max-snippet:-1, max-image-preview:large, max-video-preview:-1\" \/>\n<link rel=\"canonical\" href=\"https:\/\/www.ibizacancer.com\/en\/2015\/10\/hard-rock-hotel-ibiza-tine-de-rosa-el-mes-de-octubre-a-beneficio-de-ifcc-2\/\" \/>\n<meta property=\"og:locale\" content=\"en_US\" \/>\n<meta property=\"og:type\" content=\"article\" \/>\n<meta property=\"og:title\" content=\"Hard Rock Hotel Ibiza ti\u00f1e de rosa el mes de octubre a beneficio de IFCC - Ibiza y Formentera Contra el C\u00e1ncer\" \/>\n<meta property=\"og:description\" content=\"La pieza estrella de esta campa\u00f1a anual es el sorteo de una guitarra firmada por Alejandro Sanz cuyos boletos pueden adquirirse por un precio de 5 euros. El reconocido establecimiento [&hellip;]\" \/>\n<meta property=\"og:url\" content=\"https:\/\/www.ibizacancer.com\/en\/2015\/10\/hard-rock-hotel-ibiza-tine-de-rosa-el-mes-de-octubre-a-beneficio-de-ifcc-2\/\" \/>\n<meta property=\"og:site_name\" content=\"Ibiza y Formentera Contra el C\u00e1ncer\" \/>\n<meta property=\"article:publisher\" content=\"https:\/\/www.facebook.com\/IFCCancer\" \/>\n<meta property=\"article:published_time\" content=\"2015-10-19T05:15:53+00:00\" \/>\n<meta property=\"article:modified_time\" content=\"2024-06-14T09:56:53+00:00\" \/>\n<meta property=\"og:image\" content=\"https:\/\/www.ibizacancer.com\/wp-content\/uploads\/2024\/06\/detalle-jpg.jpg\" \/>\n\t<meta property=\"og:image:width\" content=\"700\" \/>\n\t<meta property=\"og:image:height\" content=\"305\" \/>\n\t<meta property=\"og:image:type\" content=\"image\/jpeg\" \/>\n<meta name=\"author\" content=\"IFCC\" \/>\n<meta name=\"twitter:card\" content=\"summary_large_image\" \/>\n<meta name=\"twitter:label1\" content=\"Written by\" \/>\n\t<meta name=\"twitter:data1\" content=\"IFCC\" \/>\n\t<meta name=\"twitter:label2\" content=\"Est. reading time\" \/>\n\t<meta name=\"twitter:data2\" content=\"3 minutes\" \/>\n<script type=\"application\/ld+json\" class=\"yoast-schema-graph\">{\"@context\":\"https:\/\/schema.org\",\"@graph\":[{\"@type\":\"Article\",\"@id\":\"https:\/\/www.ibizacancer.com\/en\/2015\/10\/hard-rock-hotel-ibiza-tine-de-rosa-el-mes-de-octubre-a-beneficio-de-ifcc-2\/#article\",\"isPartOf\":{\"@id\":\"https:\/\/www.ibizacancer.com\/en\/2015\/10\/hard-rock-hotel-ibiza-tine-de-rosa-el-mes-de-octubre-a-beneficio-de-ifcc-2\/\"},\"author\":{\"name\":\"IFCC\",\"@id\":\"https:\/\/www.ibizacancer.com\/en\/#\/schema\/person\/4a32eda3ec27872ff1d22fb74503b4f2\"},\"headline\":\"Hard Rock Hotel Ibiza ti\u00f1e de rosa el mes de octubre a beneficio de IFCC\",\"datePublished\":\"2015-10-19T05:15:53+00:00\",\"dateModified\":\"2024-06-14T09:56:53+00:00\",\"mainEntityOfPage\":{\"@id\":\"https:\/\/www.ibizacancer.com\/en\/2015\/10\/hard-rock-hotel-ibiza-tine-de-rosa-el-mes-de-octubre-a-beneficio-de-ifcc-2\/\"},\"wordCount\":582,\"commentCount\":0,\"publisher\":{\"@id\":\"https:\/\/www.ibizacancer.com\/en\/#organization\"},\"image\":{\"@id\":\"https:\/\/www.ibizacancer.com\/en\/2015\/10\/hard-rock-hotel-ibiza-tine-de-rosa-el-mes-de-octubre-a-beneficio-de-ifcc-2\/#primaryimage\"},\"thumbnailUrl\":\"https:\/\/www.ibizacancer.com\/wp-content\/uploads\/2024\/06\/detalle-jpg.jpg\",\"articleSection\":[\"Blog\",\"Sin categorizar\"],\"inLanguage\":\"en-US\",\"potentialAction\":[{\"@type\":\"CommentAction\",\"name\":\"Comment\",\"target\":[\"https:\/\/www.ibizacancer.com\/en\/2015\/10\/hard-rock-hotel-ibiza-tine-de-rosa-el-mes-de-octubre-a-beneficio-de-ifcc-2\/#respond\"]}]},{\"@type\":\"WebPage\",\"@id\":\"https:\/\/www.ibizacancer.com\/en\/2015\/10\/hard-rock-hotel-ibiza-tine-de-rosa-el-mes-de-octubre-a-beneficio-de-ifcc-2\/\",\"url\":\"https:\/\/www.ibizacancer.com\/en\/2015\/10\/hard-rock-hotel-ibiza-tine-de-rosa-el-mes-de-octubre-a-beneficio-de-ifcc-2\/\",\"name\":\"Hard Rock Hotel Ibiza ti\u00f1e de rosa el mes de octubre a beneficio de IFCC - Ibiza y Formentera Contra el C\u00e1ncer\",\"isPartOf\":{\"@id\":\"https:\/\/www.ibizacancer.com\/en\/#website\"},\"primaryImageOfPage\":{\"@id\":\"https:\/\/www.ibizacancer.com\/en\/2015\/10\/hard-rock-hotel-ibiza-tine-de-rosa-el-mes-de-octubre-a-beneficio-de-ifcc-2\/#primaryimage\"},\"image\":{\"@id\":\"https:\/\/www.ibizacancer.com\/en\/2015\/10\/hard-rock-hotel-ibiza-tine-de-rosa-el-mes-de-octubre-a-beneficio-de-ifcc-2\/#primaryimage\"},\"thumbnailUrl\":\"https:\/\/www.ibizacancer.com\/wp-content\/uploads\/2024\/06\/detalle-jpg.jpg\",\"datePublished\":\"2015-10-19T05:15:53+00:00\",\"dateModified\":\"2024-06-14T09:56:53+00:00\",\"inLanguage\":\"en-US\",\"potentialAction\":[{\"@type\":\"ReadAction\",\"target\":[\"https:\/\/www.ibizacancer.com\/en\/2015\/10\/hard-rock-hotel-ibiza-tine-de-rosa-el-mes-de-octubre-a-beneficio-de-ifcc-2\/\"]}]},{\"@type\":\"ImageObject\",\"inLanguage\":\"en-US\",\"@id\":\"https:\/\/www.ibizacancer.com\/en\/2015\/10\/hard-rock-hotel-ibiza-tine-de-rosa-el-mes-de-octubre-a-beneficio-de-ifcc-2\/#primaryimage\",\"url\":\"https:\/\/www.ibizacancer.com\/wp-content\/uploads\/2024\/06\/detalle-jpg.jpg\",\"contentUrl\":\"https:\/\/www.ibizacancer.com\/wp-content\/uploads\/2024\/06\/detalle-jpg.jpg\",\"width\":700,\"height\":305},{\"@type\":\"WebSite\",\"@id\":\"https:\/\/www.ibizacancer.com\/en\/#website\",\"url\":\"https:\/\/www.ibizacancer.com\/en\/\",\"name\":\"Ibiza y Formentera Contra el C\u00e1ncer\",\"description\":\"Ibiza y Formentera contra el C\u00e1ncer es una organizaci\u00f3n no gubernamental y sin \u00e1nimo de lucro dirigida a la lucha contra esta enfermedad en las Pitiusas.\",\"publisher\":{\"@id\":\"https:\/\/www.ibizacancer.com\/en\/#organization\"},\"potentialAction\":[{\"@type\":\"SearchAction\",\"target\":{\"@type\":\"EntryPoint\",\"urlTemplate\":\"https:\/\/www.ibizacancer.com\/en\/?s={search_term_string}\"},\"query-input\":{\"@type\":\"PropertyValueSpecification\",\"valueRequired\":true,\"valueName\":\"search_term_string\"}}],\"inLanguage\":\"en-US\"},{\"@type\":\"Organization\",\"@id\":\"https:\/\/www.ibizacancer.com\/en\/#organization\",\"name\":\"Ibiza y Formentera Contra el C\u00e1ncer\",\"url\":\"https:\/\/www.ibizacancer.com\/en\/\",\"logo\":{\"@type\":\"ImageObject\",\"inLanguage\":\"en-US\",\"@id\":\"https:\/\/www.ibizacancer.com\/en\/#\/schema\/logo\/image\/\",\"url\":\"https:\/\/www.ibizacancer.com\/wp-content\/uploads\/2020\/08\/ifcc-logo-web.png\",\"contentUrl\":\"https:\/\/www.ibizacancer.com\/wp-content\/uploads\/2020\/08\/ifcc-logo-web.png\",\"width\":200,\"height\":73,\"caption\":\"Ibiza y Formentera Contra el C\u00e1ncer\"},\"image\":{\"@id\":\"https:\/\/www.ibizacancer.com\/en\/#\/schema\/logo\/image\/\"},\"sameAs\":[\"https:\/\/www.facebook.com\/IFCCancer\"]},{\"@type\":\"Person\",\"@id\":\"https:\/\/www.ibizacancer.com\/en\/#\/schema\/person\/4a32eda3ec27872ff1d22fb74503b4f2\",\"name\":\"IFCC\",\"image\":{\"@type\":\"ImageObject\",\"inLanguage\":\"en-US\",\"@id\":\"https:\/\/www.ibizacancer.com\/en\/#\/schema\/person\/image\/\",\"url\":\"https:\/\/secure.gravatar.com\/avatar\/33cf8cba6efee2cb7a070c8cef186bfe8924ee65c94c506f4742e6653ba357e6?s=96&d=mm&r=g\",\"contentUrl\":\"https:\/\/secure.gravatar.com\/avatar\/33cf8cba6efee2cb7a070c8cef186bfe8924ee65c94c506f4742e6653ba357e6?s=96&d=mm&r=g\",\"caption\":\"IFCC\"},\"sameAs\":[\"https:\/\/www.ibizacancer.com\"]}]}<\/script>\n<!-- \/ Yoast SEO plugin. -->","yoast_head_json":{"title":"Hard Rock Hotel Ibiza ti\u00f1e de rosa el mes de octubre a beneficio de IFCC - Ibiza y Formentera Contra el C\u00e1ncer","robots":{"index":"index","follow":"follow","max-snippet":"max-snippet:-1","max-image-preview":"max-image-preview:large","max-video-preview":"max-video-preview:-1"},"canonical":"https:\/\/www.ibizacancer.com\/en\/2015\/10\/hard-rock-hotel-ibiza-tine-de-rosa-el-mes-de-octubre-a-beneficio-de-ifcc-2\/","og_locale":"en_US","og_type":"article","og_title":"Hard Rock Hotel Ibiza ti\u00f1e de rosa el mes de octubre a beneficio de IFCC - Ibiza y Formentera Contra el C\u00e1ncer","og_description":"La pieza estrella de esta campa\u00f1a anual es el sorteo de una guitarra firmada por Alejandro Sanz cuyos boletos pueden adquirirse por un precio de 5 euros. El reconocido establecimiento [&hellip;]","og_url":"https:\/\/www.ibizacancer.com\/en\/2015\/10\/hard-rock-hotel-ibiza-tine-de-rosa-el-mes-de-octubre-a-beneficio-de-ifcc-2\/","og_site_name":"Ibiza y Formentera Contra el C\u00e1ncer","article_publisher":"https:\/\/www.facebook.com\/IFCCancer","article_published_time":"2015-10-19T05:15:53+00:00","article_modified_time":"2024-06-14T09:56:53+00:00","og_image":[{"width":700,"height":305,"url":"https:\/\/www.ibizacancer.com\/wp-content\/uploads\/2024\/06\/detalle-jpg.jpg","type":"image\/jpeg"}],"author":"IFCC","twitter_card":"summary_large_image","twitter_misc":{"Written by":"IFCC","Est. reading time":"3 minutes"},"schema":{"@context":"https:\/\/schema.org","@graph":[{"@type":"Article","@id":"https:\/\/www.ibizacancer.com\/en\/2015\/10\/hard-rock-hotel-ibiza-tine-de-rosa-el-mes-de-octubre-a-beneficio-de-ifcc-2\/#article","isPartOf":{"@id":"https:\/\/www.ibizacancer.com\/en\/2015\/10\/hard-rock-hotel-ibiza-tine-de-rosa-el-mes-de-octubre-a-beneficio-de-ifcc-2\/"},"author":{"name":"IFCC","@id":"https:\/\/www.ibizacancer.com\/en\/#\/schema\/person\/4a32eda3ec27872ff1d22fb74503b4f2"},"headline":"Hard Rock Hotel Ibiza ti\u00f1e de rosa el mes de octubre a beneficio de IFCC","datePublished":"2015-10-19T05:15:53+00:00","dateModified":"2024-06-14T09:56:53+00:00","mainEntityOfPage":{"@id":"https:\/\/www.ibizacancer.com\/en\/2015\/10\/hard-rock-hotel-ibiza-tine-de-rosa-el-mes-de-octubre-a-beneficio-de-ifcc-2\/"},"wordCount":582,"commentCount":0,"publisher":{"@id":"https:\/\/www.ibizacancer.com\/en\/#organization"},"image":{"@id":"https:\/\/www.ibizacancer.com\/en\/2015\/10\/hard-rock-hotel-ibiza-tine-de-rosa-el-mes-de-octubre-a-beneficio-de-ifcc-2\/#primaryimage"},"thumbnailUrl":"https:\/\/www.ibizacancer.com\/wp-content\/uploads\/2024\/06\/detalle-jpg.jpg","articleSection":["Blog","Sin categorizar"],"inLanguage":"en-US","potentialAction":[{"@type":"CommentAction","name":"Comment","target":["https:\/\/www.ibizacancer.com\/en\/2015\/10\/hard-rock-hotel-ibiza-tine-de-rosa-el-mes-de-octubre-a-beneficio-de-ifcc-2\/#respond"]}]},{"@type":"WebPage","@id":"https:\/\/www.ibizacancer.com\/en\/2015\/10\/hard-rock-hotel-ibiza-tine-de-rosa-el-mes-de-octubre-a-beneficio-de-ifcc-2\/","url":"https:\/\/www.ibizacancer.com\/en\/2015\/10\/hard-rock-hotel-ibiza-tine-de-rosa-el-mes-de-octubre-a-beneficio-de-ifcc-2\/","name":"Hard Rock Hotel Ibiza ti\u00f1e de rosa el mes de octubre a beneficio de IFCC - Ibiza y Formentera Contra el C\u00e1ncer","isPartOf":{"@id":"https:\/\/www.ibizacancer.com\/en\/#website"},"primaryImageOfPage":{"@id":"https:\/\/www.ibizacancer.com\/en\/2015\/10\/hard-rock-hotel-ibiza-tine-de-rosa-el-mes-de-octubre-a-beneficio-de-ifcc-2\/#primaryimage"},"image":{"@id":"https:\/\/www.ibizacancer.com\/en\/2015\/10\/hard-rock-hotel-ibiza-tine-de-rosa-el-mes-de-octubre-a-beneficio-de-ifcc-2\/#primaryimage"},"thumbnailUrl":"https:\/\/www.ibizacancer.com\/wp-content\/uploads\/2024\/06\/detalle-jpg.jpg","datePublished":"2015-10-19T05:15:53+00:00","dateModified":"2024-06-14T09:56:53+00:00","inLanguage":"en-US","potentialAction":[{"@type":"ReadAction","target":["https:\/\/www.ibizacancer.com\/en\/2015\/10\/hard-rock-hotel-ibiza-tine-de-rosa-el-mes-de-octubre-a-beneficio-de-ifcc-2\/"]}]},{"@type":"ImageObject","inLanguage":"en-US","@id":"https:\/\/www.ibizacancer.com\/en\/2015\/10\/hard-rock-hotel-ibiza-tine-de-rosa-el-mes-de-octubre-a-beneficio-de-ifcc-2\/#primaryimage","url":"https:\/\/www.ibizacancer.com\/wp-content\/uploads\/2024\/06\/detalle-jpg.jpg","contentUrl":"https:\/\/www.ibizacancer.com\/wp-content\/uploads\/2024\/06\/detalle-jpg.jpg","width":700,"height":305},{"@type":"WebSite","@id":"https:\/\/www.ibizacancer.com\/en\/#website","url":"https:\/\/www.ibizacancer.com\/en\/","name":"Ibiza y Formentera Contra el C\u00e1ncer","description":"Ibiza y Formentera contra el C\u00e1ncer es una organizaci\u00f3n no gubernamental y sin \u00e1nimo de lucro dirigida a la lucha contra esta enfermedad en las Pitiusas.","publisher":{"@id":"https:\/\/www.ibizacancer.com\/en\/#organization"},"potentialAction":[{"@type":"SearchAction","target":{"@type":"EntryPoint","urlTemplate":"https:\/\/www.ibizacancer.com\/en\/?s={search_term_string}"},"query-input":{"@type":"PropertyValueSpecification","valueRequired":true,"valueName":"search_term_string"}}],"inLanguage":"en-US"},{"@type":"Organization","@id":"https:\/\/www.ibizacancer.com\/en\/#organization","name":"Ibiza y Formentera Contra el C\u00e1ncer","url":"https:\/\/www.ibizacancer.com\/en\/","logo":{"@type":"ImageObject","inLanguage":"en-US","@id":"https:\/\/www.ibizacancer.com\/en\/#\/schema\/logo\/image\/","url":"https:\/\/www.ibizacancer.com\/wp-content\/uploads\/2020\/08\/ifcc-logo-web.png","contentUrl":"https:\/\/www.ibizacancer.com\/wp-content\/uploads\/2020\/08\/ifcc-logo-web.png","width":200,"height":73,"caption":"Ibiza y Formentera Contra el C\u00e1ncer"},"image":{"@id":"https:\/\/www.ibizacancer.com\/en\/#\/schema\/logo\/image\/"},"sameAs":["https:\/\/www.facebook.com\/IFCCancer"]},{"@type":"Person","@id":"https:\/\/www.ibizacancer.com\/en\/#\/schema\/person\/4a32eda3ec27872ff1d22fb74503b4f2","name":"IFCC","image":{"@type":"ImageObject","inLanguage":"en-US","@id":"https:\/\/www.ibizacancer.com\/en\/#\/schema\/person\/image\/","url":"https:\/\/secure.gravatar.com\/avatar\/33cf8cba6efee2cb7a070c8cef186bfe8924ee65c94c506f4742e6653ba357e6?s=96&d=mm&r=g","contentUrl":"https:\/\/secure.gravatar.com\/avatar\/33cf8cba6efee2cb7a070c8cef186bfe8924ee65c94c506f4742e6653ba357e6?s=96&d=mm&r=g","caption":"IFCC"},"sameAs":["https:\/\/www.ibizacancer.com"]}]}},"_links":{"self":[{"href":"https:\/\/www.ibizacancer.com\/en\/wp-json\/wp\/v2\/posts\/22116","targetHints":{"allow":["GET"]}}],"collection":[{"href":"https:\/\/www.ibizacancer.com\/en\/wp-json\/wp\/v2\/posts"}],"about":[{"href":"https:\/\/www.ibizacancer.com\/en\/wp-json\/wp\/v2\/types\/post"}],"author":[{"embeddable":true,"href":"https:\/\/www.ibizacancer.com\/en\/wp-json\/wp\/v2\/users\/1"}],"replies":[{"embeddable":true,"href":"https:\/\/www.ibizacancer.com\/en\/wp-json\/wp\/v2\/comments?post=22116"}],"version-history":[{"count":0,"href":"https:\/\/www.ibizacancer.com\/en\/wp-json\/wp\/v2\/posts\/22116\/revisions"}],"wp:featuredmedia":[{"embeddable":true,"href":"https:\/\/www.ibizacancer.com\/en\/wp-json\/wp\/v2\/media\/21998"}],"wp:attachment":[{"href":"https:\/\/www.ibizacancer.com\/en\/wp-json\/wp\/v2\/media?parent=22116"}],"wp:term":[{"taxonomy":"category","embeddable":true,"href":"https:\/\/www.ibizacancer.com\/en\/wp-json\/wp\/v2\/categories?post=22116"},{"taxonomy":"post_tag","embeddable":true,"href":"https:\/\/www.ibizacancer.com\/en\/wp-json\/wp\/v2\/tags?post=22116"}],"curies":[{"name":"wp","href":"https:\/\/api.w.org\/{rel}","templated":true}]}}