{"id":22128,"date":"2015-05-19T13:21:32","date_gmt":"2015-05-19T11:21:32","guid":{"rendered":"https:\/\/www.ibizacancer.com\/4-000-euros-para-las-pinturas-de-los-frescos-de-can-misses-2\/"},"modified":"2024-06-14T11:56:49","modified_gmt":"2024-06-14T09:56:49","slug":"4-000-euros-para-las-pinturas-de-los-frescos-de-can-misses-2","status":"publish","type":"post","link":"https:\/\/www.ibizacancer.com\/en\/2015\/05\/4-000-euros-para-las-pinturas-de-los-frescos-de-can-misses-2\/","title":{"rendered":"4.000 euros para las pinturas de los frescos de Can Misses"},"content":{"rendered":"<div class=\"carrusel-interior\">\n<div id=\"imgCarruserlInt1\" class=\"img-carrusel-interior\">\n<div class=\"pie-foto-detalle\">La Asociaci\u00f3n Ibiza y Formentera contra el C\u00e1ncer ha donado 4.000 euros para la compra de toda la pintura que est\u00e1n empleando los 13 miembros de la Associaci\u00f3 Multiart d&#8217;Eivissa (AMAE) en la decoraci\u00f3n de las 18 habitaciones del \u00c1rea de Pediatr\u00eda del Hospital Can Misses de Eivissa. Adem\u00e1s, esta misma asociaci\u00f3n ha colaborado econ\u00f3micamente en la realizaci\u00f3n \u00edntegra de los frescos de dos de las citadas estancias.<\/div>\n<\/div>\n<\/div>\n<div class=\"intro-noticia-detalle\">\n<p>Seg\u00fan explic\u00f3 a este peri\u00f3dico Berno Kiberd, miembro del comit\u00e9 de Ibiza y Formentera Contra el C\u00e1ncer, con este patrocinio lo que se busca fundamentalmente es \u00abllevar sonrisas y brillo a las estancias de los ni\u00f1os en estas zonas del hospital\u00bb. En este sentido, el propio Kiberd asegur\u00f3 que las principales funciones de estos murales ser\u00e1n, una vez que est\u00e9n terminados, las de \u00aba\u00f1adir un poco de color a esta planta e insuflar \u00e1nimo a los peque\u00f1os durante un momento tan duro como es el de estar ingresados recibiendo tratamiento\u00bb.<\/p>\n<p>El proyecto en el que colabora activamente IFCC lo puso en marcha a finales de marzo y principios de abril el propio hospital de Can Misses gracias a gesti\u00f3n de la ilustradora Mertxe Trigueros y la colaboraci\u00f3n de forma totalmente altruista de los pintores Celia Jim\u00e9nez, Ana Jakimow, Julia Fragua, Caroline Goffinet, Toni Montero, Mercedes Puentes, Fina y Maruja Escandell, Antonia Mart\u00edn, Romanie, Guillermo Gil y Caroline, y la ceramista marAmar, quien se encargar\u00e1 de crear unas piezas exclusivas para las puertas.<\/p>\n<p>La idea consiste fundamentalmente en decorar las 18 habitaciones con dibujos infantiles que reflejan la flora y la fauna de las Piti\u00fcses. De momento, el proyecto va por muy buen camino ya que a d\u00eda de hoy ya hay varias estancias terminadas, como la 354 en la que Ana Jakimow ha plasmado un estanque de ses Salines con sus flamencos rosas y sus pececillos de colores, la 355 donde la artista de Formentera Celia Jim\u00e9nez ha pintado ovejas con un estilo muy naif, o la 353 en la que la propia Trigueros ha plasamado molinets rosas, dos ni\u00f1os en una alfombra voladora, un elefante, un conejo, un peque\u00f1o mostruo blanco y peludo o un erizo.<\/p>\n<p>Fuente:\u00a0<a href=\"http:\/\/periodicodeibiza.es\/pitiusas\/local\/2015\/05\/05\/151055\/000-euros-para-pinturas-frescos-can-misses.html\" target=\"_blank\" rel=\"noopener\">Peri\u00f3dico de Ibiza y Formentera<\/a><\/p>\n<\/div>\n","protected":false},"excerpt":{"rendered":"<p>La Asociaci\u00f3n Ibiza y Formentera contra el C\u00e1ncer ha donado 4.000 euros para la compra de toda la pintura que est\u00e1n empleando los 13 miembros de la Associaci\u00f3 Multiart d&#8217;Eivissa [&hellip;]<\/p>\n","protected":false},"author":1,"featured_media":21980,"comment_status":"open","ping_status":"closed","sticky":false,"template":"","format":"standard","meta":{"_acf_changed":false,"give_campaign_id":0,"footnotes":""},"categories":[540,1],"tags":[],"class_list":["post-22128","post","type-post","status-publish","format-standard","has-post-thumbnail","hentry","category-blog-2","category-sin-categorizar","entry"],"acf":[],"yoast_head":"<!-- This site is optimized with the Yoast SEO plugin v27.1.1 - https:\/\/yoast.com\/product\/yoast-seo-wordpress\/ -->\n<title>4.000 euros para las pinturas de los frescos de Can Misses - Ibiza y Formentera Contra el C\u00e1ncer<\/title>\n<meta name=\"robots\" content=\"index, follow, max-snippet:-1, max-image-preview:large, max-video-preview:-1\" \/>\n<link rel=\"canonical\" href=\"https:\/\/www.ibizacancer.com\/en\/2015\/05\/4-000-euros-para-las-pinturas-de-los-frescos-de-can-misses-2\/\" \/>\n<meta property=\"og:locale\" content=\"en_US\" \/>\n<meta property=\"og:type\" content=\"article\" \/>\n<meta property=\"og:title\" content=\"4.000 euros para las pinturas de los frescos de Can Misses - Ibiza y Formentera Contra el C\u00e1ncer\" \/>\n<meta property=\"og:description\" content=\"La Asociaci\u00f3n Ibiza y Formentera contra el C\u00e1ncer ha donado 4.000 euros para la compra de toda la pintura que est\u00e1n empleando los 13 miembros de la Associaci\u00f3 Multiart d&#8217;Eivissa [&hellip;]\" \/>\n<meta property=\"og:url\" content=\"https:\/\/www.ibizacancer.com\/en\/2015\/05\/4-000-euros-para-las-pinturas-de-los-frescos-de-can-misses-2\/\" \/>\n<meta property=\"og:site_name\" content=\"Ibiza y Formentera Contra el C\u00e1ncer\" \/>\n<meta property=\"article:publisher\" content=\"https:\/\/www.facebook.com\/IFCCancer\" \/>\n<meta property=\"article:published_time\" content=\"2015-05-19T11:21:32+00:00\" \/>\n<meta property=\"article:modified_time\" content=\"2024-06-14T09:56:49+00:00\" \/>\n<meta property=\"og:image\" content=\"https:\/\/www.ibizacancer.com\/wp-content\/uploads\/2024\/06\/grande-jpg-4.jpg\" \/>\n\t<meta property=\"og:image:width\" content=\"700\" \/>\n\t<meta property=\"og:image:height\" content=\"305\" \/>\n\t<meta property=\"og:image:type\" content=\"image\/jpeg\" \/>\n<meta name=\"author\" content=\"IFCC\" \/>\n<meta name=\"twitter:card\" content=\"summary_large_image\" \/>\n<meta name=\"twitter:label1\" content=\"Written by\" \/>\n\t<meta name=\"twitter:data1\" content=\"IFCC\" \/>\n\t<meta name=\"twitter:label2\" content=\"Est. reading time\" \/>\n\t<meta name=\"twitter:data2\" content=\"2 minutes\" \/>\n<script type=\"application\/ld+json\" class=\"yoast-schema-graph\">{\"@context\":\"https:\/\/schema.org\",\"@graph\":[{\"@type\":\"Article\",\"@id\":\"https:\/\/www.ibizacancer.com\/en\/2015\/05\/4-000-euros-para-las-pinturas-de-los-frescos-de-can-misses-2\/#article\",\"isPartOf\":{\"@id\":\"https:\/\/www.ibizacancer.com\/en\/2015\/05\/4-000-euros-para-las-pinturas-de-los-frescos-de-can-misses-2\/\"},\"author\":{\"name\":\"IFCC\",\"@id\":\"https:\/\/www.ibizacancer.com\/en\/#\/schema\/person\/4a32eda3ec27872ff1d22fb74503b4f2\"},\"headline\":\"4.000 euros para las pinturas de los frescos de Can Misses\",\"datePublished\":\"2015-05-19T11:21:32+00:00\",\"dateModified\":\"2024-06-14T09:56:49+00:00\",\"mainEntityOfPage\":{\"@id\":\"https:\/\/www.ibizacancer.com\/en\/2015\/05\/4-000-euros-para-las-pinturas-de-los-frescos-de-can-misses-2\/\"},\"wordCount\":392,\"commentCount\":0,\"publisher\":{\"@id\":\"https:\/\/www.ibizacancer.com\/en\/#organization\"},\"image\":{\"@id\":\"https:\/\/www.ibizacancer.com\/en\/2015\/05\/4-000-euros-para-las-pinturas-de-los-frescos-de-can-misses-2\/#primaryimage\"},\"thumbnailUrl\":\"https:\/\/www.ibizacancer.com\/wp-content\/uploads\/2024\/06\/grande-jpg-4.jpg\",\"articleSection\":[\"Blog\",\"Sin categorizar\"],\"inLanguage\":\"en-US\",\"potentialAction\":[{\"@type\":\"CommentAction\",\"name\":\"Comment\",\"target\":[\"https:\/\/www.ibizacancer.com\/en\/2015\/05\/4-000-euros-para-las-pinturas-de-los-frescos-de-can-misses-2\/#respond\"]}]},{\"@type\":\"WebPage\",\"@id\":\"https:\/\/www.ibizacancer.com\/en\/2015\/05\/4-000-euros-para-las-pinturas-de-los-frescos-de-can-misses-2\/\",\"url\":\"https:\/\/www.ibizacancer.com\/en\/2015\/05\/4-000-euros-para-las-pinturas-de-los-frescos-de-can-misses-2\/\",\"name\":\"4.000 euros para las pinturas de los frescos de Can Misses - Ibiza y Formentera Contra el C\u00e1ncer\",\"isPartOf\":{\"@id\":\"https:\/\/www.ibizacancer.com\/en\/#website\"},\"primaryImageOfPage\":{\"@id\":\"https:\/\/www.ibizacancer.com\/en\/2015\/05\/4-000-euros-para-las-pinturas-de-los-frescos-de-can-misses-2\/#primaryimage\"},\"image\":{\"@id\":\"https:\/\/www.ibizacancer.com\/en\/2015\/05\/4-000-euros-para-las-pinturas-de-los-frescos-de-can-misses-2\/#primaryimage\"},\"thumbnailUrl\":\"https:\/\/www.ibizacancer.com\/wp-content\/uploads\/2024\/06\/grande-jpg-4.jpg\",\"datePublished\":\"2015-05-19T11:21:32+00:00\",\"dateModified\":\"2024-06-14T09:56:49+00:00\",\"inLanguage\":\"en-US\",\"potentialAction\":[{\"@type\":\"ReadAction\",\"target\":[\"https:\/\/www.ibizacancer.com\/en\/2015\/05\/4-000-euros-para-las-pinturas-de-los-frescos-de-can-misses-2\/\"]}]},{\"@type\":\"ImageObject\",\"inLanguage\":\"en-US\",\"@id\":\"https:\/\/www.ibizacancer.com\/en\/2015\/05\/4-000-euros-para-las-pinturas-de-los-frescos-de-can-misses-2\/#primaryimage\",\"url\":\"https:\/\/www.ibizacancer.com\/wp-content\/uploads\/2024\/06\/grande-jpg-4.jpg\",\"contentUrl\":\"https:\/\/www.ibizacancer.com\/wp-content\/uploads\/2024\/06\/grande-jpg-4.jpg\",\"width\":700,\"height\":305},{\"@type\":\"WebSite\",\"@id\":\"https:\/\/www.ibizacancer.com\/en\/#website\",\"url\":\"https:\/\/www.ibizacancer.com\/en\/\",\"name\":\"Ibiza y Formentera Contra el C\u00e1ncer\",\"description\":\"Ibiza y Formentera contra el C\u00e1ncer es una organizaci\u00f3n no gubernamental y sin \u00e1nimo de lucro dirigida a la lucha contra esta enfermedad en las Pitiusas.\",\"publisher\":{\"@id\":\"https:\/\/www.ibizacancer.com\/en\/#organization\"},\"potentialAction\":[{\"@type\":\"SearchAction\",\"target\":{\"@type\":\"EntryPoint\",\"urlTemplate\":\"https:\/\/www.ibizacancer.com\/en\/?s={search_term_string}\"},\"query-input\":{\"@type\":\"PropertyValueSpecification\",\"valueRequired\":true,\"valueName\":\"search_term_string\"}}],\"inLanguage\":\"en-US\"},{\"@type\":\"Organization\",\"@id\":\"https:\/\/www.ibizacancer.com\/en\/#organization\",\"name\":\"Ibiza y Formentera Contra el C\u00e1ncer\",\"url\":\"https:\/\/www.ibizacancer.com\/en\/\",\"logo\":{\"@type\":\"ImageObject\",\"inLanguage\":\"en-US\",\"@id\":\"https:\/\/www.ibizacancer.com\/en\/#\/schema\/logo\/image\/\",\"url\":\"https:\/\/www.ibizacancer.com\/wp-content\/uploads\/2020\/08\/ifcc-logo-web.png\",\"contentUrl\":\"https:\/\/www.ibizacancer.com\/wp-content\/uploads\/2020\/08\/ifcc-logo-web.png\",\"width\":200,\"height\":73,\"caption\":\"Ibiza y Formentera Contra el C\u00e1ncer\"},\"image\":{\"@id\":\"https:\/\/www.ibizacancer.com\/en\/#\/schema\/logo\/image\/\"},\"sameAs\":[\"https:\/\/www.facebook.com\/IFCCancer\"]},{\"@type\":\"Person\",\"@id\":\"https:\/\/www.ibizacancer.com\/en\/#\/schema\/person\/4a32eda3ec27872ff1d22fb74503b4f2\",\"name\":\"IFCC\",\"image\":{\"@type\":\"ImageObject\",\"inLanguage\":\"en-US\",\"@id\":\"https:\/\/www.ibizacancer.com\/en\/#\/schema\/person\/image\/\",\"url\":\"https:\/\/secure.gravatar.com\/avatar\/33cf8cba6efee2cb7a070c8cef186bfe8924ee65c94c506f4742e6653ba357e6?s=96&d=mm&r=g\",\"contentUrl\":\"https:\/\/secure.gravatar.com\/avatar\/33cf8cba6efee2cb7a070c8cef186bfe8924ee65c94c506f4742e6653ba357e6?s=96&d=mm&r=g\",\"caption\":\"IFCC\"},\"sameAs\":[\"https:\/\/www.ibizacancer.com\"]}]}<\/script>\n<!-- \/ Yoast SEO plugin. -->","yoast_head_json":{"title":"4.000 euros para las pinturas de los frescos de Can Misses - Ibiza y Formentera Contra el C\u00e1ncer","robots":{"index":"index","follow":"follow","max-snippet":"max-snippet:-1","max-image-preview":"max-image-preview:large","max-video-preview":"max-video-preview:-1"},"canonical":"https:\/\/www.ibizacancer.com\/en\/2015\/05\/4-000-euros-para-las-pinturas-de-los-frescos-de-can-misses-2\/","og_locale":"en_US","og_type":"article","og_title":"4.000 euros para las pinturas de los frescos de Can Misses - Ibiza y Formentera Contra el C\u00e1ncer","og_description":"La Asociaci\u00f3n Ibiza y Formentera contra el C\u00e1ncer ha donado 4.000 euros para la compra de toda la pintura que est\u00e1n empleando los 13 miembros de la Associaci\u00f3 Multiart d&#8217;Eivissa [&hellip;]","og_url":"https:\/\/www.ibizacancer.com\/en\/2015\/05\/4-000-euros-para-las-pinturas-de-los-frescos-de-can-misses-2\/","og_site_name":"Ibiza y Formentera Contra el C\u00e1ncer","article_publisher":"https:\/\/www.facebook.com\/IFCCancer","article_published_time":"2015-05-19T11:21:32+00:00","article_modified_time":"2024-06-14T09:56:49+00:00","og_image":[{"width":700,"height":305,"url":"https:\/\/www.ibizacancer.com\/wp-content\/uploads\/2024\/06\/grande-jpg-4.jpg","type":"image\/jpeg"}],"author":"IFCC","twitter_card":"summary_large_image","twitter_misc":{"Written by":"IFCC","Est. reading time":"2 minutes"},"schema":{"@context":"https:\/\/schema.org","@graph":[{"@type":"Article","@id":"https:\/\/www.ibizacancer.com\/en\/2015\/05\/4-000-euros-para-las-pinturas-de-los-frescos-de-can-misses-2\/#article","isPartOf":{"@id":"https:\/\/www.ibizacancer.com\/en\/2015\/05\/4-000-euros-para-las-pinturas-de-los-frescos-de-can-misses-2\/"},"author":{"name":"IFCC","@id":"https:\/\/www.ibizacancer.com\/en\/#\/schema\/person\/4a32eda3ec27872ff1d22fb74503b4f2"},"headline":"4.000 euros para las pinturas de los frescos de Can Misses","datePublished":"2015-05-19T11:21:32+00:00","dateModified":"2024-06-14T09:56:49+00:00","mainEntityOfPage":{"@id":"https:\/\/www.ibizacancer.com\/en\/2015\/05\/4-000-euros-para-las-pinturas-de-los-frescos-de-can-misses-2\/"},"wordCount":392,"commentCount":0,"publisher":{"@id":"https:\/\/www.ibizacancer.com\/en\/#organization"},"image":{"@id":"https:\/\/www.ibizacancer.com\/en\/2015\/05\/4-000-euros-para-las-pinturas-de-los-frescos-de-can-misses-2\/#primaryimage"},"thumbnailUrl":"https:\/\/www.ibizacancer.com\/wp-content\/uploads\/2024\/06\/grande-jpg-4.jpg","articleSection":["Blog","Sin categorizar"],"inLanguage":"en-US","potentialAction":[{"@type":"CommentAction","name":"Comment","target":["https:\/\/www.ibizacancer.com\/en\/2015\/05\/4-000-euros-para-las-pinturas-de-los-frescos-de-can-misses-2\/#respond"]}]},{"@type":"WebPage","@id":"https:\/\/www.ibizacancer.com\/en\/2015\/05\/4-000-euros-para-las-pinturas-de-los-frescos-de-can-misses-2\/","url":"https:\/\/www.ibizacancer.com\/en\/2015\/05\/4-000-euros-para-las-pinturas-de-los-frescos-de-can-misses-2\/","name":"4.000 euros para las pinturas de los frescos de Can Misses - Ibiza y Formentera Contra el C\u00e1ncer","isPartOf":{"@id":"https:\/\/www.ibizacancer.com\/en\/#website"},"primaryImageOfPage":{"@id":"https:\/\/www.ibizacancer.com\/en\/2015\/05\/4-000-euros-para-las-pinturas-de-los-frescos-de-can-misses-2\/#primaryimage"},"image":{"@id":"https:\/\/www.ibizacancer.com\/en\/2015\/05\/4-000-euros-para-las-pinturas-de-los-frescos-de-can-misses-2\/#primaryimage"},"thumbnailUrl":"https:\/\/www.ibizacancer.com\/wp-content\/uploads\/2024\/06\/grande-jpg-4.jpg","datePublished":"2015-05-19T11:21:32+00:00","dateModified":"2024-06-14T09:56:49+00:00","inLanguage":"en-US","potentialAction":[{"@type":"ReadAction","target":["https:\/\/www.ibizacancer.com\/en\/2015\/05\/4-000-euros-para-las-pinturas-de-los-frescos-de-can-misses-2\/"]}]},{"@type":"ImageObject","inLanguage":"en-US","@id":"https:\/\/www.ibizacancer.com\/en\/2015\/05\/4-000-euros-para-las-pinturas-de-los-frescos-de-can-misses-2\/#primaryimage","url":"https:\/\/www.ibizacancer.com\/wp-content\/uploads\/2024\/06\/grande-jpg-4.jpg","contentUrl":"https:\/\/www.ibizacancer.com\/wp-content\/uploads\/2024\/06\/grande-jpg-4.jpg","width":700,"height":305},{"@type":"WebSite","@id":"https:\/\/www.ibizacancer.com\/en\/#website","url":"https:\/\/www.ibizacancer.com\/en\/","name":"Ibiza y Formentera Contra el C\u00e1ncer","description":"Ibiza y Formentera contra el C\u00e1ncer es una organizaci\u00f3n no gubernamental y sin \u00e1nimo de lucro dirigida a la lucha contra esta enfermedad en las Pitiusas.","publisher":{"@id":"https:\/\/www.ibizacancer.com\/en\/#organization"},"potentialAction":[{"@type":"SearchAction","target":{"@type":"EntryPoint","urlTemplate":"https:\/\/www.ibizacancer.com\/en\/?s={search_term_string}"},"query-input":{"@type":"PropertyValueSpecification","valueRequired":true,"valueName":"search_term_string"}}],"inLanguage":"en-US"},{"@type":"Organization","@id":"https:\/\/www.ibizacancer.com\/en\/#organization","name":"Ibiza y Formentera Contra el C\u00e1ncer","url":"https:\/\/www.ibizacancer.com\/en\/","logo":{"@type":"ImageObject","inLanguage":"en-US","@id":"https:\/\/www.ibizacancer.com\/en\/#\/schema\/logo\/image\/","url":"https:\/\/www.ibizacancer.com\/wp-content\/uploads\/2020\/08\/ifcc-logo-web.png","contentUrl":"https:\/\/www.ibizacancer.com\/wp-content\/uploads\/2020\/08\/ifcc-logo-web.png","width":200,"height":73,"caption":"Ibiza y Formentera Contra el C\u00e1ncer"},"image":{"@id":"https:\/\/www.ibizacancer.com\/en\/#\/schema\/logo\/image\/"},"sameAs":["https:\/\/www.facebook.com\/IFCCancer"]},{"@type":"Person","@id":"https:\/\/www.ibizacancer.com\/en\/#\/schema\/person\/4a32eda3ec27872ff1d22fb74503b4f2","name":"IFCC","image":{"@type":"ImageObject","inLanguage":"en-US","@id":"https:\/\/www.ibizacancer.com\/en\/#\/schema\/person\/image\/","url":"https:\/\/secure.gravatar.com\/avatar\/33cf8cba6efee2cb7a070c8cef186bfe8924ee65c94c506f4742e6653ba357e6?s=96&d=mm&r=g","contentUrl":"https:\/\/secure.gravatar.com\/avatar\/33cf8cba6efee2cb7a070c8cef186bfe8924ee65c94c506f4742e6653ba357e6?s=96&d=mm&r=g","caption":"IFCC"},"sameAs":["https:\/\/www.ibizacancer.com"]}]}},"_links":{"self":[{"href":"https:\/\/www.ibizacancer.com\/en\/wp-json\/wp\/v2\/posts\/22128","targetHints":{"allow":["GET"]}}],"collection":[{"href":"https:\/\/www.ibizacancer.com\/en\/wp-json\/wp\/v2\/posts"}],"about":[{"href":"https:\/\/www.ibizacancer.com\/en\/wp-json\/wp\/v2\/types\/post"}],"author":[{"embeddable":true,"href":"https:\/\/www.ibizacancer.com\/en\/wp-json\/wp\/v2\/users\/1"}],"replies":[{"embeddable":true,"href":"https:\/\/www.ibizacancer.com\/en\/wp-json\/wp\/v2\/comments?post=22128"}],"version-history":[{"count":0,"href":"https:\/\/www.ibizacancer.com\/en\/wp-json\/wp\/v2\/posts\/22128\/revisions"}],"wp:featuredmedia":[{"embeddable":true,"href":"https:\/\/www.ibizacancer.com\/en\/wp-json\/wp\/v2\/media\/21980"}],"wp:attachment":[{"href":"https:\/\/www.ibizacancer.com\/en\/wp-json\/wp\/v2\/media?parent=22128"}],"wp:term":[{"taxonomy":"category","embeddable":true,"href":"https:\/\/www.ibizacancer.com\/en\/wp-json\/wp\/v2\/categories?post=22128"},{"taxonomy":"post_tag","embeddable":true,"href":"https:\/\/www.ibizacancer.com\/en\/wp-json\/wp\/v2\/tags?post=22128"}],"curies":[{"name":"wp","href":"https:\/\/api.w.org\/{rel}","templated":true}]}}