{"id":22130,"date":"2015-05-07T13:20:52","date_gmt":"2015-05-07T11:20:52","guid":{"rendered":"https:\/\/www.ibizacancer.com\/comienza-el-programa-de-cribado-a-la-poblacion-de-riesgo-en-baleares-2\/"},"modified":"2024-06-14T11:56:49","modified_gmt":"2024-06-14T09:56:49","slug":"comienza-el-programa-de-cribado-a-la-poblacion-de-riesgo-en-baleares-2","status":"publish","type":"post","link":"https:\/\/www.ibizacancer.com\/en\/2015\/05\/comienza-el-programa-de-cribado-a-la-poblacion-de-riesgo-en-baleares-2\/","title":{"rendered":"Comienza el programa de cribado a la poblaci\u00f3n de riesgo en Baleares"},"content":{"rendered":"<div class=\"carrusel-interior\">\n<div id=\"imgCarruserlInt1\" class=\"img-carrusel-interior\">\n<div class=\"pie-foto-detalle\"><strong>A trav\u00e9s de una sencilla prueba casera se podr\u00e1n detectar casos tempranos de c\u00e1ncer de colon<\/strong><\/div>\n<\/div>\n<\/div>\n<div class=\"intro-noticia-detalle\">\n<p>Arranca la campa\u00f1a de prevenci\u00f3n del c\u00e1ncer de colon impulsada por la Conseller\u00eda de Salud del Govern Balear. Esta medida se inicia con el env\u00edo de las primeras cartas a los ciudadanos baleares que se encuentran entre la poblaci\u00f3n de riesgo de padecer c\u00e1ncer de colon. La campa\u00f1a quiere invitar a los ciudadanos inscritos en la Seguridad Social a hacerse una sencilla prueba casera para la detecci\u00f3n precoz de este tipo de c\u00e1ncer. De este modo los residentes con edades comprendidas entre los 50 y los 69 a\u00f1os recibir\u00e1n una carta con todas las instrucciones necesarias para participar en esta iniciativa. Los interesados podr\u00e1n solicitar kits gratuitos para llevar a cabo el cribado en 15 farmacias situadas en toda Ibiza y Formentera as\u00ed como unas instrucciones para saber c\u00f3mo proceder. Watson explic\u00f3 que \u201cla prueba se lleva a cabo en casa y luego se entrega en el centro de salud\u201d.<\/p>\n<p>IFCC record\u00f3 que \u201cCerca del 93% de las pruebas ser\u00e1n negativas aunque se invitar\u00e1 a los pacientes a que la repitan al cabo de dos a\u00f1os\u201d. Las personas con resultados positivos ser\u00e1n redirigidos a los servicios de salud para hacer un seguimiento de las posibles anomal\u00edas que pueden desembocar en una colonoscopia o un tratamiento adecuado.<\/p>\n<p>Las CCAA en las que ya se ha implantado el programa de cribado confirman que es un procedimiento muy efectivo y de bajo coste que ahorra recursos al sistema sanitario. Mediante este cribado poblacional es posible evitar\u00a0en los pr\u00f3ximos a\u00f1os que uno de cada 20 hombres y una de cada 30 mujeres sufran un c\u00e1ncer colorrectal antes de los 75 a\u00f1os. Los programas de cribado consiguen a trav\u00e9s de una simple prueba bienal detectar la sangre oculta en heces que permite diagnosticar y tratar lesiones precursoras del c\u00e1ncer, con lo cual puede verse disminuida tambi\u00e9n su incidencia. \u00a0La presidenta de la Asociaci\u00f3n remarc\u00f3 que \u201ces muy importante que participen en este programa ya que les puede salvar la vida\u201d. Si no reciben una carta y quieren hacerse el test o tienen cualquier consulta pueden ponerse en contacto con:<\/p>\n<p>\u2022 Tel\u00e9fono especial para el Programa: 900 102 560 Lunes &#8211; a viernes 9:00 a 14:00 horas<\/p>\n<p>\u2022 Correo electr\u00f3nico: infocolon@caib.ies<\/p>\n<p>\u2022 Visite el sitio web:\u00a0<a href=\"http:\/\/www.infocolon.caib.es\/\" target=\"_blank\" rel=\"noopener\">www.infocolon.caib.es<\/a><\/p>\n<p>La prueba es simple, r\u00e1pida e indolora y se lleva a cabo en casa.<\/p>\n<p><strong>Con una detecci\u00f3n temprana pueden curarse cerca de un 90% de los afectados \u00a0\u00a0<\/strong><\/p>\n<p>El c\u00e1ncer colorrectal es el tumor maligno m\u00e1s frecuente en Espa\u00f1a en ambos sexos, por encima de los de pulm\u00f3n y mama, y la segunda causa de muerte por c\u00e1ncer. Se estima que nueve de cada 10 casos se curan si se detectan de manera temprana, por eso es tan importante la puesta en marcha de programas de detecci\u00f3n.<\/p>\n<p><strong>IFCC, precursores en las Pitiusas de esta iniciativa<\/strong><\/p>\n<p>En 2013, IFCC puso en marcha en colaboraci\u00f3n con Can Misses y el centro de salud de San Antonio un programa piloto de cribado de c\u00e1ncer de col\u00f3n en el \u00e1rea metropolitana de San Antonio y parte del municipio de San Jos\u00e9. En esta iniciativa participaron los grupos de riesgo, con edades comprendidas entre los 50 y\u00a0 los 69 a\u00f1os. Desde mayo de 2013 se enviaron cartas a las diferentes poblaciones y a todos los posibles pacientes registrados en la Seguridad Social espa\u00f1ola.<\/p>\n<p>Despu\u00e9s del C\u00e1ncer de Mama en mujeres y el c\u00e1ncer de pr\u00f3stata en hombres, el c\u00e1ncer de colon es el tumor con m\u00e1s incidencia en Espa\u00f1a, con m\u00e1s de 30.000 casos diagnosticados cada a\u00f1o. Una de cada cuatro personas sufre esta enfermedad y si bien puede presentar a cualquier edad, el grupo de edad en situaci\u00f3n de riesgo es 50 a 69 a\u00f1os. Cuando se detecta a tiempo, ocho de cada diez personas puede tratarse con \u00e9xito.<\/p>\n<p>El programa piloto de Detecci\u00f3n de C\u00e1ncer de Colon se complet\u00f3 a finales de 2014. M\u00e1s de 1.188 personas se sometieron a la prueba y de ellos 103 necesitaron m\u00e1s investigaci\u00f3n o colonoscopias. Mientras que la mayor\u00eda de las pruebas fueron normales, a trav\u00e9s de la detecci\u00f3n precoz 38 personas con resultados anormales est\u00e1n siendo tratadas actualmente.<\/p>\n<p>La tasa de respuesta a este programa piloto fue de menos de un 20% y seg\u00fan expresa Watson \u201cfue\u00a0 muy decepcionante para nosotros\u201d. Muchos pacientes y sus datos de contacto no eran correctos, por lo que \u201cinstamos a la gente a ponerse en contacto con su centro de salud para garantizar que sus datos de contacto sean correctos\u201d concluye.<\/p>\n<p>Si usted es residente en las islas y requiere asistencia relacionada con el c\u00e1ncer o si desea unirse a la Asociaci\u00f3n, IFCC puede ponerse en contacto con nosotros:<\/p>\n<p>\u2022 L\u00ednea de ayuda: 666 99 1336<\/p>\n<p>\u2022\u00a0Visite nuestra web:\u00a0<a href=\"http:\/\/old.ibizacancer.com\/\">www.ibizacancer.com<\/a><\/p>\n<p>\u2022 S\u00edguenos en Facebook:\u00a0<a href=\"https:\/\/www.facebook.com\/IFCCancer\" target=\"_blank\" rel=\"noopener\">www.Facebook.com\/IFCCancer<\/a><\/p>\n<\/div>\n","protected":false},"excerpt":{"rendered":"<p>A trav\u00e9s de una sencilla prueba casera se podr\u00e1n detectar casos tempranos de c\u00e1ncer de colon Arranca la campa\u00f1a de prevenci\u00f3n del c\u00e1ncer de colon impulsada por la Conseller\u00eda de [&hellip;]<\/p>\n","protected":false},"author":1,"featured_media":21977,"comment_status":"open","ping_status":"closed","sticky":false,"template":"","format":"standard","meta":{"_acf_changed":false,"give_campaign_id":0,"footnotes":""},"categories":[540,1],"tags":[],"class_list":["post-22130","post","type-post","status-publish","format-standard","has-post-thumbnail","hentry","category-blog-2","category-sin-categorizar","entry"],"acf":[],"yoast_head":"<!-- This site is optimized with the Yoast SEO plugin v27.1.1 - https:\/\/yoast.com\/product\/yoast-seo-wordpress\/ -->\n<title>Comienza el programa de cribado a la poblaci\u00f3n de riesgo en Baleares - Ibiza y Formentera Contra el C\u00e1ncer<\/title>\n<meta name=\"robots\" content=\"index, follow, max-snippet:-1, max-image-preview:large, max-video-preview:-1\" \/>\n<link rel=\"canonical\" href=\"https:\/\/www.ibizacancer.com\/en\/2015\/05\/comienza-el-programa-de-cribado-a-la-poblacion-de-riesgo-en-baleares-2\/\" \/>\n<meta property=\"og:locale\" content=\"en_US\" \/>\n<meta property=\"og:type\" content=\"article\" \/>\n<meta property=\"og:title\" content=\"Comienza el programa de cribado a la poblaci\u00f3n de riesgo en Baleares - Ibiza y Formentera Contra el C\u00e1ncer\" \/>\n<meta property=\"og:description\" content=\"A trav\u00e9s de una sencilla prueba casera se podr\u00e1n detectar casos tempranos de c\u00e1ncer de colon Arranca la campa\u00f1a de prevenci\u00f3n del c\u00e1ncer de colon impulsada por la Conseller\u00eda de [&hellip;]\" \/>\n<meta property=\"og:url\" content=\"https:\/\/www.ibizacancer.com\/en\/2015\/05\/comienza-el-programa-de-cribado-a-la-poblacion-de-riesgo-en-baleares-2\/\" \/>\n<meta property=\"og:site_name\" content=\"Ibiza y Formentera Contra el C\u00e1ncer\" \/>\n<meta property=\"article:publisher\" content=\"https:\/\/www.facebook.com\/IFCCancer\" \/>\n<meta property=\"article:published_time\" content=\"2015-05-07T11:20:52+00:00\" \/>\n<meta property=\"article:modified_time\" content=\"2024-06-14T09:56:49+00:00\" \/>\n<meta property=\"og:image\" content=\"https:\/\/www.ibizacancer.com\/wp-content\/uploads\/2024\/06\/grande-jpg-3.jpg\" \/>\n\t<meta property=\"og:image:width\" content=\"700\" \/>\n\t<meta property=\"og:image:height\" content=\"305\" \/>\n\t<meta property=\"og:image:type\" content=\"image\/jpeg\" \/>\n<meta name=\"author\" content=\"IFCC\" \/>\n<meta name=\"twitter:card\" content=\"summary_large_image\" \/>\n<meta name=\"twitter:label1\" content=\"Written by\" \/>\n\t<meta name=\"twitter:data1\" content=\"IFCC\" \/>\n\t<meta name=\"twitter:label2\" content=\"Est. reading time\" \/>\n\t<meta name=\"twitter:data2\" content=\"4 minutes\" \/>\n<script type=\"application\/ld+json\" class=\"yoast-schema-graph\">{\"@context\":\"https:\/\/schema.org\",\"@graph\":[{\"@type\":\"Article\",\"@id\":\"https:\/\/www.ibizacancer.com\/en\/2015\/05\/comienza-el-programa-de-cribado-a-la-poblacion-de-riesgo-en-baleares-2\/#article\",\"isPartOf\":{\"@id\":\"https:\/\/www.ibizacancer.com\/en\/2015\/05\/comienza-el-programa-de-cribado-a-la-poblacion-de-riesgo-en-baleares-2\/\"},\"author\":{\"name\":\"IFCC\",\"@id\":\"https:\/\/www.ibizacancer.com\/en\/#\/schema\/person\/4a32eda3ec27872ff1d22fb74503b4f2\"},\"headline\":\"Comienza el programa de cribado a la poblaci\u00f3n de riesgo en Baleares\",\"datePublished\":\"2015-05-07T11:20:52+00:00\",\"dateModified\":\"2024-06-14T09:56:49+00:00\",\"mainEntityOfPage\":{\"@id\":\"https:\/\/www.ibizacancer.com\/en\/2015\/05\/comienza-el-programa-de-cribado-a-la-poblacion-de-riesgo-en-baleares-2\/\"},\"wordCount\":860,\"commentCount\":0,\"publisher\":{\"@id\":\"https:\/\/www.ibizacancer.com\/en\/#organization\"},\"image\":{\"@id\":\"https:\/\/www.ibizacancer.com\/en\/2015\/05\/comienza-el-programa-de-cribado-a-la-poblacion-de-riesgo-en-baleares-2\/#primaryimage\"},\"thumbnailUrl\":\"https:\/\/www.ibizacancer.com\/wp-content\/uploads\/2024\/06\/grande-jpg-3.jpg\",\"articleSection\":[\"Blog\",\"Sin categorizar\"],\"inLanguage\":\"en-US\",\"potentialAction\":[{\"@type\":\"CommentAction\",\"name\":\"Comment\",\"target\":[\"https:\/\/www.ibizacancer.com\/en\/2015\/05\/comienza-el-programa-de-cribado-a-la-poblacion-de-riesgo-en-baleares-2\/#respond\"]}]},{\"@type\":\"WebPage\",\"@id\":\"https:\/\/www.ibizacancer.com\/en\/2015\/05\/comienza-el-programa-de-cribado-a-la-poblacion-de-riesgo-en-baleares-2\/\",\"url\":\"https:\/\/www.ibizacancer.com\/en\/2015\/05\/comienza-el-programa-de-cribado-a-la-poblacion-de-riesgo-en-baleares-2\/\",\"name\":\"Comienza el programa de cribado a la poblaci\u00f3n de riesgo en Baleares - Ibiza y Formentera Contra el C\u00e1ncer\",\"isPartOf\":{\"@id\":\"https:\/\/www.ibizacancer.com\/en\/#website\"},\"primaryImageOfPage\":{\"@id\":\"https:\/\/www.ibizacancer.com\/en\/2015\/05\/comienza-el-programa-de-cribado-a-la-poblacion-de-riesgo-en-baleares-2\/#primaryimage\"},\"image\":{\"@id\":\"https:\/\/www.ibizacancer.com\/en\/2015\/05\/comienza-el-programa-de-cribado-a-la-poblacion-de-riesgo-en-baleares-2\/#primaryimage\"},\"thumbnailUrl\":\"https:\/\/www.ibizacancer.com\/wp-content\/uploads\/2024\/06\/grande-jpg-3.jpg\",\"datePublished\":\"2015-05-07T11:20:52+00:00\",\"dateModified\":\"2024-06-14T09:56:49+00:00\",\"inLanguage\":\"en-US\",\"potentialAction\":[{\"@type\":\"ReadAction\",\"target\":[\"https:\/\/www.ibizacancer.com\/en\/2015\/05\/comienza-el-programa-de-cribado-a-la-poblacion-de-riesgo-en-baleares-2\/\"]}]},{\"@type\":\"ImageObject\",\"inLanguage\":\"en-US\",\"@id\":\"https:\/\/www.ibizacancer.com\/en\/2015\/05\/comienza-el-programa-de-cribado-a-la-poblacion-de-riesgo-en-baleares-2\/#primaryimage\",\"url\":\"https:\/\/www.ibizacancer.com\/wp-content\/uploads\/2024\/06\/grande-jpg-3.jpg\",\"contentUrl\":\"https:\/\/www.ibizacancer.com\/wp-content\/uploads\/2024\/06\/grande-jpg-3.jpg\",\"width\":700,\"height\":305},{\"@type\":\"WebSite\",\"@id\":\"https:\/\/www.ibizacancer.com\/en\/#website\",\"url\":\"https:\/\/www.ibizacancer.com\/en\/\",\"name\":\"Ibiza y Formentera Contra el C\u00e1ncer\",\"description\":\"Ibiza y Formentera contra el C\u00e1ncer es una organizaci\u00f3n no gubernamental y sin \u00e1nimo de lucro dirigida a la lucha contra esta enfermedad en las Pitiusas.\",\"publisher\":{\"@id\":\"https:\/\/www.ibizacancer.com\/en\/#organization\"},\"potentialAction\":[{\"@type\":\"SearchAction\",\"target\":{\"@type\":\"EntryPoint\",\"urlTemplate\":\"https:\/\/www.ibizacancer.com\/en\/?s={search_term_string}\"},\"query-input\":{\"@type\":\"PropertyValueSpecification\",\"valueRequired\":true,\"valueName\":\"search_term_string\"}}],\"inLanguage\":\"en-US\"},{\"@type\":\"Organization\",\"@id\":\"https:\/\/www.ibizacancer.com\/en\/#organization\",\"name\":\"Ibiza y Formentera Contra el C\u00e1ncer\",\"url\":\"https:\/\/www.ibizacancer.com\/en\/\",\"logo\":{\"@type\":\"ImageObject\",\"inLanguage\":\"en-US\",\"@id\":\"https:\/\/www.ibizacancer.com\/en\/#\/schema\/logo\/image\/\",\"url\":\"https:\/\/www.ibizacancer.com\/wp-content\/uploads\/2020\/08\/ifcc-logo-web.png\",\"contentUrl\":\"https:\/\/www.ibizacancer.com\/wp-content\/uploads\/2020\/08\/ifcc-logo-web.png\",\"width\":200,\"height\":73,\"caption\":\"Ibiza y Formentera Contra el C\u00e1ncer\"},\"image\":{\"@id\":\"https:\/\/www.ibizacancer.com\/en\/#\/schema\/logo\/image\/\"},\"sameAs\":[\"https:\/\/www.facebook.com\/IFCCancer\"]},{\"@type\":\"Person\",\"@id\":\"https:\/\/www.ibizacancer.com\/en\/#\/schema\/person\/4a32eda3ec27872ff1d22fb74503b4f2\",\"name\":\"IFCC\",\"image\":{\"@type\":\"ImageObject\",\"inLanguage\":\"en-US\",\"@id\":\"https:\/\/www.ibizacancer.com\/en\/#\/schema\/person\/image\/\",\"url\":\"https:\/\/secure.gravatar.com\/avatar\/33cf8cba6efee2cb7a070c8cef186bfe8924ee65c94c506f4742e6653ba357e6?s=96&d=mm&r=g\",\"contentUrl\":\"https:\/\/secure.gravatar.com\/avatar\/33cf8cba6efee2cb7a070c8cef186bfe8924ee65c94c506f4742e6653ba357e6?s=96&d=mm&r=g\",\"caption\":\"IFCC\"},\"sameAs\":[\"https:\/\/www.ibizacancer.com\"]}]}<\/script>\n<!-- \/ Yoast SEO plugin. -->","yoast_head_json":{"title":"Comienza el programa de cribado a la poblaci\u00f3n de riesgo en Baleares - Ibiza y Formentera Contra el C\u00e1ncer","robots":{"index":"index","follow":"follow","max-snippet":"max-snippet:-1","max-image-preview":"max-image-preview:large","max-video-preview":"max-video-preview:-1"},"canonical":"https:\/\/www.ibizacancer.com\/en\/2015\/05\/comienza-el-programa-de-cribado-a-la-poblacion-de-riesgo-en-baleares-2\/","og_locale":"en_US","og_type":"article","og_title":"Comienza el programa de cribado a la poblaci\u00f3n de riesgo en Baleares - Ibiza y Formentera Contra el C\u00e1ncer","og_description":"A trav\u00e9s de una sencilla prueba casera se podr\u00e1n detectar casos tempranos de c\u00e1ncer de colon Arranca la campa\u00f1a de prevenci\u00f3n del c\u00e1ncer de colon impulsada por la Conseller\u00eda de [&hellip;]","og_url":"https:\/\/www.ibizacancer.com\/en\/2015\/05\/comienza-el-programa-de-cribado-a-la-poblacion-de-riesgo-en-baleares-2\/","og_site_name":"Ibiza y Formentera Contra el C\u00e1ncer","article_publisher":"https:\/\/www.facebook.com\/IFCCancer","article_published_time":"2015-05-07T11:20:52+00:00","article_modified_time":"2024-06-14T09:56:49+00:00","og_image":[{"width":700,"height":305,"url":"https:\/\/www.ibizacancer.com\/wp-content\/uploads\/2024\/06\/grande-jpg-3.jpg","type":"image\/jpeg"}],"author":"IFCC","twitter_card":"summary_large_image","twitter_misc":{"Written by":"IFCC","Est. reading time":"4 minutes"},"schema":{"@context":"https:\/\/schema.org","@graph":[{"@type":"Article","@id":"https:\/\/www.ibizacancer.com\/en\/2015\/05\/comienza-el-programa-de-cribado-a-la-poblacion-de-riesgo-en-baleares-2\/#article","isPartOf":{"@id":"https:\/\/www.ibizacancer.com\/en\/2015\/05\/comienza-el-programa-de-cribado-a-la-poblacion-de-riesgo-en-baleares-2\/"},"author":{"name":"IFCC","@id":"https:\/\/www.ibizacancer.com\/en\/#\/schema\/person\/4a32eda3ec27872ff1d22fb74503b4f2"},"headline":"Comienza el programa de cribado a la poblaci\u00f3n de riesgo en Baleares","datePublished":"2015-05-07T11:20:52+00:00","dateModified":"2024-06-14T09:56:49+00:00","mainEntityOfPage":{"@id":"https:\/\/www.ibizacancer.com\/en\/2015\/05\/comienza-el-programa-de-cribado-a-la-poblacion-de-riesgo-en-baleares-2\/"},"wordCount":860,"commentCount":0,"publisher":{"@id":"https:\/\/www.ibizacancer.com\/en\/#organization"},"image":{"@id":"https:\/\/www.ibizacancer.com\/en\/2015\/05\/comienza-el-programa-de-cribado-a-la-poblacion-de-riesgo-en-baleares-2\/#primaryimage"},"thumbnailUrl":"https:\/\/www.ibizacancer.com\/wp-content\/uploads\/2024\/06\/grande-jpg-3.jpg","articleSection":["Blog","Sin categorizar"],"inLanguage":"en-US","potentialAction":[{"@type":"CommentAction","name":"Comment","target":["https:\/\/www.ibizacancer.com\/en\/2015\/05\/comienza-el-programa-de-cribado-a-la-poblacion-de-riesgo-en-baleares-2\/#respond"]}]},{"@type":"WebPage","@id":"https:\/\/www.ibizacancer.com\/en\/2015\/05\/comienza-el-programa-de-cribado-a-la-poblacion-de-riesgo-en-baleares-2\/","url":"https:\/\/www.ibizacancer.com\/en\/2015\/05\/comienza-el-programa-de-cribado-a-la-poblacion-de-riesgo-en-baleares-2\/","name":"Comienza el programa de cribado a la poblaci\u00f3n de riesgo en Baleares - Ibiza y Formentera Contra el C\u00e1ncer","isPartOf":{"@id":"https:\/\/www.ibizacancer.com\/en\/#website"},"primaryImageOfPage":{"@id":"https:\/\/www.ibizacancer.com\/en\/2015\/05\/comienza-el-programa-de-cribado-a-la-poblacion-de-riesgo-en-baleares-2\/#primaryimage"},"image":{"@id":"https:\/\/www.ibizacancer.com\/en\/2015\/05\/comienza-el-programa-de-cribado-a-la-poblacion-de-riesgo-en-baleares-2\/#primaryimage"},"thumbnailUrl":"https:\/\/www.ibizacancer.com\/wp-content\/uploads\/2024\/06\/grande-jpg-3.jpg","datePublished":"2015-05-07T11:20:52+00:00","dateModified":"2024-06-14T09:56:49+00:00","inLanguage":"en-US","potentialAction":[{"@type":"ReadAction","target":["https:\/\/www.ibizacancer.com\/en\/2015\/05\/comienza-el-programa-de-cribado-a-la-poblacion-de-riesgo-en-baleares-2\/"]}]},{"@type":"ImageObject","inLanguage":"en-US","@id":"https:\/\/www.ibizacancer.com\/en\/2015\/05\/comienza-el-programa-de-cribado-a-la-poblacion-de-riesgo-en-baleares-2\/#primaryimage","url":"https:\/\/www.ibizacancer.com\/wp-content\/uploads\/2024\/06\/grande-jpg-3.jpg","contentUrl":"https:\/\/www.ibizacancer.com\/wp-content\/uploads\/2024\/06\/grande-jpg-3.jpg","width":700,"height":305},{"@type":"WebSite","@id":"https:\/\/www.ibizacancer.com\/en\/#website","url":"https:\/\/www.ibizacancer.com\/en\/","name":"Ibiza y Formentera Contra el C\u00e1ncer","description":"Ibiza y Formentera contra el C\u00e1ncer es una organizaci\u00f3n no gubernamental y sin \u00e1nimo de lucro dirigida a la lucha contra esta enfermedad en las Pitiusas.","publisher":{"@id":"https:\/\/www.ibizacancer.com\/en\/#organization"},"potentialAction":[{"@type":"SearchAction","target":{"@type":"EntryPoint","urlTemplate":"https:\/\/www.ibizacancer.com\/en\/?s={search_term_string}"},"query-input":{"@type":"PropertyValueSpecification","valueRequired":true,"valueName":"search_term_string"}}],"inLanguage":"en-US"},{"@type":"Organization","@id":"https:\/\/www.ibizacancer.com\/en\/#organization","name":"Ibiza y Formentera Contra el C\u00e1ncer","url":"https:\/\/www.ibizacancer.com\/en\/","logo":{"@type":"ImageObject","inLanguage":"en-US","@id":"https:\/\/www.ibizacancer.com\/en\/#\/schema\/logo\/image\/","url":"https:\/\/www.ibizacancer.com\/wp-content\/uploads\/2020\/08\/ifcc-logo-web.png","contentUrl":"https:\/\/www.ibizacancer.com\/wp-content\/uploads\/2020\/08\/ifcc-logo-web.png","width":200,"height":73,"caption":"Ibiza y Formentera Contra el C\u00e1ncer"},"image":{"@id":"https:\/\/www.ibizacancer.com\/en\/#\/schema\/logo\/image\/"},"sameAs":["https:\/\/www.facebook.com\/IFCCancer"]},{"@type":"Person","@id":"https:\/\/www.ibizacancer.com\/en\/#\/schema\/person\/4a32eda3ec27872ff1d22fb74503b4f2","name":"IFCC","image":{"@type":"ImageObject","inLanguage":"en-US","@id":"https:\/\/www.ibizacancer.com\/en\/#\/schema\/person\/image\/","url":"https:\/\/secure.gravatar.com\/avatar\/33cf8cba6efee2cb7a070c8cef186bfe8924ee65c94c506f4742e6653ba357e6?s=96&d=mm&r=g","contentUrl":"https:\/\/secure.gravatar.com\/avatar\/33cf8cba6efee2cb7a070c8cef186bfe8924ee65c94c506f4742e6653ba357e6?s=96&d=mm&r=g","caption":"IFCC"},"sameAs":["https:\/\/www.ibizacancer.com"]}]}},"_links":{"self":[{"href":"https:\/\/www.ibizacancer.com\/en\/wp-json\/wp\/v2\/posts\/22130","targetHints":{"allow":["GET"]}}],"collection":[{"href":"https:\/\/www.ibizacancer.com\/en\/wp-json\/wp\/v2\/posts"}],"about":[{"href":"https:\/\/www.ibizacancer.com\/en\/wp-json\/wp\/v2\/types\/post"}],"author":[{"embeddable":true,"href":"https:\/\/www.ibizacancer.com\/en\/wp-json\/wp\/v2\/users\/1"}],"replies":[{"embeddable":true,"href":"https:\/\/www.ibizacancer.com\/en\/wp-json\/wp\/v2\/comments?post=22130"}],"version-history":[{"count":0,"href":"https:\/\/www.ibizacancer.com\/en\/wp-json\/wp\/v2\/posts\/22130\/revisions"}],"wp:featuredmedia":[{"embeddable":true,"href":"https:\/\/www.ibizacancer.com\/en\/wp-json\/wp\/v2\/media\/21977"}],"wp:attachment":[{"href":"https:\/\/www.ibizacancer.com\/en\/wp-json\/wp\/v2\/media?parent=22130"}],"wp:term":[{"taxonomy":"category","embeddable":true,"href":"https:\/\/www.ibizacancer.com\/en\/wp-json\/wp\/v2\/categories?post=22130"},{"taxonomy":"post_tag","embeddable":true,"href":"https:\/\/www.ibizacancer.com\/en\/wp-json\/wp\/v2\/tags?post=22130"}],"curies":[{"name":"wp","href":"https:\/\/api.w.org\/{rel}","templated":true}]}}