{"id":22164,"date":"2013-12-30T13:48:20","date_gmt":"2013-12-30T12:48:20","guid":{"rendered":"https:\/\/www.ibizacancer.com\/bienvenidos-al-blog-de-ibiza-y-formentera-contra-el-cancer-2\/"},"modified":"2024-06-14T11:56:40","modified_gmt":"2024-06-14T09:56:40","slug":"bienvenidos-al-blog-de-ibiza-y-formentera-contra-el-cancer-2","status":"publish","type":"post","link":"https:\/\/www.ibizacancer.com\/en\/2013\/12\/bienvenidos-al-blog-de-ibiza-y-formentera-contra-el-cancer-2\/","title":{"rendered":"Bienvenidos al blog de Ibiza y Formentera contra el C\u00e1ncer"},"content":{"rendered":"<p>Hoy inauguramos nuestro blog, que dedicaremos a ofreceros las \u00faltimas noticias sobre nuestras actividades as\u00ed como todos los temas que consideremos importantes sobre el c\u00e1ncer. A trav\u00e9s de esta ventana emprendemos una nueva etapa, m\u00e1s cercana, m\u00e1s accesible y m\u00e1s cerca de todos vosotros, los voluntarios, asociados y todos los ibicencos y formenterenses solidarizados con esta lucha.<\/p>\n<p>Despu\u00e9s de XX a\u00f1os de trabajo queremos inaugurar una nueva \u00e9poca en la que daremos m\u00e1s voz a nuestros lectores. Os invitamos a que particip\u00e9is en la asociaci\u00f3n, queremos escuchar vuestras opiniones, nos encantar\u00eda conocer vuestras ideas y sobre todo, estamos aqu\u00ed para escuchar a todos los enfermos de c\u00e1ncer y familiares que tanto necesitan nuestro apoyo e informaci\u00f3n.<\/p>\n<p>\u00a1Bienvenidos a nuestra gran familia!<\/p>\n","protected":false},"excerpt":{"rendered":"<p>Hoy inauguramos nuestro blog, que dedicaremos a ofreceros las \u00faltimas noticias sobre nuestras actividades as\u00ed como todos los temas que consideremos importantes sobre el c\u00e1ncer. A trav\u00e9s de esta ventana [&hellip;]<\/p>\n","protected":false},"author":1,"featured_media":21926,"comment_status":"open","ping_status":"closed","sticky":false,"template":"","format":"standard","meta":{"_acf_changed":false,"give_campaign_id":0,"footnotes":""},"categories":[540,1],"tags":[],"class_list":["post-22164","post","type-post","status-publish","format-standard","has-post-thumbnail","hentry","category-blog-2","category-sin-categorizar","entry"],"acf":[],"yoast_head":"<!-- This site is optimized with the Yoast SEO plugin v27.1.1 - https:\/\/yoast.com\/product\/yoast-seo-wordpress\/ -->\n<title>Bienvenidos al blog de Ibiza y Formentera contra el C\u00e1ncer - Ibiza y Formentera Contra el C\u00e1ncer<\/title>\n<meta name=\"robots\" content=\"index, follow, max-snippet:-1, max-image-preview:large, max-video-preview:-1\" \/>\n<link rel=\"canonical\" href=\"https:\/\/www.ibizacancer.com\/en\/2013\/12\/bienvenidos-al-blog-de-ibiza-y-formentera-contra-el-cancer-2\/\" \/>\n<meta property=\"og:locale\" content=\"en_US\" \/>\n<meta property=\"og:type\" content=\"article\" \/>\n<meta property=\"og:title\" content=\"Bienvenidos al blog de Ibiza y Formentera contra el C\u00e1ncer - Ibiza y Formentera Contra el C\u00e1ncer\" \/>\n<meta property=\"og:description\" content=\"Hoy inauguramos nuestro blog, que dedicaremos a ofreceros las \u00faltimas noticias sobre nuestras actividades as\u00ed como todos los temas que consideremos importantes sobre el c\u00e1ncer. A trav\u00e9s de esta ventana [&hellip;]\" \/>\n<meta property=\"og:url\" content=\"https:\/\/www.ibizacancer.com\/en\/2013\/12\/bienvenidos-al-blog-de-ibiza-y-formentera-contra-el-cancer-2\/\" \/>\n<meta property=\"og:site_name\" content=\"Ibiza y Formentera Contra el C\u00e1ncer\" \/>\n<meta property=\"article:publisher\" content=\"https:\/\/www.facebook.com\/IFCCancer\" \/>\n<meta property=\"article:published_time\" content=\"2013-12-30T12:48:20+00:00\" \/>\n<meta property=\"article:modified_time\" content=\"2024-06-14T09:56:40+00:00\" \/>\n<meta property=\"og:image\" content=\"https:\/\/www.ibizacancer.com\/wp-content\/uploads\/2024\/06\/blog-jpg.jpg\" \/>\n\t<meta property=\"og:image:width\" content=\"700\" \/>\n\t<meta property=\"og:image:height\" content=\"305\" \/>\n\t<meta property=\"og:image:type\" content=\"image\/jpeg\" \/>\n<meta name=\"author\" content=\"IFCC\" \/>\n<meta name=\"twitter:card\" content=\"summary_large_image\" \/>\n<meta name=\"twitter:label1\" content=\"Written by\" \/>\n\t<meta name=\"twitter:data1\" content=\"IFCC\" \/>\n\t<meta name=\"twitter:label2\" content=\"Est. reading time\" \/>\n\t<meta name=\"twitter:data2\" content=\"1 minute\" \/>\n<script type=\"application\/ld+json\" class=\"yoast-schema-graph\">{\"@context\":\"https:\/\/schema.org\",\"@graph\":[{\"@type\":\"Article\",\"@id\":\"https:\/\/www.ibizacancer.com\/en\/2013\/12\/bienvenidos-al-blog-de-ibiza-y-formentera-contra-el-cancer-2\/#article\",\"isPartOf\":{\"@id\":\"https:\/\/www.ibizacancer.com\/en\/2013\/12\/bienvenidos-al-blog-de-ibiza-y-formentera-contra-el-cancer-2\/\"},\"author\":{\"name\":\"IFCC\",\"@id\":\"https:\/\/www.ibizacancer.com\/en\/#\/schema\/person\/4a32eda3ec27872ff1d22fb74503b4f2\"},\"headline\":\"Bienvenidos al blog de Ibiza y Formentera contra el C\u00e1ncer\",\"datePublished\":\"2013-12-30T12:48:20+00:00\",\"dateModified\":\"2024-06-14T09:56:40+00:00\",\"mainEntityOfPage\":{\"@id\":\"https:\/\/www.ibizacancer.com\/en\/2013\/12\/bienvenidos-al-blog-de-ibiza-y-formentera-contra-el-cancer-2\/\"},\"wordCount\":145,\"commentCount\":0,\"publisher\":{\"@id\":\"https:\/\/www.ibizacancer.com\/en\/#organization\"},\"image\":{\"@id\":\"https:\/\/www.ibizacancer.com\/en\/2013\/12\/bienvenidos-al-blog-de-ibiza-y-formentera-contra-el-cancer-2\/#primaryimage\"},\"thumbnailUrl\":\"https:\/\/www.ibizacancer.com\/wp-content\/uploads\/2024\/06\/blog-jpg.jpg\",\"articleSection\":[\"Blog\",\"Sin categorizar\"],\"inLanguage\":\"en-US\",\"potentialAction\":[{\"@type\":\"CommentAction\",\"name\":\"Comment\",\"target\":[\"https:\/\/www.ibizacancer.com\/en\/2013\/12\/bienvenidos-al-blog-de-ibiza-y-formentera-contra-el-cancer-2\/#respond\"]}]},{\"@type\":\"WebPage\",\"@id\":\"https:\/\/www.ibizacancer.com\/en\/2013\/12\/bienvenidos-al-blog-de-ibiza-y-formentera-contra-el-cancer-2\/\",\"url\":\"https:\/\/www.ibizacancer.com\/en\/2013\/12\/bienvenidos-al-blog-de-ibiza-y-formentera-contra-el-cancer-2\/\",\"name\":\"Bienvenidos al blog de Ibiza y Formentera contra el C\u00e1ncer - Ibiza y Formentera Contra el C\u00e1ncer\",\"isPartOf\":{\"@id\":\"https:\/\/www.ibizacancer.com\/en\/#website\"},\"primaryImageOfPage\":{\"@id\":\"https:\/\/www.ibizacancer.com\/en\/2013\/12\/bienvenidos-al-blog-de-ibiza-y-formentera-contra-el-cancer-2\/#primaryimage\"},\"image\":{\"@id\":\"https:\/\/www.ibizacancer.com\/en\/2013\/12\/bienvenidos-al-blog-de-ibiza-y-formentera-contra-el-cancer-2\/#primaryimage\"},\"thumbnailUrl\":\"https:\/\/www.ibizacancer.com\/wp-content\/uploads\/2024\/06\/blog-jpg.jpg\",\"datePublished\":\"2013-12-30T12:48:20+00:00\",\"dateModified\":\"2024-06-14T09:56:40+00:00\",\"inLanguage\":\"en-US\",\"potentialAction\":[{\"@type\":\"ReadAction\",\"target\":[\"https:\/\/www.ibizacancer.com\/en\/2013\/12\/bienvenidos-al-blog-de-ibiza-y-formentera-contra-el-cancer-2\/\"]}]},{\"@type\":\"ImageObject\",\"inLanguage\":\"en-US\",\"@id\":\"https:\/\/www.ibizacancer.com\/en\/2013\/12\/bienvenidos-al-blog-de-ibiza-y-formentera-contra-el-cancer-2\/#primaryimage\",\"url\":\"https:\/\/www.ibizacancer.com\/wp-content\/uploads\/2024\/06\/blog-jpg.jpg\",\"contentUrl\":\"https:\/\/www.ibizacancer.com\/wp-content\/uploads\/2024\/06\/blog-jpg.jpg\",\"width\":700,\"height\":305},{\"@type\":\"WebSite\",\"@id\":\"https:\/\/www.ibizacancer.com\/en\/#website\",\"url\":\"https:\/\/www.ibizacancer.com\/en\/\",\"name\":\"Ibiza y Formentera Contra el C\u00e1ncer\",\"description\":\"Ibiza y Formentera contra el C\u00e1ncer es una organizaci\u00f3n no gubernamental y sin \u00e1nimo de lucro dirigida a la lucha contra esta enfermedad en las Pitiusas.\",\"publisher\":{\"@id\":\"https:\/\/www.ibizacancer.com\/en\/#organization\"},\"potentialAction\":[{\"@type\":\"SearchAction\",\"target\":{\"@type\":\"EntryPoint\",\"urlTemplate\":\"https:\/\/www.ibizacancer.com\/en\/?s={search_term_string}\"},\"query-input\":{\"@type\":\"PropertyValueSpecification\",\"valueRequired\":true,\"valueName\":\"search_term_string\"}}],\"inLanguage\":\"en-US\"},{\"@type\":\"Organization\",\"@id\":\"https:\/\/www.ibizacancer.com\/en\/#organization\",\"name\":\"Ibiza y Formentera Contra el C\u00e1ncer\",\"url\":\"https:\/\/www.ibizacancer.com\/en\/\",\"logo\":{\"@type\":\"ImageObject\",\"inLanguage\":\"en-US\",\"@id\":\"https:\/\/www.ibizacancer.com\/en\/#\/schema\/logo\/image\/\",\"url\":\"https:\/\/www.ibizacancer.com\/wp-content\/uploads\/2020\/08\/ifcc-logo-web.png\",\"contentUrl\":\"https:\/\/www.ibizacancer.com\/wp-content\/uploads\/2020\/08\/ifcc-logo-web.png\",\"width\":200,\"height\":73,\"caption\":\"Ibiza y Formentera Contra el C\u00e1ncer\"},\"image\":{\"@id\":\"https:\/\/www.ibizacancer.com\/en\/#\/schema\/logo\/image\/\"},\"sameAs\":[\"https:\/\/www.facebook.com\/IFCCancer\"]},{\"@type\":\"Person\",\"@id\":\"https:\/\/www.ibizacancer.com\/en\/#\/schema\/person\/4a32eda3ec27872ff1d22fb74503b4f2\",\"name\":\"IFCC\",\"image\":{\"@type\":\"ImageObject\",\"inLanguage\":\"en-US\",\"@id\":\"https:\/\/www.ibizacancer.com\/en\/#\/schema\/person\/image\/\",\"url\":\"https:\/\/secure.gravatar.com\/avatar\/33cf8cba6efee2cb7a070c8cef186bfe8924ee65c94c506f4742e6653ba357e6?s=96&d=mm&r=g\",\"contentUrl\":\"https:\/\/secure.gravatar.com\/avatar\/33cf8cba6efee2cb7a070c8cef186bfe8924ee65c94c506f4742e6653ba357e6?s=96&d=mm&r=g\",\"caption\":\"IFCC\"},\"sameAs\":[\"https:\/\/www.ibizacancer.com\"]}]}<\/script>\n<!-- \/ Yoast SEO plugin. -->","yoast_head_json":{"title":"Bienvenidos al blog de Ibiza y Formentera contra el C\u00e1ncer - Ibiza y Formentera Contra el C\u00e1ncer","robots":{"index":"index","follow":"follow","max-snippet":"max-snippet:-1","max-image-preview":"max-image-preview:large","max-video-preview":"max-video-preview:-1"},"canonical":"https:\/\/www.ibizacancer.com\/en\/2013\/12\/bienvenidos-al-blog-de-ibiza-y-formentera-contra-el-cancer-2\/","og_locale":"en_US","og_type":"article","og_title":"Bienvenidos al blog de Ibiza y Formentera contra el C\u00e1ncer - Ibiza y Formentera Contra el C\u00e1ncer","og_description":"Hoy inauguramos nuestro blog, que dedicaremos a ofreceros las \u00faltimas noticias sobre nuestras actividades as\u00ed como todos los temas que consideremos importantes sobre el c\u00e1ncer. A trav\u00e9s de esta ventana [&hellip;]","og_url":"https:\/\/www.ibizacancer.com\/en\/2013\/12\/bienvenidos-al-blog-de-ibiza-y-formentera-contra-el-cancer-2\/","og_site_name":"Ibiza y Formentera Contra el C\u00e1ncer","article_publisher":"https:\/\/www.facebook.com\/IFCCancer","article_published_time":"2013-12-30T12:48:20+00:00","article_modified_time":"2024-06-14T09:56:40+00:00","og_image":[{"width":700,"height":305,"url":"https:\/\/www.ibizacancer.com\/wp-content\/uploads\/2024\/06\/blog-jpg.jpg","type":"image\/jpeg"}],"author":"IFCC","twitter_card":"summary_large_image","twitter_misc":{"Written by":"IFCC","Est. reading time":"1 minute"},"schema":{"@context":"https:\/\/schema.org","@graph":[{"@type":"Article","@id":"https:\/\/www.ibizacancer.com\/en\/2013\/12\/bienvenidos-al-blog-de-ibiza-y-formentera-contra-el-cancer-2\/#article","isPartOf":{"@id":"https:\/\/www.ibizacancer.com\/en\/2013\/12\/bienvenidos-al-blog-de-ibiza-y-formentera-contra-el-cancer-2\/"},"author":{"name":"IFCC","@id":"https:\/\/www.ibizacancer.com\/en\/#\/schema\/person\/4a32eda3ec27872ff1d22fb74503b4f2"},"headline":"Bienvenidos al blog de Ibiza y Formentera contra el C\u00e1ncer","datePublished":"2013-12-30T12:48:20+00:00","dateModified":"2024-06-14T09:56:40+00:00","mainEntityOfPage":{"@id":"https:\/\/www.ibizacancer.com\/en\/2013\/12\/bienvenidos-al-blog-de-ibiza-y-formentera-contra-el-cancer-2\/"},"wordCount":145,"commentCount":0,"publisher":{"@id":"https:\/\/www.ibizacancer.com\/en\/#organization"},"image":{"@id":"https:\/\/www.ibizacancer.com\/en\/2013\/12\/bienvenidos-al-blog-de-ibiza-y-formentera-contra-el-cancer-2\/#primaryimage"},"thumbnailUrl":"https:\/\/www.ibizacancer.com\/wp-content\/uploads\/2024\/06\/blog-jpg.jpg","articleSection":["Blog","Sin categorizar"],"inLanguage":"en-US","potentialAction":[{"@type":"CommentAction","name":"Comment","target":["https:\/\/www.ibizacancer.com\/en\/2013\/12\/bienvenidos-al-blog-de-ibiza-y-formentera-contra-el-cancer-2\/#respond"]}]},{"@type":"WebPage","@id":"https:\/\/www.ibizacancer.com\/en\/2013\/12\/bienvenidos-al-blog-de-ibiza-y-formentera-contra-el-cancer-2\/","url":"https:\/\/www.ibizacancer.com\/en\/2013\/12\/bienvenidos-al-blog-de-ibiza-y-formentera-contra-el-cancer-2\/","name":"Bienvenidos al blog de Ibiza y Formentera contra el C\u00e1ncer - Ibiza y Formentera Contra el C\u00e1ncer","isPartOf":{"@id":"https:\/\/www.ibizacancer.com\/en\/#website"},"primaryImageOfPage":{"@id":"https:\/\/www.ibizacancer.com\/en\/2013\/12\/bienvenidos-al-blog-de-ibiza-y-formentera-contra-el-cancer-2\/#primaryimage"},"image":{"@id":"https:\/\/www.ibizacancer.com\/en\/2013\/12\/bienvenidos-al-blog-de-ibiza-y-formentera-contra-el-cancer-2\/#primaryimage"},"thumbnailUrl":"https:\/\/www.ibizacancer.com\/wp-content\/uploads\/2024\/06\/blog-jpg.jpg","datePublished":"2013-12-30T12:48:20+00:00","dateModified":"2024-06-14T09:56:40+00:00","inLanguage":"en-US","potentialAction":[{"@type":"ReadAction","target":["https:\/\/www.ibizacancer.com\/en\/2013\/12\/bienvenidos-al-blog-de-ibiza-y-formentera-contra-el-cancer-2\/"]}]},{"@type":"ImageObject","inLanguage":"en-US","@id":"https:\/\/www.ibizacancer.com\/en\/2013\/12\/bienvenidos-al-blog-de-ibiza-y-formentera-contra-el-cancer-2\/#primaryimage","url":"https:\/\/www.ibizacancer.com\/wp-content\/uploads\/2024\/06\/blog-jpg.jpg","contentUrl":"https:\/\/www.ibizacancer.com\/wp-content\/uploads\/2024\/06\/blog-jpg.jpg","width":700,"height":305},{"@type":"WebSite","@id":"https:\/\/www.ibizacancer.com\/en\/#website","url":"https:\/\/www.ibizacancer.com\/en\/","name":"Ibiza y Formentera Contra el C\u00e1ncer","description":"Ibiza y Formentera contra el C\u00e1ncer es una organizaci\u00f3n no gubernamental y sin \u00e1nimo de lucro dirigida a la lucha contra esta enfermedad en las Pitiusas.","publisher":{"@id":"https:\/\/www.ibizacancer.com\/en\/#organization"},"potentialAction":[{"@type":"SearchAction","target":{"@type":"EntryPoint","urlTemplate":"https:\/\/www.ibizacancer.com\/en\/?s={search_term_string}"},"query-input":{"@type":"PropertyValueSpecification","valueRequired":true,"valueName":"search_term_string"}}],"inLanguage":"en-US"},{"@type":"Organization","@id":"https:\/\/www.ibizacancer.com\/en\/#organization","name":"Ibiza y Formentera Contra el C\u00e1ncer","url":"https:\/\/www.ibizacancer.com\/en\/","logo":{"@type":"ImageObject","inLanguage":"en-US","@id":"https:\/\/www.ibizacancer.com\/en\/#\/schema\/logo\/image\/","url":"https:\/\/www.ibizacancer.com\/wp-content\/uploads\/2020\/08\/ifcc-logo-web.png","contentUrl":"https:\/\/www.ibizacancer.com\/wp-content\/uploads\/2020\/08\/ifcc-logo-web.png","width":200,"height":73,"caption":"Ibiza y Formentera Contra el C\u00e1ncer"},"image":{"@id":"https:\/\/www.ibizacancer.com\/en\/#\/schema\/logo\/image\/"},"sameAs":["https:\/\/www.facebook.com\/IFCCancer"]},{"@type":"Person","@id":"https:\/\/www.ibizacancer.com\/en\/#\/schema\/person\/4a32eda3ec27872ff1d22fb74503b4f2","name":"IFCC","image":{"@type":"ImageObject","inLanguage":"en-US","@id":"https:\/\/www.ibizacancer.com\/en\/#\/schema\/person\/image\/","url":"https:\/\/secure.gravatar.com\/avatar\/33cf8cba6efee2cb7a070c8cef186bfe8924ee65c94c506f4742e6653ba357e6?s=96&d=mm&r=g","contentUrl":"https:\/\/secure.gravatar.com\/avatar\/33cf8cba6efee2cb7a070c8cef186bfe8924ee65c94c506f4742e6653ba357e6?s=96&d=mm&r=g","caption":"IFCC"},"sameAs":["https:\/\/www.ibizacancer.com"]}]}},"_links":{"self":[{"href":"https:\/\/www.ibizacancer.com\/en\/wp-json\/wp\/v2\/posts\/22164","targetHints":{"allow":["GET"]}}],"collection":[{"href":"https:\/\/www.ibizacancer.com\/en\/wp-json\/wp\/v2\/posts"}],"about":[{"href":"https:\/\/www.ibizacancer.com\/en\/wp-json\/wp\/v2\/types\/post"}],"author":[{"embeddable":true,"href":"https:\/\/www.ibizacancer.com\/en\/wp-json\/wp\/v2\/users\/1"}],"replies":[{"embeddable":true,"href":"https:\/\/www.ibizacancer.com\/en\/wp-json\/wp\/v2\/comments?post=22164"}],"version-history":[{"count":0,"href":"https:\/\/www.ibizacancer.com\/en\/wp-json\/wp\/v2\/posts\/22164\/revisions"}],"wp:featuredmedia":[{"embeddable":true,"href":"https:\/\/www.ibizacancer.com\/en\/wp-json\/wp\/v2\/media\/21926"}],"wp:attachment":[{"href":"https:\/\/www.ibizacancer.com\/en\/wp-json\/wp\/v2\/media?parent=22164"}],"wp:term":[{"taxonomy":"category","embeddable":true,"href":"https:\/\/www.ibizacancer.com\/en\/wp-json\/wp\/v2\/categories?post=22164"},{"taxonomy":"post_tag","embeddable":true,"href":"https:\/\/www.ibizacancer.com\/en\/wp-json\/wp\/v2\/tags?post=22164"}],"curies":[{"name":"wp","href":"https:\/\/api.w.org\/{rel}","templated":true}]}}