{"id":22216,"date":"2017-11-08T10:19:34","date_gmt":"2017-11-08T09:19:34","guid":{"rendered":"https:\/\/www.ibizacancer.com\/hostal-la-torre-acoge-este-viernes-18-de-noviembre-una-cena-solidaria-a-beneficio-de-ifcc-2-3\/"},"modified":"2024-06-14T11:57:53","modified_gmt":"2024-06-14T09:57:53","slug":"hostal-la-torre-acoge-este-viernes-18-de-noviembre-una-cena-solidaria-a-beneficio-de-ifcc-2-3","status":"publish","type":"post","link":"https:\/\/www.ibizacancer.com\/en\/2017\/11\/hostal-la-torre-acoge-este-viernes-18-de-noviembre-una-cena-solidaria-a-beneficio-de-ifcc-2-3\/","title":{"rendered":"Hostal La Torre acoge este viernes 18 de noviembre una cena solidaria a beneficio de IFCC"},"content":{"rendered":"<p>El Hostal la Torre dar\u00e1 vida este viernes 18 de noviembre a una cena solidaria cuyos beneficios ir\u00e1n destinados de forma \u00edntegra a la Asociaci\u00f3n Ibiza y Formentera de Contra el C\u00e1ncer, IFCC.<\/p>\n<p>Esta cita tendr\u00e1 lugar a las 20,00 horas en su restaurante con un precio por cubierto de 40 euros. En el marco del evento se celebrar\u00e1 una rifa solidaria en la que se sortear\u00e1 un fin de semana para dos personas en el Hostal la Torre y una bicicleta cedida por el Hostal Florencio.<\/p>\n<p>\u00a1Much\u00edsimas gracias a todos por formar parte de iniciativas tan maravillosas como esta!<\/p>\n<p>Tel\u00e9fono de reservas\u00a0<strong>971 342 271<\/strong><\/p>\n<p><img fetchpriority=\"high\" decoding=\"async\" class=\"size-full wp-image-3650 aligncenter\" src=\"https:\/\/www.ibizacancer.com\/wp-content\/uploads\/2024\/06\/g9j9139v.jpg\" alt=\"\" width=\"700\" height=\"1053\" \/><\/p>\n<p>&nbsp;<\/p>\n<p>Descarga de archivos relacionados:<\/p>\n<p><a href=\"https:\/\/www.ibizacancer.com\/wp-content\/uploads\/2024\/06\/g9j9139v.jpg\" target=\"_blank\" rel=\"noopener\">P\u00f3ster<\/a><\/p>\n<p>&nbsp;<\/p>\n","protected":false},"excerpt":{"rendered":"<p>El Hostal la Torre dar\u00e1 vida este viernes 18 de noviembre a una cena solidaria cuyos beneficios ir\u00e1n destinados de forma \u00edntegra a la Asociaci\u00f3n Ibiza y Formentera de Contra [&hellip;]<\/p>\n","protected":false},"author":1,"featured_media":22198,"comment_status":"open","ping_status":"closed","sticky":false,"template":"","format":"standard","meta":{"_acf_changed":false,"give_campaign_id":0,"footnotes":""},"categories":[502],"tags":[],"class_list":["post-22216","post","type-post","status-publish","format-standard","has-post-thumbnail","hentry","category-events","entry"],"acf":[],"yoast_head":"<!-- This site is optimized with the Yoast SEO plugin v27.1.1 - https:\/\/yoast.com\/product\/yoast-seo-wordpress\/ -->\n<title>Hostal La Torre acoge este viernes 18 de noviembre una cena solidaria a beneficio de IFCC - Ibiza y Formentera Contra el C\u00e1ncer<\/title>\n<meta name=\"robots\" content=\"index, follow, max-snippet:-1, max-image-preview:large, max-video-preview:-1\" \/>\n<link rel=\"canonical\" href=\"https:\/\/www.ibizacancer.com\/en\/2017\/11\/hostal-la-torre-acoge-este-viernes-18-de-noviembre-una-cena-solidaria-a-beneficio-de-ifcc-2-3\/\" \/>\n<meta property=\"og:locale\" content=\"en_US\" \/>\n<meta property=\"og:type\" content=\"article\" \/>\n<meta property=\"og:title\" content=\"Hostal La Torre acoge este viernes 18 de noviembre una cena solidaria a beneficio de IFCC - Ibiza y Formentera Contra el C\u00e1ncer\" \/>\n<meta property=\"og:description\" content=\"El Hostal la Torre dar\u00e1 vida este viernes 18 de noviembre a una cena solidaria cuyos beneficios ir\u00e1n destinados de forma \u00edntegra a la Asociaci\u00f3n Ibiza y Formentera de Contra [&hellip;]\" \/>\n<meta property=\"og:url\" content=\"https:\/\/www.ibizacancer.com\/en\/2017\/11\/hostal-la-torre-acoge-este-viernes-18-de-noviembre-una-cena-solidaria-a-beneficio-de-ifcc-2-3\/\" \/>\n<meta property=\"og:site_name\" content=\"Ibiza y Formentera Contra el C\u00e1ncer\" \/>\n<meta property=\"article:publisher\" content=\"https:\/\/www.facebook.com\/IFCCancer\" \/>\n<meta property=\"article:published_time\" content=\"2017-11-08T09:19:34+00:00\" \/>\n<meta property=\"article:modified_time\" content=\"2024-06-14T09:57:53+00:00\" \/>\n<meta property=\"og:image\" content=\"https:\/\/www.ibizacancer.com\/wp-content\/uploads\/2024\/06\/z47zrgjx.jpg\" \/>\n\t<meta property=\"og:image:width\" content=\"700\" \/>\n\t<meta property=\"og:image:height\" content=\"305\" \/>\n\t<meta property=\"og:image:type\" content=\"image\/jpeg\" \/>\n<meta name=\"author\" content=\"IFCC\" \/>\n<meta name=\"twitter:card\" content=\"summary_large_image\" \/>\n<meta name=\"twitter:label1\" content=\"Written by\" \/>\n\t<meta name=\"twitter:data1\" content=\"IFCC\" \/>\n\t<meta name=\"twitter:label2\" content=\"Est. reading time\" \/>\n\t<meta name=\"twitter:data2\" content=\"1 minute\" \/>\n<script type=\"application\/ld+json\" class=\"yoast-schema-graph\">{\"@context\":\"https:\/\/schema.org\",\"@graph\":[{\"@type\":\"Article\",\"@id\":\"https:\/\/www.ibizacancer.com\/en\/2017\/11\/hostal-la-torre-acoge-este-viernes-18-de-noviembre-una-cena-solidaria-a-beneficio-de-ifcc-2-3\/#article\",\"isPartOf\":{\"@id\":\"https:\/\/www.ibizacancer.com\/en\/2017\/11\/hostal-la-torre-acoge-este-viernes-18-de-noviembre-una-cena-solidaria-a-beneficio-de-ifcc-2-3\/\"},\"author\":{\"name\":\"IFCC\",\"@id\":\"https:\/\/www.ibizacancer.com\/en\/#\/schema\/person\/4a32eda3ec27872ff1d22fb74503b4f2\"},\"headline\":\"Hostal La Torre acoge este viernes 18 de noviembre una cena solidaria a beneficio de IFCC\",\"datePublished\":\"2017-11-08T09:19:34+00:00\",\"dateModified\":\"2024-06-14T09:57:53+00:00\",\"mainEntityOfPage\":{\"@id\":\"https:\/\/www.ibizacancer.com\/en\/2017\/11\/hostal-la-torre-acoge-este-viernes-18-de-noviembre-una-cena-solidaria-a-beneficio-de-ifcc-2-3\/\"},\"wordCount\":128,\"commentCount\":0,\"publisher\":{\"@id\":\"https:\/\/www.ibizacancer.com\/en\/#organization\"},\"image\":{\"@id\":\"https:\/\/www.ibizacancer.com\/en\/2017\/11\/hostal-la-torre-acoge-este-viernes-18-de-noviembre-una-cena-solidaria-a-beneficio-de-ifcc-2-3\/#primaryimage\"},\"thumbnailUrl\":\"https:\/\/www.ibizacancer.com\/wp-content\/uploads\/2024\/06\/z47zrgjx.jpg\",\"articleSection\":[\"Events\"],\"inLanguage\":\"en-US\",\"potentialAction\":[{\"@type\":\"CommentAction\",\"name\":\"Comment\",\"target\":[\"https:\/\/www.ibizacancer.com\/en\/2017\/11\/hostal-la-torre-acoge-este-viernes-18-de-noviembre-una-cena-solidaria-a-beneficio-de-ifcc-2-3\/#respond\"]}]},{\"@type\":\"WebPage\",\"@id\":\"https:\/\/www.ibizacancer.com\/en\/2017\/11\/hostal-la-torre-acoge-este-viernes-18-de-noviembre-una-cena-solidaria-a-beneficio-de-ifcc-2-3\/\",\"url\":\"https:\/\/www.ibizacancer.com\/en\/2017\/11\/hostal-la-torre-acoge-este-viernes-18-de-noviembre-una-cena-solidaria-a-beneficio-de-ifcc-2-3\/\",\"name\":\"Hostal La Torre acoge este viernes 18 de noviembre una cena solidaria a beneficio de IFCC - Ibiza y Formentera Contra el C\u00e1ncer\",\"isPartOf\":{\"@id\":\"https:\/\/www.ibizacancer.com\/en\/#website\"},\"primaryImageOfPage\":{\"@id\":\"https:\/\/www.ibizacancer.com\/en\/2017\/11\/hostal-la-torre-acoge-este-viernes-18-de-noviembre-una-cena-solidaria-a-beneficio-de-ifcc-2-3\/#primaryimage\"},\"image\":{\"@id\":\"https:\/\/www.ibizacancer.com\/en\/2017\/11\/hostal-la-torre-acoge-este-viernes-18-de-noviembre-una-cena-solidaria-a-beneficio-de-ifcc-2-3\/#primaryimage\"},\"thumbnailUrl\":\"https:\/\/www.ibizacancer.com\/wp-content\/uploads\/2024\/06\/z47zrgjx.jpg\",\"datePublished\":\"2017-11-08T09:19:34+00:00\",\"dateModified\":\"2024-06-14T09:57:53+00:00\",\"inLanguage\":\"en-US\",\"potentialAction\":[{\"@type\":\"ReadAction\",\"target\":[\"https:\/\/www.ibizacancer.com\/en\/2017\/11\/hostal-la-torre-acoge-este-viernes-18-de-noviembre-una-cena-solidaria-a-beneficio-de-ifcc-2-3\/\"]}]},{\"@type\":\"ImageObject\",\"inLanguage\":\"en-US\",\"@id\":\"https:\/\/www.ibizacancer.com\/en\/2017\/11\/hostal-la-torre-acoge-este-viernes-18-de-noviembre-una-cena-solidaria-a-beneficio-de-ifcc-2-3\/#primaryimage\",\"url\":\"https:\/\/www.ibizacancer.com\/wp-content\/uploads\/2024\/06\/z47zrgjx.jpg\",\"contentUrl\":\"https:\/\/www.ibizacancer.com\/wp-content\/uploads\/2024\/06\/z47zrgjx.jpg\",\"width\":700,\"height\":305},{\"@type\":\"WebSite\",\"@id\":\"https:\/\/www.ibizacancer.com\/en\/#website\",\"url\":\"https:\/\/www.ibizacancer.com\/en\/\",\"name\":\"Ibiza y Formentera Contra el C\u00e1ncer\",\"description\":\"Ibiza y Formentera contra el C\u00e1ncer es una organizaci\u00f3n no gubernamental y sin \u00e1nimo de lucro dirigida a la lucha contra esta enfermedad en las Pitiusas.\",\"publisher\":{\"@id\":\"https:\/\/www.ibizacancer.com\/en\/#organization\"},\"potentialAction\":[{\"@type\":\"SearchAction\",\"target\":{\"@type\":\"EntryPoint\",\"urlTemplate\":\"https:\/\/www.ibizacancer.com\/en\/?s={search_term_string}\"},\"query-input\":{\"@type\":\"PropertyValueSpecification\",\"valueRequired\":true,\"valueName\":\"search_term_string\"}}],\"inLanguage\":\"en-US\"},{\"@type\":\"Organization\",\"@id\":\"https:\/\/www.ibizacancer.com\/en\/#organization\",\"name\":\"Ibiza y Formentera Contra el C\u00e1ncer\",\"url\":\"https:\/\/www.ibizacancer.com\/en\/\",\"logo\":{\"@type\":\"ImageObject\",\"inLanguage\":\"en-US\",\"@id\":\"https:\/\/www.ibizacancer.com\/en\/#\/schema\/logo\/image\/\",\"url\":\"https:\/\/www.ibizacancer.com\/wp-content\/uploads\/2020\/08\/ifcc-logo-web.png\",\"contentUrl\":\"https:\/\/www.ibizacancer.com\/wp-content\/uploads\/2020\/08\/ifcc-logo-web.png\",\"width\":200,\"height\":73,\"caption\":\"Ibiza y Formentera Contra el C\u00e1ncer\"},\"image\":{\"@id\":\"https:\/\/www.ibizacancer.com\/en\/#\/schema\/logo\/image\/\"},\"sameAs\":[\"https:\/\/www.facebook.com\/IFCCancer\"]},{\"@type\":\"Person\",\"@id\":\"https:\/\/www.ibizacancer.com\/en\/#\/schema\/person\/4a32eda3ec27872ff1d22fb74503b4f2\",\"name\":\"IFCC\",\"image\":{\"@type\":\"ImageObject\",\"inLanguage\":\"en-US\",\"@id\":\"https:\/\/www.ibizacancer.com\/en\/#\/schema\/person\/image\/\",\"url\":\"https:\/\/secure.gravatar.com\/avatar\/33cf8cba6efee2cb7a070c8cef186bfe8924ee65c94c506f4742e6653ba357e6?s=96&d=mm&r=g\",\"contentUrl\":\"https:\/\/secure.gravatar.com\/avatar\/33cf8cba6efee2cb7a070c8cef186bfe8924ee65c94c506f4742e6653ba357e6?s=96&d=mm&r=g\",\"caption\":\"IFCC\"},\"sameAs\":[\"https:\/\/www.ibizacancer.com\"]}]}<\/script>\n<!-- \/ Yoast SEO plugin. -->","yoast_head_json":{"title":"Hostal La Torre acoge este viernes 18 de noviembre una cena solidaria a beneficio de IFCC - Ibiza y Formentera Contra el C\u00e1ncer","robots":{"index":"index","follow":"follow","max-snippet":"max-snippet:-1","max-image-preview":"max-image-preview:large","max-video-preview":"max-video-preview:-1"},"canonical":"https:\/\/www.ibizacancer.com\/en\/2017\/11\/hostal-la-torre-acoge-este-viernes-18-de-noviembre-una-cena-solidaria-a-beneficio-de-ifcc-2-3\/","og_locale":"en_US","og_type":"article","og_title":"Hostal La Torre acoge este viernes 18 de noviembre una cena solidaria a beneficio de IFCC - Ibiza y Formentera Contra el C\u00e1ncer","og_description":"El Hostal la Torre dar\u00e1 vida este viernes 18 de noviembre a una cena solidaria cuyos beneficios ir\u00e1n destinados de forma \u00edntegra a la Asociaci\u00f3n Ibiza y Formentera de Contra [&hellip;]","og_url":"https:\/\/www.ibizacancer.com\/en\/2017\/11\/hostal-la-torre-acoge-este-viernes-18-de-noviembre-una-cena-solidaria-a-beneficio-de-ifcc-2-3\/","og_site_name":"Ibiza y Formentera Contra el C\u00e1ncer","article_publisher":"https:\/\/www.facebook.com\/IFCCancer","article_published_time":"2017-11-08T09:19:34+00:00","article_modified_time":"2024-06-14T09:57:53+00:00","og_image":[{"width":700,"height":305,"url":"https:\/\/www.ibizacancer.com\/wp-content\/uploads\/2024\/06\/z47zrgjx.jpg","type":"image\/jpeg"}],"author":"IFCC","twitter_card":"summary_large_image","twitter_misc":{"Written by":"IFCC","Est. reading time":"1 minute"},"schema":{"@context":"https:\/\/schema.org","@graph":[{"@type":"Article","@id":"https:\/\/www.ibizacancer.com\/en\/2017\/11\/hostal-la-torre-acoge-este-viernes-18-de-noviembre-una-cena-solidaria-a-beneficio-de-ifcc-2-3\/#article","isPartOf":{"@id":"https:\/\/www.ibizacancer.com\/en\/2017\/11\/hostal-la-torre-acoge-este-viernes-18-de-noviembre-una-cena-solidaria-a-beneficio-de-ifcc-2-3\/"},"author":{"name":"IFCC","@id":"https:\/\/www.ibizacancer.com\/en\/#\/schema\/person\/4a32eda3ec27872ff1d22fb74503b4f2"},"headline":"Hostal La Torre acoge este viernes 18 de noviembre una cena solidaria a beneficio de IFCC","datePublished":"2017-11-08T09:19:34+00:00","dateModified":"2024-06-14T09:57:53+00:00","mainEntityOfPage":{"@id":"https:\/\/www.ibizacancer.com\/en\/2017\/11\/hostal-la-torre-acoge-este-viernes-18-de-noviembre-una-cena-solidaria-a-beneficio-de-ifcc-2-3\/"},"wordCount":128,"commentCount":0,"publisher":{"@id":"https:\/\/www.ibizacancer.com\/en\/#organization"},"image":{"@id":"https:\/\/www.ibizacancer.com\/en\/2017\/11\/hostal-la-torre-acoge-este-viernes-18-de-noviembre-una-cena-solidaria-a-beneficio-de-ifcc-2-3\/#primaryimage"},"thumbnailUrl":"https:\/\/www.ibizacancer.com\/wp-content\/uploads\/2024\/06\/z47zrgjx.jpg","articleSection":["Events"],"inLanguage":"en-US","potentialAction":[{"@type":"CommentAction","name":"Comment","target":["https:\/\/www.ibizacancer.com\/en\/2017\/11\/hostal-la-torre-acoge-este-viernes-18-de-noviembre-una-cena-solidaria-a-beneficio-de-ifcc-2-3\/#respond"]}]},{"@type":"WebPage","@id":"https:\/\/www.ibizacancer.com\/en\/2017\/11\/hostal-la-torre-acoge-este-viernes-18-de-noviembre-una-cena-solidaria-a-beneficio-de-ifcc-2-3\/","url":"https:\/\/www.ibizacancer.com\/en\/2017\/11\/hostal-la-torre-acoge-este-viernes-18-de-noviembre-una-cena-solidaria-a-beneficio-de-ifcc-2-3\/","name":"Hostal La Torre acoge este viernes 18 de noviembre una cena solidaria a beneficio de IFCC - Ibiza y Formentera Contra el C\u00e1ncer","isPartOf":{"@id":"https:\/\/www.ibizacancer.com\/en\/#website"},"primaryImageOfPage":{"@id":"https:\/\/www.ibizacancer.com\/en\/2017\/11\/hostal-la-torre-acoge-este-viernes-18-de-noviembre-una-cena-solidaria-a-beneficio-de-ifcc-2-3\/#primaryimage"},"image":{"@id":"https:\/\/www.ibizacancer.com\/en\/2017\/11\/hostal-la-torre-acoge-este-viernes-18-de-noviembre-una-cena-solidaria-a-beneficio-de-ifcc-2-3\/#primaryimage"},"thumbnailUrl":"https:\/\/www.ibizacancer.com\/wp-content\/uploads\/2024\/06\/z47zrgjx.jpg","datePublished":"2017-11-08T09:19:34+00:00","dateModified":"2024-06-14T09:57:53+00:00","inLanguage":"en-US","potentialAction":[{"@type":"ReadAction","target":["https:\/\/www.ibizacancer.com\/en\/2017\/11\/hostal-la-torre-acoge-este-viernes-18-de-noviembre-una-cena-solidaria-a-beneficio-de-ifcc-2-3\/"]}]},{"@type":"ImageObject","inLanguage":"en-US","@id":"https:\/\/www.ibizacancer.com\/en\/2017\/11\/hostal-la-torre-acoge-este-viernes-18-de-noviembre-una-cena-solidaria-a-beneficio-de-ifcc-2-3\/#primaryimage","url":"https:\/\/www.ibizacancer.com\/wp-content\/uploads\/2024\/06\/z47zrgjx.jpg","contentUrl":"https:\/\/www.ibizacancer.com\/wp-content\/uploads\/2024\/06\/z47zrgjx.jpg","width":700,"height":305},{"@type":"WebSite","@id":"https:\/\/www.ibizacancer.com\/en\/#website","url":"https:\/\/www.ibizacancer.com\/en\/","name":"Ibiza y Formentera Contra el C\u00e1ncer","description":"Ibiza y Formentera contra el C\u00e1ncer es una organizaci\u00f3n no gubernamental y sin \u00e1nimo de lucro dirigida a la lucha contra esta enfermedad en las Pitiusas.","publisher":{"@id":"https:\/\/www.ibizacancer.com\/en\/#organization"},"potentialAction":[{"@type":"SearchAction","target":{"@type":"EntryPoint","urlTemplate":"https:\/\/www.ibizacancer.com\/en\/?s={search_term_string}"},"query-input":{"@type":"PropertyValueSpecification","valueRequired":true,"valueName":"search_term_string"}}],"inLanguage":"en-US"},{"@type":"Organization","@id":"https:\/\/www.ibizacancer.com\/en\/#organization","name":"Ibiza y Formentera Contra el C\u00e1ncer","url":"https:\/\/www.ibizacancer.com\/en\/","logo":{"@type":"ImageObject","inLanguage":"en-US","@id":"https:\/\/www.ibizacancer.com\/en\/#\/schema\/logo\/image\/","url":"https:\/\/www.ibizacancer.com\/wp-content\/uploads\/2020\/08\/ifcc-logo-web.png","contentUrl":"https:\/\/www.ibizacancer.com\/wp-content\/uploads\/2020\/08\/ifcc-logo-web.png","width":200,"height":73,"caption":"Ibiza y Formentera Contra el C\u00e1ncer"},"image":{"@id":"https:\/\/www.ibizacancer.com\/en\/#\/schema\/logo\/image\/"},"sameAs":["https:\/\/www.facebook.com\/IFCCancer"]},{"@type":"Person","@id":"https:\/\/www.ibizacancer.com\/en\/#\/schema\/person\/4a32eda3ec27872ff1d22fb74503b4f2","name":"IFCC","image":{"@type":"ImageObject","inLanguage":"en-US","@id":"https:\/\/www.ibizacancer.com\/en\/#\/schema\/person\/image\/","url":"https:\/\/secure.gravatar.com\/avatar\/33cf8cba6efee2cb7a070c8cef186bfe8924ee65c94c506f4742e6653ba357e6?s=96&d=mm&r=g","contentUrl":"https:\/\/secure.gravatar.com\/avatar\/33cf8cba6efee2cb7a070c8cef186bfe8924ee65c94c506f4742e6653ba357e6?s=96&d=mm&r=g","caption":"IFCC"},"sameAs":["https:\/\/www.ibizacancer.com"]}]}},"_links":{"self":[{"href":"https:\/\/www.ibizacancer.com\/en\/wp-json\/wp\/v2\/posts\/22216","targetHints":{"allow":["GET"]}}],"collection":[{"href":"https:\/\/www.ibizacancer.com\/en\/wp-json\/wp\/v2\/posts"}],"about":[{"href":"https:\/\/www.ibizacancer.com\/en\/wp-json\/wp\/v2\/types\/post"}],"author":[{"embeddable":true,"href":"https:\/\/www.ibizacancer.com\/en\/wp-json\/wp\/v2\/users\/1"}],"replies":[{"embeddable":true,"href":"https:\/\/www.ibizacancer.com\/en\/wp-json\/wp\/v2\/comments?post=22216"}],"version-history":[{"count":0,"href":"https:\/\/www.ibizacancer.com\/en\/wp-json\/wp\/v2\/posts\/22216\/revisions"}],"wp:featuredmedia":[{"embeddable":true,"href":"https:\/\/www.ibizacancer.com\/en\/wp-json\/wp\/v2\/media\/22198"}],"wp:attachment":[{"href":"https:\/\/www.ibizacancer.com\/en\/wp-json\/wp\/v2\/media?parent=22216"}],"wp:term":[{"taxonomy":"category","embeddable":true,"href":"https:\/\/www.ibizacancer.com\/en\/wp-json\/wp\/v2\/categories?post=22216"},{"taxonomy":"post_tag","embeddable":true,"href":"https:\/\/www.ibizacancer.com\/en\/wp-json\/wp\/v2\/tags?post=22216"}],"curies":[{"name":"wp","href":"https:\/\/api.w.org\/{rel}","templated":true}]}}