{"id":22492,"date":"2022-03-11T12:42:24","date_gmt":"2022-03-11T11:42:24","guid":{"rendered":"https:\/\/www.ibizacancer.com\/the-residents-of-cala-llonga-will-celebrate-this-sunday-march-13-a-solidarity-walk-for-the-benefit-of-ifcc\/"},"modified":"2024-06-14T11:59:19","modified_gmt":"2024-06-14T09:59:19","slug":"the-residents-of-cala-llonga-will-celebrate-this-sunday-march-13-a-solidarity-walk-for-the-benefit-of-ifcc","status":"publish","type":"post","link":"https:\/\/www.ibizacancer.com\/en\/2022\/03\/the-residents-of-cala-llonga-will-celebrate-this-sunday-march-13-a-solidarity-walk-for-the-benefit-of-ifcc\/","title":{"rendered":"The residents of Cala Llonga will celebrate this Sunday, March 13, a solidarity walk for the benefit of IFCC"},"content":{"rendered":"<p><strong>This initiative for all audiences will serve to raise funds for cancer patients in Ibiza and Formentera<\/strong><\/p>\n<p>The residents of Cala Llonga will promote this Sunday, March 13 at 10:00 a.m. a solidarity walk for the benefit of the Ibiza and Formentera Association Against Cancer, IFCC. It is a moderate ability route of 9.8 km that will depart from the Can Lluc Restaurant in Cala Llonga and will last approximately three hours. &#8220;To participate is very simple, you just have to register through the following link: <a href=\"https:\/\/www.ibizacancer.com\/en\/events\/solidarity-walk\/\">https:\/\/www.ibizacancer.com\/en\/events\/solidarity-walk\/<\/a>&#8220;, or call <strong>662 67 43 74<\/strong>.<\/p>\n<p>This walk will consist of a visit to the old well and spring of Sa Font des Yerns, the organic farm of Can Musson and the hidden valley of Puig d&#8217;en Sala. \u201cWe always organize walks because we love to get together and enjoy the island, and every year we promote these solidarity meetings for the benefit of IFCC\u201d, the Cala Llonga Neighborhood Association explained, recalling that people from all walks of life can register for this event. ages by making a simple donation from 5 euros.<\/p>\n<p>For her part, the president of the IFCC, Helen Watson, has affirmed that &#8220;everything that is raised in this walk will go entirely to the actions of support for families that our Association has led for more than 20 years.&#8221; &#8220;These solidarity walks, in addition to serving to support our project, also advocate promoting sports and outdoor activities and are part of the cancer prevention acts that we promote,&#8221; Watson concluded.<\/p>\n<p><img fetchpriority=\"high\" decoding=\"async\" class=\"aligncenter size-full wp-image-5329\" src=\"https:\/\/www.ibizacancer.com\/wp-content\/uploads\/2024\/06\/caminata-solidaria-ifcc.jpg\" alt=\"Caminata Solidaria IFCC\" width=\"1134\" height=\"567\" \/><\/p>\n","protected":false},"excerpt":{"rendered":"<p>This initiative for all audiences will serve to raise funds for cancer patients in Ibiza and Formentera.<\/p>\n","protected":false},"author":1,"featured_media":22490,"comment_status":"open","ping_status":"closed","sticky":false,"template":"","format":"standard","meta":{"_acf_changed":false,"give_campaign_id":0,"footnotes":""},"categories":[540,502],"tags":[454,541,501],"class_list":["post-22492","post","type-post","status-publish","format-standard","has-post-thumbnail","hentry","category-blog-2","category-events","tag-against-cancer","tag-ifcc-2","tag-solidarity-walk-2","entry"],"acf":[],"yoast_head":"<!-- This site is optimized with the Yoast SEO plugin v27.1.1 - https:\/\/yoast.com\/product\/yoast-seo-wordpress\/ -->\n<title>The residents of Cala Llonga will celebrate this Sunday, March 13, a solidarity walk for the benefit of IFCC - Ibiza y Formentera Contra el C\u00e1ncer<\/title>\n<meta name=\"description\" content=\"This initiative for all audiences will serve to raise funds for cancer patients in Ibiza and Formentera.\" \/>\n<meta name=\"robots\" content=\"index, follow, max-snippet:-1, max-image-preview:large, max-video-preview:-1\" \/>\n<link rel=\"canonical\" href=\"https:\/\/www.ibizacancer.com\/en\/2022\/03\/the-residents-of-cala-llonga-will-celebrate-this-sunday-march-13-a-solidarity-walk-for-the-benefit-of-ifcc\/\" \/>\n<meta property=\"og:locale\" content=\"en_US\" \/>\n<meta property=\"og:type\" content=\"article\" \/>\n<meta property=\"og:title\" content=\"The residents of Cala Llonga will celebrate this Sunday, March 13, a solidarity walk for the benefit of IFCC - Ibiza y Formentera Contra el C\u00e1ncer\" \/>\n<meta property=\"og:description\" content=\"This initiative for all audiences will serve to raise funds for cancer patients in Ibiza and Formentera.\" \/>\n<meta property=\"og:url\" content=\"https:\/\/www.ibizacancer.com\/en\/2022\/03\/the-residents-of-cala-llonga-will-celebrate-this-sunday-march-13-a-solidarity-walk-for-the-benefit-of-ifcc\/\" \/>\n<meta property=\"og:site_name\" content=\"Ibiza y Formentera Contra el C\u00e1ncer\" \/>\n<meta property=\"article:publisher\" content=\"https:\/\/www.facebook.com\/IFCCancer\" \/>\n<meta property=\"article:published_time\" content=\"2022-03-11T11:42:24+00:00\" \/>\n<meta property=\"article:modified_time\" content=\"2024-06-14T09:59:19+00:00\" \/>\n<meta property=\"og:image\" content=\"https:\/\/www.ibizacancer.com\/wp-content\/uploads\/2024\/06\/caminata-solidaria-ifcc.jpg\" \/>\n\t<meta property=\"og:image:width\" content=\"1134\" \/>\n\t<meta property=\"og:image:height\" content=\"567\" \/>\n\t<meta property=\"og:image:type\" content=\"image\/jpeg\" \/>\n<meta name=\"author\" content=\"IFCC\" \/>\n<meta name=\"twitter:card\" content=\"summary_large_image\" \/>\n<meta name=\"twitter:label1\" content=\"Written by\" \/>\n\t<meta name=\"twitter:data1\" content=\"IFCC\" \/>\n\t<meta name=\"twitter:label2\" content=\"Est. reading time\" \/>\n\t<meta name=\"twitter:data2\" content=\"2 minutes\" \/>\n<script type=\"application\/ld+json\" class=\"yoast-schema-graph\">{\"@context\":\"https:\/\/schema.org\",\"@graph\":[{\"@type\":\"Article\",\"@id\":\"https:\/\/www.ibizacancer.com\/en\/2022\/03\/the-residents-of-cala-llonga-will-celebrate-this-sunday-march-13-a-solidarity-walk-for-the-benefit-of-ifcc\/#article\",\"isPartOf\":{\"@id\":\"https:\/\/www.ibizacancer.com\/en\/2022\/03\/the-residents-of-cala-llonga-will-celebrate-this-sunday-march-13-a-solidarity-walk-for-the-benefit-of-ifcc\/\"},\"author\":{\"name\":\"IFCC\",\"@id\":\"https:\/\/www.ibizacancer.com\/en\/#\/schema\/person\/4a32eda3ec27872ff1d22fb74503b4f2\"},\"headline\":\"The residents of Cala Llonga will celebrate this Sunday, March 13, a solidarity walk for the benefit of IFCC\",\"datePublished\":\"2022-03-11T11:42:24+00:00\",\"dateModified\":\"2024-06-14T09:59:19+00:00\",\"mainEntityOfPage\":{\"@id\":\"https:\/\/www.ibizacancer.com\/en\/2022\/03\/the-residents-of-cala-llonga-will-celebrate-this-sunday-march-13-a-solidarity-walk-for-the-benefit-of-ifcc\/\"},\"wordCount\":268,\"commentCount\":0,\"publisher\":{\"@id\":\"https:\/\/www.ibizacancer.com\/en\/#organization\"},\"image\":{\"@id\":\"https:\/\/www.ibizacancer.com\/en\/2022\/03\/the-residents-of-cala-llonga-will-celebrate-this-sunday-march-13-a-solidarity-walk-for-the-benefit-of-ifcc\/#primaryimage\"},\"thumbnailUrl\":\"https:\/\/www.ibizacancer.com\/wp-content\/uploads\/2024\/06\/caminata-solidaria-ifcc.jpg\",\"keywords\":[\"Against Cancer\",\"IFCC\",\"Solidarity Walk\"],\"articleSection\":[\"Blog\",\"Events\"],\"inLanguage\":\"en-US\",\"potentialAction\":[{\"@type\":\"CommentAction\",\"name\":\"Comment\",\"target\":[\"https:\/\/www.ibizacancer.com\/en\/2022\/03\/the-residents-of-cala-llonga-will-celebrate-this-sunday-march-13-a-solidarity-walk-for-the-benefit-of-ifcc\/#respond\"]}]},{\"@type\":\"WebPage\",\"@id\":\"https:\/\/www.ibizacancer.com\/en\/2022\/03\/the-residents-of-cala-llonga-will-celebrate-this-sunday-march-13-a-solidarity-walk-for-the-benefit-of-ifcc\/\",\"url\":\"https:\/\/www.ibizacancer.com\/en\/2022\/03\/the-residents-of-cala-llonga-will-celebrate-this-sunday-march-13-a-solidarity-walk-for-the-benefit-of-ifcc\/\",\"name\":\"The residents of Cala Llonga will celebrate this Sunday, March 13, a solidarity walk for the benefit of IFCC - Ibiza y Formentera Contra el C\u00e1ncer\",\"isPartOf\":{\"@id\":\"https:\/\/www.ibizacancer.com\/en\/#website\"},\"primaryImageOfPage\":{\"@id\":\"https:\/\/www.ibizacancer.com\/en\/2022\/03\/the-residents-of-cala-llonga-will-celebrate-this-sunday-march-13-a-solidarity-walk-for-the-benefit-of-ifcc\/#primaryimage\"},\"image\":{\"@id\":\"https:\/\/www.ibizacancer.com\/en\/2022\/03\/the-residents-of-cala-llonga-will-celebrate-this-sunday-march-13-a-solidarity-walk-for-the-benefit-of-ifcc\/#primaryimage\"},\"thumbnailUrl\":\"https:\/\/www.ibizacancer.com\/wp-content\/uploads\/2024\/06\/caminata-solidaria-ifcc.jpg\",\"datePublished\":\"2022-03-11T11:42:24+00:00\",\"dateModified\":\"2024-06-14T09:59:19+00:00\",\"description\":\"This initiative for all audiences will serve to raise funds for cancer patients in Ibiza and Formentera.\",\"inLanguage\":\"en-US\",\"potentialAction\":[{\"@type\":\"ReadAction\",\"target\":[\"https:\/\/www.ibizacancer.com\/en\/2022\/03\/the-residents-of-cala-llonga-will-celebrate-this-sunday-march-13-a-solidarity-walk-for-the-benefit-of-ifcc\/\"]}]},{\"@type\":\"ImageObject\",\"inLanguage\":\"en-US\",\"@id\":\"https:\/\/www.ibizacancer.com\/en\/2022\/03\/the-residents-of-cala-llonga-will-celebrate-this-sunday-march-13-a-solidarity-walk-for-the-benefit-of-ifcc\/#primaryimage\",\"url\":\"https:\/\/www.ibizacancer.com\/wp-content\/uploads\/2024\/06\/caminata-solidaria-ifcc.jpg\",\"contentUrl\":\"https:\/\/www.ibizacancer.com\/wp-content\/uploads\/2024\/06\/caminata-solidaria-ifcc.jpg\",\"width\":1134,\"height\":567},{\"@type\":\"WebSite\",\"@id\":\"https:\/\/www.ibizacancer.com\/en\/#website\",\"url\":\"https:\/\/www.ibizacancer.com\/en\/\",\"name\":\"Ibiza y Formentera Contra el C\u00e1ncer\",\"description\":\"Ibiza y Formentera contra el C\u00e1ncer es una organizaci\u00f3n no gubernamental y sin \u00e1nimo de lucro dirigida a la lucha contra esta enfermedad en las Pitiusas.\",\"publisher\":{\"@id\":\"https:\/\/www.ibizacancer.com\/en\/#organization\"},\"potentialAction\":[{\"@type\":\"SearchAction\",\"target\":{\"@type\":\"EntryPoint\",\"urlTemplate\":\"https:\/\/www.ibizacancer.com\/en\/?s={search_term_string}\"},\"query-input\":{\"@type\":\"PropertyValueSpecification\",\"valueRequired\":true,\"valueName\":\"search_term_string\"}}],\"inLanguage\":\"en-US\"},{\"@type\":\"Organization\",\"@id\":\"https:\/\/www.ibizacancer.com\/en\/#organization\",\"name\":\"Ibiza y Formentera Contra el C\u00e1ncer\",\"url\":\"https:\/\/www.ibizacancer.com\/en\/\",\"logo\":{\"@type\":\"ImageObject\",\"inLanguage\":\"en-US\",\"@id\":\"https:\/\/www.ibizacancer.com\/en\/#\/schema\/logo\/image\/\",\"url\":\"https:\/\/www.ibizacancer.com\/wp-content\/uploads\/2020\/08\/ifcc-logo-web.png\",\"contentUrl\":\"https:\/\/www.ibizacancer.com\/wp-content\/uploads\/2020\/08\/ifcc-logo-web.png\",\"width\":200,\"height\":73,\"caption\":\"Ibiza y Formentera Contra el C\u00e1ncer\"},\"image\":{\"@id\":\"https:\/\/www.ibizacancer.com\/en\/#\/schema\/logo\/image\/\"},\"sameAs\":[\"https:\/\/www.facebook.com\/IFCCancer\"]},{\"@type\":\"Person\",\"@id\":\"https:\/\/www.ibizacancer.com\/en\/#\/schema\/person\/4a32eda3ec27872ff1d22fb74503b4f2\",\"name\":\"IFCC\",\"image\":{\"@type\":\"ImageObject\",\"inLanguage\":\"en-US\",\"@id\":\"https:\/\/www.ibizacancer.com\/en\/#\/schema\/person\/image\/\",\"url\":\"https:\/\/secure.gravatar.com\/avatar\/33cf8cba6efee2cb7a070c8cef186bfe8924ee65c94c506f4742e6653ba357e6?s=96&d=mm&r=g\",\"contentUrl\":\"https:\/\/secure.gravatar.com\/avatar\/33cf8cba6efee2cb7a070c8cef186bfe8924ee65c94c506f4742e6653ba357e6?s=96&d=mm&r=g\",\"caption\":\"IFCC\"},\"sameAs\":[\"https:\/\/www.ibizacancer.com\"]}]}<\/script>\n<!-- \/ Yoast SEO plugin. -->","yoast_head_json":{"title":"The residents of Cala Llonga will celebrate this Sunday, March 13, a solidarity walk for the benefit of IFCC - Ibiza y Formentera Contra el C\u00e1ncer","description":"This initiative for all audiences will serve to raise funds for cancer patients in Ibiza and Formentera.","robots":{"index":"index","follow":"follow","max-snippet":"max-snippet:-1","max-image-preview":"max-image-preview:large","max-video-preview":"max-video-preview:-1"},"canonical":"https:\/\/www.ibizacancer.com\/en\/2022\/03\/the-residents-of-cala-llonga-will-celebrate-this-sunday-march-13-a-solidarity-walk-for-the-benefit-of-ifcc\/","og_locale":"en_US","og_type":"article","og_title":"The residents of Cala Llonga will celebrate this Sunday, March 13, a solidarity walk for the benefit of IFCC - Ibiza y Formentera Contra el C\u00e1ncer","og_description":"This initiative for all audiences will serve to raise funds for cancer patients in Ibiza and Formentera.","og_url":"https:\/\/www.ibizacancer.com\/en\/2022\/03\/the-residents-of-cala-llonga-will-celebrate-this-sunday-march-13-a-solidarity-walk-for-the-benefit-of-ifcc\/","og_site_name":"Ibiza y Formentera Contra el C\u00e1ncer","article_publisher":"https:\/\/www.facebook.com\/IFCCancer","article_published_time":"2022-03-11T11:42:24+00:00","article_modified_time":"2024-06-14T09:59:19+00:00","og_image":[{"width":1134,"height":567,"url":"https:\/\/www.ibizacancer.com\/wp-content\/uploads\/2024\/06\/caminata-solidaria-ifcc.jpg","type":"image\/jpeg"}],"author":"IFCC","twitter_card":"summary_large_image","twitter_misc":{"Written by":"IFCC","Est. reading time":"2 minutes"},"schema":{"@context":"https:\/\/schema.org","@graph":[{"@type":"Article","@id":"https:\/\/www.ibizacancer.com\/en\/2022\/03\/the-residents-of-cala-llonga-will-celebrate-this-sunday-march-13-a-solidarity-walk-for-the-benefit-of-ifcc\/#article","isPartOf":{"@id":"https:\/\/www.ibizacancer.com\/en\/2022\/03\/the-residents-of-cala-llonga-will-celebrate-this-sunday-march-13-a-solidarity-walk-for-the-benefit-of-ifcc\/"},"author":{"name":"IFCC","@id":"https:\/\/www.ibizacancer.com\/en\/#\/schema\/person\/4a32eda3ec27872ff1d22fb74503b4f2"},"headline":"The residents of Cala Llonga will celebrate this Sunday, March 13, a solidarity walk for the benefit of IFCC","datePublished":"2022-03-11T11:42:24+00:00","dateModified":"2024-06-14T09:59:19+00:00","mainEntityOfPage":{"@id":"https:\/\/www.ibizacancer.com\/en\/2022\/03\/the-residents-of-cala-llonga-will-celebrate-this-sunday-march-13-a-solidarity-walk-for-the-benefit-of-ifcc\/"},"wordCount":268,"commentCount":0,"publisher":{"@id":"https:\/\/www.ibizacancer.com\/en\/#organization"},"image":{"@id":"https:\/\/www.ibizacancer.com\/en\/2022\/03\/the-residents-of-cala-llonga-will-celebrate-this-sunday-march-13-a-solidarity-walk-for-the-benefit-of-ifcc\/#primaryimage"},"thumbnailUrl":"https:\/\/www.ibizacancer.com\/wp-content\/uploads\/2024\/06\/caminata-solidaria-ifcc.jpg","keywords":["Against Cancer","IFCC","Solidarity Walk"],"articleSection":["Blog","Events"],"inLanguage":"en-US","potentialAction":[{"@type":"CommentAction","name":"Comment","target":["https:\/\/www.ibizacancer.com\/en\/2022\/03\/the-residents-of-cala-llonga-will-celebrate-this-sunday-march-13-a-solidarity-walk-for-the-benefit-of-ifcc\/#respond"]}]},{"@type":"WebPage","@id":"https:\/\/www.ibizacancer.com\/en\/2022\/03\/the-residents-of-cala-llonga-will-celebrate-this-sunday-march-13-a-solidarity-walk-for-the-benefit-of-ifcc\/","url":"https:\/\/www.ibizacancer.com\/en\/2022\/03\/the-residents-of-cala-llonga-will-celebrate-this-sunday-march-13-a-solidarity-walk-for-the-benefit-of-ifcc\/","name":"The residents of Cala Llonga will celebrate this Sunday, March 13, a solidarity walk for the benefit of IFCC - Ibiza y Formentera Contra el C\u00e1ncer","isPartOf":{"@id":"https:\/\/www.ibizacancer.com\/en\/#website"},"primaryImageOfPage":{"@id":"https:\/\/www.ibizacancer.com\/en\/2022\/03\/the-residents-of-cala-llonga-will-celebrate-this-sunday-march-13-a-solidarity-walk-for-the-benefit-of-ifcc\/#primaryimage"},"image":{"@id":"https:\/\/www.ibizacancer.com\/en\/2022\/03\/the-residents-of-cala-llonga-will-celebrate-this-sunday-march-13-a-solidarity-walk-for-the-benefit-of-ifcc\/#primaryimage"},"thumbnailUrl":"https:\/\/www.ibizacancer.com\/wp-content\/uploads\/2024\/06\/caminata-solidaria-ifcc.jpg","datePublished":"2022-03-11T11:42:24+00:00","dateModified":"2024-06-14T09:59:19+00:00","description":"This initiative for all audiences will serve to raise funds for cancer patients in Ibiza and Formentera.","inLanguage":"en-US","potentialAction":[{"@type":"ReadAction","target":["https:\/\/www.ibizacancer.com\/en\/2022\/03\/the-residents-of-cala-llonga-will-celebrate-this-sunday-march-13-a-solidarity-walk-for-the-benefit-of-ifcc\/"]}]},{"@type":"ImageObject","inLanguage":"en-US","@id":"https:\/\/www.ibizacancer.com\/en\/2022\/03\/the-residents-of-cala-llonga-will-celebrate-this-sunday-march-13-a-solidarity-walk-for-the-benefit-of-ifcc\/#primaryimage","url":"https:\/\/www.ibizacancer.com\/wp-content\/uploads\/2024\/06\/caminata-solidaria-ifcc.jpg","contentUrl":"https:\/\/www.ibizacancer.com\/wp-content\/uploads\/2024\/06\/caminata-solidaria-ifcc.jpg","width":1134,"height":567},{"@type":"WebSite","@id":"https:\/\/www.ibizacancer.com\/en\/#website","url":"https:\/\/www.ibizacancer.com\/en\/","name":"Ibiza y Formentera Contra el C\u00e1ncer","description":"Ibiza y Formentera contra el C\u00e1ncer es una organizaci\u00f3n no gubernamental y sin \u00e1nimo de lucro dirigida a la lucha contra esta enfermedad en las Pitiusas.","publisher":{"@id":"https:\/\/www.ibizacancer.com\/en\/#organization"},"potentialAction":[{"@type":"SearchAction","target":{"@type":"EntryPoint","urlTemplate":"https:\/\/www.ibizacancer.com\/en\/?s={search_term_string}"},"query-input":{"@type":"PropertyValueSpecification","valueRequired":true,"valueName":"search_term_string"}}],"inLanguage":"en-US"},{"@type":"Organization","@id":"https:\/\/www.ibizacancer.com\/en\/#organization","name":"Ibiza y Formentera Contra el C\u00e1ncer","url":"https:\/\/www.ibizacancer.com\/en\/","logo":{"@type":"ImageObject","inLanguage":"en-US","@id":"https:\/\/www.ibizacancer.com\/en\/#\/schema\/logo\/image\/","url":"https:\/\/www.ibizacancer.com\/wp-content\/uploads\/2020\/08\/ifcc-logo-web.png","contentUrl":"https:\/\/www.ibizacancer.com\/wp-content\/uploads\/2020\/08\/ifcc-logo-web.png","width":200,"height":73,"caption":"Ibiza y Formentera Contra el C\u00e1ncer"},"image":{"@id":"https:\/\/www.ibizacancer.com\/en\/#\/schema\/logo\/image\/"},"sameAs":["https:\/\/www.facebook.com\/IFCCancer"]},{"@type":"Person","@id":"https:\/\/www.ibizacancer.com\/en\/#\/schema\/person\/4a32eda3ec27872ff1d22fb74503b4f2","name":"IFCC","image":{"@type":"ImageObject","inLanguage":"en-US","@id":"https:\/\/www.ibizacancer.com\/en\/#\/schema\/person\/image\/","url":"https:\/\/secure.gravatar.com\/avatar\/33cf8cba6efee2cb7a070c8cef186bfe8924ee65c94c506f4742e6653ba357e6?s=96&d=mm&r=g","contentUrl":"https:\/\/secure.gravatar.com\/avatar\/33cf8cba6efee2cb7a070c8cef186bfe8924ee65c94c506f4742e6653ba357e6?s=96&d=mm&r=g","caption":"IFCC"},"sameAs":["https:\/\/www.ibizacancer.com"]}]}},"_links":{"self":[{"href":"https:\/\/www.ibizacancer.com\/en\/wp-json\/wp\/v2\/posts\/22492","targetHints":{"allow":["GET"]}}],"collection":[{"href":"https:\/\/www.ibizacancer.com\/en\/wp-json\/wp\/v2\/posts"}],"about":[{"href":"https:\/\/www.ibizacancer.com\/en\/wp-json\/wp\/v2\/types\/post"}],"author":[{"embeddable":true,"href":"https:\/\/www.ibizacancer.com\/en\/wp-json\/wp\/v2\/users\/1"}],"replies":[{"embeddable":true,"href":"https:\/\/www.ibizacancer.com\/en\/wp-json\/wp\/v2\/comments?post=22492"}],"version-history":[{"count":0,"href":"https:\/\/www.ibizacancer.com\/en\/wp-json\/wp\/v2\/posts\/22492\/revisions"}],"wp:featuredmedia":[{"embeddable":true,"href":"https:\/\/www.ibizacancer.com\/en\/wp-json\/wp\/v2\/media\/22490"}],"wp:attachment":[{"href":"https:\/\/www.ibizacancer.com\/en\/wp-json\/wp\/v2\/media?parent=22492"}],"wp:term":[{"taxonomy":"category","embeddable":true,"href":"https:\/\/www.ibizacancer.com\/en\/wp-json\/wp\/v2\/categories?post=22492"},{"taxonomy":"post_tag","embeddable":true,"href":"https:\/\/www.ibizacancer.com\/en\/wp-json\/wp\/v2\/tags?post=22492"}],"curies":[{"name":"wp","href":"https:\/\/api.w.org\/{rel}","templated":true}]}}