{"id":22599,"date":"2023-12-01T13:55:38","date_gmt":"2023-12-01T12:55:38","guid":{"rendered":"https:\/\/www.ibizacancer.com\/ibiza-hikes-station-celebrates-a-hike-and-mountain-clean-up-for-ifcc-on-sunday-10th-december\/"},"modified":"2024-06-14T11:59:35","modified_gmt":"2024-06-14T09:59:35","slug":"ibiza-hikes-station-celebrates-a-hike-and-mountain-clean-up-for-ifcc-on-sunday-10th-december","status":"publish","type":"post","link":"https:\/\/www.ibizacancer.com\/en\/2023\/12\/ibiza-hikes-station-celebrates-a-hike-and-mountain-clean-up-for-ifcc-on-sunday-10th-december\/","title":{"rendered":"Ibiza Hikes Station Celebrates a Hike and Mountain Clean-Up for IFCC on Sunday, 10th December"},"content":{"rendered":"<p><strong>Those interested in participating in this route, which will start from the dirt parking area of Santa Agn\u00e8s, must have experience in &#8220;long-distance hiking&#8221; and &#8220;good physical fitness&#8221;<\/strong><\/p>\n<p><strong>Ibiza Hikes<\/strong> <strong>Station<\/strong> celebrates on Sunday, 10th December, &#8220;<strong>Hike to Clean &#038; Help IFCC&#8221;<\/strong>, a charity hike in support of the <strong>Association Ibiza and Formentera Against Cancer (IFCC),<\/strong> with the aim of &#8220;supporting the work of this local NGO, which seeks to improve the quality of life of cancer patients in the Pityusic Islands,&#8221; explained the founder of Ibiza Hikes Station, <strong>Manuel Ehrensperger<\/strong>. The hike will start at <strong>10:00 hours<\/strong> from the <strong>dirt parking area of Santa Agn\u00e8s de Corona.<\/strong> The initiative&#8217;s goal is also to &#8220;clean one of the most unknown and hard-to-reach mountain areas of the island,&#8221; hence the organizers emphasize the need for participants to have &#8220;<strong>experience in long hikes<\/strong>&#8220;, as well as &#8220;<strong>good physical fitness<\/strong>&#8221; and be &#8220;capable of walking, at least for an hour, with a full bag of rubbish.&#8221; The Sant Antoni de Portmany Town Hall will collaborate by providing bags and gloves and removing the rubbish through the municipal waste collection service. The hike, of <strong>high difficulty and lasting the entire morning,<\/strong> will also feature the participation of the Councillor for Environment, Beaches, Cleaning and Animal Welfare of Sant Antoni de Portmany, <strong>Pepita Torres<\/strong>. Those interested in collaborating in this initiative can do so by calling <strong>648 182 989<\/strong> and making a donation starting from <strong>10 euros.<\/strong><\/p>\n<p>Ibiza Hikes Station recommends bringing <strong>good sports footwear, sun protection, rain protection, water, and some snacks or fruit<\/strong>. Pets and children&#8217;s attendance are not allowed. &#8220;With this hike, we want to promote a healthy lifestyle, discover new enclaves of the island of Ibiza and clean some of the hard-to-reach coastal areas,&#8221; Manuel Ehrensperger clarified, who added that he created Ibiza Hikes Station &#8220;as a therapy to combat stress and a sedentary lifestyle.&#8221; &#8220;Good habits, exercise, and proper nutrition are necessary to combat any disease,&#8221; he emphasized.<\/p>\n<h2>Association Ibiza and Formentera Against Cancer<\/h2>\n<p>The Association Ibiza and Formentera Against Cancer, IFCC, has been supporting cancer patients in Ibiza and Formentera for 22 years by funding treatments, medical supplies, or informational brochures for cancer prevention. In the last decade, it has donated a total of 26 state-of-the-art reclining chairs for the oncology patients of Can Misses Hospital, along with five televisions with built-in headphones for the chemotherapy room, and has funded the launch of the first colon and breast cancer screening project in the Pityusic Islands. IFCC has also funded, thanks to donations from its numerous members and the charity events it organizes, the decoration of the oncology nursing consultation and the Palliative Care Unit consultation, the acquisition of an endoscope for the Formentera Hospital, as well as several cars for this Palliative Care Unit. This NGO has also published informational brochures for the Oncology Day Hospital, with recommendations for patients undergoing chemotherapy, breast surgery, and ostomy treatments.<\/p>\n","protected":false},"excerpt":{"rendered":"<p>Those interested in participating in this route, which will start from the dirt parking area of Santa Agn\u00e8s, must have experience in &#8220;long-distance hiking&#8221; and &#8220;good physical fitness&#8221;.<\/p>\n","protected":false},"author":1,"featured_media":22597,"comment_status":"open","ping_status":"closed","sticky":false,"template":"","format":"standard","meta":{"_acf_changed":false,"give_campaign_id":0,"footnotes":""},"categories":[540,502],"tags":[],"class_list":["post-22599","post","type-post","status-publish","format-standard","has-post-thumbnail","hentry","category-blog-2","category-events","entry"],"acf":[],"yoast_head":"<!-- This site is optimized with the Yoast SEO plugin v27.1.1 - https:\/\/yoast.com\/product\/yoast-seo-wordpress\/ -->\n<title>Ibiza Hikes Station Celebrates a Hike and Mountain Clean-Up for IFCC on Sunday, 10th December - Ibiza y Formentera Contra el C\u00e1ncer<\/title>\n<meta name=\"description\" content=\"Those interested in participating in this route, which will start from the dirt parking area of Santa Agn\u00e8s, must have experience in &quot;long-distance hiking&quot; and &quot;good physical fitness&quot;.\" \/>\n<meta name=\"robots\" content=\"index, follow, max-snippet:-1, max-image-preview:large, max-video-preview:-1\" \/>\n<link rel=\"canonical\" href=\"https:\/\/www.ibizacancer.com\/en\/2023\/12\/ibiza-hikes-station-celebrates-a-hike-and-mountain-clean-up-for-ifcc-on-sunday-10th-december\/\" \/>\n<meta property=\"og:locale\" content=\"en_US\" \/>\n<meta property=\"og:type\" content=\"article\" \/>\n<meta property=\"og:title\" content=\"Ibiza Hikes Station Celebrates a Hike and Mountain Clean-Up for IFCC on Sunday, 10th December - Ibiza y Formentera Contra el C\u00e1ncer\" \/>\n<meta property=\"og:description\" content=\"Those interested in participating in this route, which will start from the dirt parking area of Santa Agn\u00e8s, must have experience in &quot;long-distance hiking&quot; and &quot;good physical fitness&quot;.\" \/>\n<meta property=\"og:url\" content=\"https:\/\/www.ibizacancer.com\/en\/2023\/12\/ibiza-hikes-station-celebrates-a-hike-and-mountain-clean-up-for-ifcc-on-sunday-10th-december\/\" \/>\n<meta property=\"og:site_name\" content=\"Ibiza y Formentera Contra el C\u00e1ncer\" \/>\n<meta property=\"article:publisher\" content=\"https:\/\/www.facebook.com\/IFCCancer\" \/>\n<meta property=\"article:published_time\" content=\"2023-12-01T12:55:38+00:00\" \/>\n<meta property=\"article:modified_time\" content=\"2024-06-14T09:59:35+00:00\" \/>\n<meta property=\"og:image\" content=\"https:\/\/www.ibizacancer.com\/wp-content\/uploads\/2024\/06\/ibiza-hikes-station.jpg\" \/>\n\t<meta property=\"og:image:width\" content=\"1200\" \/>\n\t<meta property=\"og:image:height\" content=\"800\" \/>\n\t<meta property=\"og:image:type\" content=\"image\/jpeg\" \/>\n<meta name=\"author\" content=\"IFCC\" \/>\n<meta name=\"twitter:card\" content=\"summary_large_image\" \/>\n<meta name=\"twitter:label1\" content=\"Written by\" \/>\n\t<meta name=\"twitter:data1\" content=\"IFCC\" \/>\n\t<meta name=\"twitter:label2\" content=\"Est. reading time\" \/>\n\t<meta name=\"twitter:data2\" content=\"3 minutes\" \/>\n<script type=\"application\/ld+json\" class=\"yoast-schema-graph\">{\"@context\":\"https:\/\/schema.org\",\"@graph\":[{\"@type\":\"Article\",\"@id\":\"https:\/\/www.ibizacancer.com\/en\/2023\/12\/ibiza-hikes-station-celebrates-a-hike-and-mountain-clean-up-for-ifcc-on-sunday-10th-december\/#article\",\"isPartOf\":{\"@id\":\"https:\/\/www.ibizacancer.com\/en\/2023\/12\/ibiza-hikes-station-celebrates-a-hike-and-mountain-clean-up-for-ifcc-on-sunday-10th-december\/\"},\"author\":{\"name\":\"IFCC\",\"@id\":\"https:\/\/www.ibizacancer.com\/en\/#\/schema\/person\/4a32eda3ec27872ff1d22fb74503b4f2\"},\"headline\":\"Ibiza Hikes Station Celebrates a Hike and Mountain Clean-Up for IFCC on Sunday, 10th December\",\"datePublished\":\"2023-12-01T12:55:38+00:00\",\"dateModified\":\"2024-06-14T09:59:35+00:00\",\"mainEntityOfPage\":{\"@id\":\"https:\/\/www.ibizacancer.com\/en\/2023\/12\/ibiza-hikes-station-celebrates-a-hike-and-mountain-clean-up-for-ifcc-on-sunday-10th-december\/\"},\"wordCount\":499,\"commentCount\":0,\"publisher\":{\"@id\":\"https:\/\/www.ibizacancer.com\/en\/#organization\"},\"image\":{\"@id\":\"https:\/\/www.ibizacancer.com\/en\/2023\/12\/ibiza-hikes-station-celebrates-a-hike-and-mountain-clean-up-for-ifcc-on-sunday-10th-december\/#primaryimage\"},\"thumbnailUrl\":\"https:\/\/www.ibizacancer.com\/wp-content\/uploads\/2024\/06\/ibiza-hikes-station.jpg\",\"articleSection\":[\"Blog\",\"Events\"],\"inLanguage\":\"en-US\",\"potentialAction\":[{\"@type\":\"CommentAction\",\"name\":\"Comment\",\"target\":[\"https:\/\/www.ibizacancer.com\/en\/2023\/12\/ibiza-hikes-station-celebrates-a-hike-and-mountain-clean-up-for-ifcc-on-sunday-10th-december\/#respond\"]}]},{\"@type\":\"WebPage\",\"@id\":\"https:\/\/www.ibizacancer.com\/en\/2023\/12\/ibiza-hikes-station-celebrates-a-hike-and-mountain-clean-up-for-ifcc-on-sunday-10th-december\/\",\"url\":\"https:\/\/www.ibizacancer.com\/en\/2023\/12\/ibiza-hikes-station-celebrates-a-hike-and-mountain-clean-up-for-ifcc-on-sunday-10th-december\/\",\"name\":\"Ibiza Hikes Station Celebrates a Hike and Mountain Clean-Up for IFCC on Sunday, 10th December - Ibiza y Formentera Contra el C\u00e1ncer\",\"isPartOf\":{\"@id\":\"https:\/\/www.ibizacancer.com\/en\/#website\"},\"primaryImageOfPage\":{\"@id\":\"https:\/\/www.ibizacancer.com\/en\/2023\/12\/ibiza-hikes-station-celebrates-a-hike-and-mountain-clean-up-for-ifcc-on-sunday-10th-december\/#primaryimage\"},\"image\":{\"@id\":\"https:\/\/www.ibizacancer.com\/en\/2023\/12\/ibiza-hikes-station-celebrates-a-hike-and-mountain-clean-up-for-ifcc-on-sunday-10th-december\/#primaryimage\"},\"thumbnailUrl\":\"https:\/\/www.ibizacancer.com\/wp-content\/uploads\/2024\/06\/ibiza-hikes-station.jpg\",\"datePublished\":\"2023-12-01T12:55:38+00:00\",\"dateModified\":\"2024-06-14T09:59:35+00:00\",\"description\":\"Those interested in participating in this route, which will start from the dirt parking area of Santa Agn\u00e8s, must have experience in \\\"long-distance hiking\\\" and \\\"good physical fitness\\\".\",\"inLanguage\":\"en-US\",\"potentialAction\":[{\"@type\":\"ReadAction\",\"target\":[\"https:\/\/www.ibizacancer.com\/en\/2023\/12\/ibiza-hikes-station-celebrates-a-hike-and-mountain-clean-up-for-ifcc-on-sunday-10th-december\/\"]}]},{\"@type\":\"ImageObject\",\"inLanguage\":\"en-US\",\"@id\":\"https:\/\/www.ibizacancer.com\/en\/2023\/12\/ibiza-hikes-station-celebrates-a-hike-and-mountain-clean-up-for-ifcc-on-sunday-10th-december\/#primaryimage\",\"url\":\"https:\/\/www.ibizacancer.com\/wp-content\/uploads\/2024\/06\/ibiza-hikes-station.jpg\",\"contentUrl\":\"https:\/\/www.ibizacancer.com\/wp-content\/uploads\/2024\/06\/ibiza-hikes-station.jpg\",\"width\":1200,\"height\":800},{\"@type\":\"WebSite\",\"@id\":\"https:\/\/www.ibizacancer.com\/en\/#website\",\"url\":\"https:\/\/www.ibizacancer.com\/en\/\",\"name\":\"Ibiza y Formentera Contra el C\u00e1ncer\",\"description\":\"Ibiza y Formentera contra el C\u00e1ncer es una organizaci\u00f3n no gubernamental y sin \u00e1nimo de lucro dirigida a la lucha contra esta enfermedad en las Pitiusas.\",\"publisher\":{\"@id\":\"https:\/\/www.ibizacancer.com\/en\/#organization\"},\"potentialAction\":[{\"@type\":\"SearchAction\",\"target\":{\"@type\":\"EntryPoint\",\"urlTemplate\":\"https:\/\/www.ibizacancer.com\/en\/?s={search_term_string}\"},\"query-input\":{\"@type\":\"PropertyValueSpecification\",\"valueRequired\":true,\"valueName\":\"search_term_string\"}}],\"inLanguage\":\"en-US\"},{\"@type\":\"Organization\",\"@id\":\"https:\/\/www.ibizacancer.com\/en\/#organization\",\"name\":\"Ibiza y Formentera Contra el C\u00e1ncer\",\"url\":\"https:\/\/www.ibizacancer.com\/en\/\",\"logo\":{\"@type\":\"ImageObject\",\"inLanguage\":\"en-US\",\"@id\":\"https:\/\/www.ibizacancer.com\/en\/#\/schema\/logo\/image\/\",\"url\":\"https:\/\/www.ibizacancer.com\/wp-content\/uploads\/2020\/08\/ifcc-logo-web.png\",\"contentUrl\":\"https:\/\/www.ibizacancer.com\/wp-content\/uploads\/2020\/08\/ifcc-logo-web.png\",\"width\":200,\"height\":73,\"caption\":\"Ibiza y Formentera Contra el C\u00e1ncer\"},\"image\":{\"@id\":\"https:\/\/www.ibizacancer.com\/en\/#\/schema\/logo\/image\/\"},\"sameAs\":[\"https:\/\/www.facebook.com\/IFCCancer\"]},{\"@type\":\"Person\",\"@id\":\"https:\/\/www.ibizacancer.com\/en\/#\/schema\/person\/4a32eda3ec27872ff1d22fb74503b4f2\",\"name\":\"IFCC\",\"image\":{\"@type\":\"ImageObject\",\"inLanguage\":\"en-US\",\"@id\":\"https:\/\/www.ibizacancer.com\/en\/#\/schema\/person\/image\/\",\"url\":\"https:\/\/secure.gravatar.com\/avatar\/33cf8cba6efee2cb7a070c8cef186bfe8924ee65c94c506f4742e6653ba357e6?s=96&d=mm&r=g\",\"contentUrl\":\"https:\/\/secure.gravatar.com\/avatar\/33cf8cba6efee2cb7a070c8cef186bfe8924ee65c94c506f4742e6653ba357e6?s=96&d=mm&r=g\",\"caption\":\"IFCC\"},\"sameAs\":[\"https:\/\/www.ibizacancer.com\"]}]}<\/script>\n<!-- \/ Yoast SEO plugin. -->","yoast_head_json":{"title":"Ibiza Hikes Station Celebrates a Hike and Mountain Clean-Up for IFCC on Sunday, 10th December - Ibiza y Formentera Contra el C\u00e1ncer","description":"Those interested in participating in this route, which will start from the dirt parking area of Santa Agn\u00e8s, must have experience in \"long-distance hiking\" and \"good physical fitness\".","robots":{"index":"index","follow":"follow","max-snippet":"max-snippet:-1","max-image-preview":"max-image-preview:large","max-video-preview":"max-video-preview:-1"},"canonical":"https:\/\/www.ibizacancer.com\/en\/2023\/12\/ibiza-hikes-station-celebrates-a-hike-and-mountain-clean-up-for-ifcc-on-sunday-10th-december\/","og_locale":"en_US","og_type":"article","og_title":"Ibiza Hikes Station Celebrates a Hike and Mountain Clean-Up for IFCC on Sunday, 10th December - Ibiza y Formentera Contra el C\u00e1ncer","og_description":"Those interested in participating in this route, which will start from the dirt parking area of Santa Agn\u00e8s, must have experience in \"long-distance hiking\" and \"good physical fitness\".","og_url":"https:\/\/www.ibizacancer.com\/en\/2023\/12\/ibiza-hikes-station-celebrates-a-hike-and-mountain-clean-up-for-ifcc-on-sunday-10th-december\/","og_site_name":"Ibiza y Formentera Contra el C\u00e1ncer","article_publisher":"https:\/\/www.facebook.com\/IFCCancer","article_published_time":"2023-12-01T12:55:38+00:00","article_modified_time":"2024-06-14T09:59:35+00:00","og_image":[{"width":1200,"height":800,"url":"https:\/\/www.ibizacancer.com\/wp-content\/uploads\/2024\/06\/ibiza-hikes-station.jpg","type":"image\/jpeg"}],"author":"IFCC","twitter_card":"summary_large_image","twitter_misc":{"Written by":"IFCC","Est. reading time":"3 minutes"},"schema":{"@context":"https:\/\/schema.org","@graph":[{"@type":"Article","@id":"https:\/\/www.ibizacancer.com\/en\/2023\/12\/ibiza-hikes-station-celebrates-a-hike-and-mountain-clean-up-for-ifcc-on-sunday-10th-december\/#article","isPartOf":{"@id":"https:\/\/www.ibizacancer.com\/en\/2023\/12\/ibiza-hikes-station-celebrates-a-hike-and-mountain-clean-up-for-ifcc-on-sunday-10th-december\/"},"author":{"name":"IFCC","@id":"https:\/\/www.ibizacancer.com\/en\/#\/schema\/person\/4a32eda3ec27872ff1d22fb74503b4f2"},"headline":"Ibiza Hikes Station Celebrates a Hike and Mountain Clean-Up for IFCC on Sunday, 10th December","datePublished":"2023-12-01T12:55:38+00:00","dateModified":"2024-06-14T09:59:35+00:00","mainEntityOfPage":{"@id":"https:\/\/www.ibizacancer.com\/en\/2023\/12\/ibiza-hikes-station-celebrates-a-hike-and-mountain-clean-up-for-ifcc-on-sunday-10th-december\/"},"wordCount":499,"commentCount":0,"publisher":{"@id":"https:\/\/www.ibizacancer.com\/en\/#organization"},"image":{"@id":"https:\/\/www.ibizacancer.com\/en\/2023\/12\/ibiza-hikes-station-celebrates-a-hike-and-mountain-clean-up-for-ifcc-on-sunday-10th-december\/#primaryimage"},"thumbnailUrl":"https:\/\/www.ibizacancer.com\/wp-content\/uploads\/2024\/06\/ibiza-hikes-station.jpg","articleSection":["Blog","Events"],"inLanguage":"en-US","potentialAction":[{"@type":"CommentAction","name":"Comment","target":["https:\/\/www.ibizacancer.com\/en\/2023\/12\/ibiza-hikes-station-celebrates-a-hike-and-mountain-clean-up-for-ifcc-on-sunday-10th-december\/#respond"]}]},{"@type":"WebPage","@id":"https:\/\/www.ibizacancer.com\/en\/2023\/12\/ibiza-hikes-station-celebrates-a-hike-and-mountain-clean-up-for-ifcc-on-sunday-10th-december\/","url":"https:\/\/www.ibizacancer.com\/en\/2023\/12\/ibiza-hikes-station-celebrates-a-hike-and-mountain-clean-up-for-ifcc-on-sunday-10th-december\/","name":"Ibiza Hikes Station Celebrates a Hike and Mountain Clean-Up for IFCC on Sunday, 10th December - Ibiza y Formentera Contra el C\u00e1ncer","isPartOf":{"@id":"https:\/\/www.ibizacancer.com\/en\/#website"},"primaryImageOfPage":{"@id":"https:\/\/www.ibizacancer.com\/en\/2023\/12\/ibiza-hikes-station-celebrates-a-hike-and-mountain-clean-up-for-ifcc-on-sunday-10th-december\/#primaryimage"},"image":{"@id":"https:\/\/www.ibizacancer.com\/en\/2023\/12\/ibiza-hikes-station-celebrates-a-hike-and-mountain-clean-up-for-ifcc-on-sunday-10th-december\/#primaryimage"},"thumbnailUrl":"https:\/\/www.ibizacancer.com\/wp-content\/uploads\/2024\/06\/ibiza-hikes-station.jpg","datePublished":"2023-12-01T12:55:38+00:00","dateModified":"2024-06-14T09:59:35+00:00","description":"Those interested in participating in this route, which will start from the dirt parking area of Santa Agn\u00e8s, must have experience in \"long-distance hiking\" and \"good physical fitness\".","inLanguage":"en-US","potentialAction":[{"@type":"ReadAction","target":["https:\/\/www.ibizacancer.com\/en\/2023\/12\/ibiza-hikes-station-celebrates-a-hike-and-mountain-clean-up-for-ifcc-on-sunday-10th-december\/"]}]},{"@type":"ImageObject","inLanguage":"en-US","@id":"https:\/\/www.ibizacancer.com\/en\/2023\/12\/ibiza-hikes-station-celebrates-a-hike-and-mountain-clean-up-for-ifcc-on-sunday-10th-december\/#primaryimage","url":"https:\/\/www.ibizacancer.com\/wp-content\/uploads\/2024\/06\/ibiza-hikes-station.jpg","contentUrl":"https:\/\/www.ibizacancer.com\/wp-content\/uploads\/2024\/06\/ibiza-hikes-station.jpg","width":1200,"height":800},{"@type":"WebSite","@id":"https:\/\/www.ibizacancer.com\/en\/#website","url":"https:\/\/www.ibizacancer.com\/en\/","name":"Ibiza y Formentera Contra el C\u00e1ncer","description":"Ibiza y Formentera contra el C\u00e1ncer es una organizaci\u00f3n no gubernamental y sin \u00e1nimo de lucro dirigida a la lucha contra esta enfermedad en las Pitiusas.","publisher":{"@id":"https:\/\/www.ibizacancer.com\/en\/#organization"},"potentialAction":[{"@type":"SearchAction","target":{"@type":"EntryPoint","urlTemplate":"https:\/\/www.ibizacancer.com\/en\/?s={search_term_string}"},"query-input":{"@type":"PropertyValueSpecification","valueRequired":true,"valueName":"search_term_string"}}],"inLanguage":"en-US"},{"@type":"Organization","@id":"https:\/\/www.ibizacancer.com\/en\/#organization","name":"Ibiza y Formentera Contra el C\u00e1ncer","url":"https:\/\/www.ibizacancer.com\/en\/","logo":{"@type":"ImageObject","inLanguage":"en-US","@id":"https:\/\/www.ibizacancer.com\/en\/#\/schema\/logo\/image\/","url":"https:\/\/www.ibizacancer.com\/wp-content\/uploads\/2020\/08\/ifcc-logo-web.png","contentUrl":"https:\/\/www.ibizacancer.com\/wp-content\/uploads\/2020\/08\/ifcc-logo-web.png","width":200,"height":73,"caption":"Ibiza y Formentera Contra el C\u00e1ncer"},"image":{"@id":"https:\/\/www.ibizacancer.com\/en\/#\/schema\/logo\/image\/"},"sameAs":["https:\/\/www.facebook.com\/IFCCancer"]},{"@type":"Person","@id":"https:\/\/www.ibizacancer.com\/en\/#\/schema\/person\/4a32eda3ec27872ff1d22fb74503b4f2","name":"IFCC","image":{"@type":"ImageObject","inLanguage":"en-US","@id":"https:\/\/www.ibizacancer.com\/en\/#\/schema\/person\/image\/","url":"https:\/\/secure.gravatar.com\/avatar\/33cf8cba6efee2cb7a070c8cef186bfe8924ee65c94c506f4742e6653ba357e6?s=96&d=mm&r=g","contentUrl":"https:\/\/secure.gravatar.com\/avatar\/33cf8cba6efee2cb7a070c8cef186bfe8924ee65c94c506f4742e6653ba357e6?s=96&d=mm&r=g","caption":"IFCC"},"sameAs":["https:\/\/www.ibizacancer.com"]}]}},"_links":{"self":[{"href":"https:\/\/www.ibizacancer.com\/en\/wp-json\/wp\/v2\/posts\/22599","targetHints":{"allow":["GET"]}}],"collection":[{"href":"https:\/\/www.ibizacancer.com\/en\/wp-json\/wp\/v2\/posts"}],"about":[{"href":"https:\/\/www.ibizacancer.com\/en\/wp-json\/wp\/v2\/types\/post"}],"author":[{"embeddable":true,"href":"https:\/\/www.ibizacancer.com\/en\/wp-json\/wp\/v2\/users\/1"}],"replies":[{"embeddable":true,"href":"https:\/\/www.ibizacancer.com\/en\/wp-json\/wp\/v2\/comments?post=22599"}],"version-history":[{"count":0,"href":"https:\/\/www.ibizacancer.com\/en\/wp-json\/wp\/v2\/posts\/22599\/revisions"}],"wp:featuredmedia":[{"embeddable":true,"href":"https:\/\/www.ibizacancer.com\/en\/wp-json\/wp\/v2\/media\/22597"}],"wp:attachment":[{"href":"https:\/\/www.ibizacancer.com\/en\/wp-json\/wp\/v2\/media?parent=22599"}],"wp:term":[{"taxonomy":"category","embeddable":true,"href":"https:\/\/www.ibizacancer.com\/en\/wp-json\/wp\/v2\/categories?post=22599"},{"taxonomy":"post_tag","embeddable":true,"href":"https:\/\/www.ibizacancer.com\/en\/wp-json\/wp\/v2\/tags?post=22599"}],"curies":[{"name":"wp","href":"https:\/\/api.w.org\/{rel}","templated":true}]}}