{"id":22608,"date":"2023-12-04T13:33:29","date_gmt":"2023-12-04T12:33:29","guid":{"rendered":"https:\/\/www.ibizacancer.com\/xaquelina-ann-perry-es-nombrada-presidenta-de-la-asociacion-ibiza-y-formentera-contra-el-cancer-2\/"},"modified":"2024-06-14T11:59:35","modified_gmt":"2024-06-14T09:59:35","slug":"xaquelina-ann-perry-es-nombrada-presidenta-de-la-asociacion-ibiza-y-formentera-contra-el-cancer-2","status":"publish","type":"post","link":"https:\/\/www.ibizacancer.com\/en\/2023\/12\/xaquelina-ann-perry-es-nombrada-presidenta-de-la-asociacion-ibiza-y-formentera-contra-el-cancer-2\/","title":{"rendered":"Xaquelina Ann Perry es nombrada presidenta de la Asociaci\u00f3n Ibiza y Formentera Contra el C\u00e1ncer"},"content":{"rendered":"<p>[av_image src=&#8217;https:\/\/www.ibizacancer.com\/wp-content\/uploads\/2023\/12\/20231204-ifcc-nueva-presidenta-002.jpg&#8217; attachment=&#8217;6240&#8242; attachment_size=&#8217;full&#8217; copyright=&#8221; caption=&#8221; image_size=&#8221; styling=&#8221; box_shadow=&#8217;none&#8217; box_shadow_width=&#8217;10&#8217; box_shadow_color=&#8221; align=&#8217;center&#8217; font_size=&#8221; overlay_opacity=&#8217;0.4&#8242; overlay_color=&#8217;#000000&#8242; overlay_text_color=&#8217;#ffffff&#8217; animation=&#8217;no-animation&#8217; animation_duration=&#8221; animation_custom_bg_color=&#8221; animation_z_index_curtain=&#8217;100&#8242; parallax_parallax=&#8221; parallax_parallax_speed=&#8221; av-desktop-parallax_parallax=&#8221; av-desktop-parallax_parallax_speed=&#8221; av-medium-parallax_parallax=&#8221; av-medium-parallax_parallax_speed=&#8221; av-small-parallax_parallax=&#8221; av-small-parallax_parallax_speed=&#8221; av-mini-parallax_parallax=&#8221; av-mini-parallax_parallax_speed=&#8221; hover=&#8221; appearance=&#8221; css_position=&#8221; css_position_location=&#8217;,,,&#8217; css_position_z_index=&#8221; av-desktop-css_position=&#8221; av-desktop-css_position_location=&#8217;,,,&#8217; av-desktop-css_position_z_index=&#8221; av-medium-css_position=&#8221; av-medium-css_position_location=&#8217;,,,&#8217; av-medium-css_position_z_index=&#8221; av-small-css_position=&#8221; av-small-css_position_location=&#8217;,,,&#8217; av-small-css_position_z_index=&#8221; av-mini-css_position=&#8221; av-mini-css_position_location=&#8217;,,,&#8217; av-mini-css_position_z_index=&#8221; transform_perspective=&#8221; transform_rotation=&#8217;,,,&#8217; transform_scale=&#8217;,,&#8217; transform_skew=&#8217;,&#8217; transform_translate=&#8217;,,&#8217; av-desktop-transform_perspective=&#8221; av-desktop-transform_rotation=&#8217;,,,&#8217; av-desktop-transform_scale=&#8217;,,&#8217; av-desktop-transform_skew=&#8217;,&#8217; av-desktop-transform_translate=&#8217;,,&#8217; av-medium-transform_perspective=&#8221; av-medium-transform_rotation=&#8217;,,,&#8217; av-medium-transform_scale=&#8217;,,&#8217; av-medium-transform_skew=&#8217;,&#8217; av-medium-transform_translate=&#8217;,,&#8217; av-small-transform_perspective=&#8221; av-small-transform_rotation=&#8217;,,,&#8217; av-small-transform_scale=&#8217;,,&#8217; av-small-transform_skew=&#8217;,&#8217; av-small-transform_translate=&#8217;,,&#8217; av-mini-transform_perspective=&#8221; av-mini-transform_rotation=&#8217;,,,&#8217; av-mini-transform_scale=&#8217;,,&#8217; av-mini-transform_skew=&#8217;,&#8217; av-mini-transform_translate=&#8217;,,&#8217; mask_overlay=&#8221; mask_overlay_shape=&#8217;blob&#8217; mask_overlay_size=&#8217;contain&#8217; mask_overlay_scale=&#8217;100%&#8217; mask_overlay_position=&#8217;center center&#8217; mask_overlay_repeat=&#8217;no-repeat&#8217; mask_overlay_rotate=&#8221; mask_overlay_rad_shape=&#8217;circle&#8217; mask_overlay_rad_position=&#8217;center center&#8217; mask_overlay_opacity1=&#8217;0&#8242; mask_overlay_opacity2=&#8217;1&#8242; mask_overlay_opacity3=&#8221; link=&#8221; target=&#8221; title_attr=&#8221; alt_attr=&#8221; img_scrset=&#8221; lazy_loading=&#8217;disabled&#8217; id=&#8221; custom_class=&#8221; template_class=&#8221; av_element_hidden_in_editor=&#8217;0&#8242; av_uid=&#8217;av-lpqynl65&#8242; sc_version=&#8217;1.0&#8242; admin_preview_bg=&#8221;][\/av_image]<\/p>\n<p>[av_textblock textblock_styling_align=&#8221; textblock_styling=&#8221; textblock_styling_gap=&#8221; textblock_styling_mobile=&#8221; size=&#8221; av-desktop-font-size=&#8221; av-medium-font-size=&#8221; av-small-font-size=&#8221; av-mini-font-size=&#8221; font_color=&#8221; color=&#8221; id=&#8221; custom_class=&#8221; template_class=&#8221; av_uid=&#8217;av-lpqylruh&#8217; sc_version=&#8217;1.0&#8242; admin_preview_bg=&#8221;]<br \/>\n<strong>The executive committee of IFCC will focus on \u201c<\/strong><strong>supporting cancer patients in the Pityusic Islands and their families\u201d, continuing the <\/strong><strong>legacy of Helen Watson, who passed away this summer<\/strong><\/p>\n<p><strong>This Association has been working for 22 years in supporting and improving the quality of life of cancer patients in the Pityusic Islands and implementing pioneering prevention projects <\/strong><\/p>\n<p>The <strong>Ibiza and Formentera Against Cancer Association, IFCC,<\/strong> today introduced its new board of directors, with <strong>Xaquelina Ann Perry<\/strong> as president, and <strong>Berno Kiberd<\/strong> continuing as vice-president and treasurer. Along with the rest of the NGO&#8217;s leadership, they will focus \u201con continuing the incredible legacy of Helen Watson (M.B.E.), and previous presidents, all dedicated to supporting cancer patients in the Pityusic Islands and their families.\u201d<\/p>\n<p>Xaquelina Ann Perry, an active member of IFCC since its foundation, has collaborated with the Association working alongside previous presidents and vice-presidents: Helen Watson (M.B.E.), Pepe Colomar, and Pam Deakin. She has also served as a volunteer, executive committee member, secretary, and treasurer of this local NGO, composed of volunteers of all nationalities residing in the islands. IFCC thus renews its local executive committee, following the death of its president for the last decade, Helen Watson, M.B.E., to continue coordinating the activities and events driven by this Association.<\/p>\n<p>\u201cIFCC is made up entirely of volunteers who promote activities and events throughout the year with one sole purpose: to demonstrate that united, this common fight against cancer is less harsh,\u201d Perry stated. \u201cThanks to the efforts of our members and volunteers, we support cancer patients and their families in their journey through this disease, providing practical care, including necessary orthopedic equipment, such as electric bed frames, wheelchairs, walkers, or the purchase of wigs and lymphedema bands; rehabilitation care, especially in the case of lymphedema, as well as emotional or financial care, helping them to cope with their economic burden,\u201d summarized the new president of IFCC.<\/p>\n<p>Xaquelina Ann Perry also added, \u201cthe loss of Helen Watson is irreplaceable, but the entire family that makes up our Association will fight harder, if possible, to ensure her legacy endures over time.\u201d<\/p>\n<p>\u201cMy great wish, in addition to our main support for cancer patients, is to continue with all the great projects initiated by Helen, along with our vice-president, Berno Kiberd, and the committee, including an urgent improvement in the participation of the Pityusic population in the colon cancer screening test project (currently only 24%, the lowest in the Balearic Islands), to save lives through early detection of this disease,\u201d Perry detailed. Supporting the start of a Lung Cancer screening program in Ibiza and Formentera and supporting the collection and reporting of data from the Ibiza and Formentera cancer registry, for solid planning and monitoring of cancer services, are other proposals they will promote in 2024 from this NGO. \u201cWorking to make cancer patients in the Pityusic Islands more bearable will continue to be one of our premises, which is why we will continue collaborating with IBSALUT in various ways: acquiring more and better material for the chair area in the oncology and radiotherapy departments of Can Misses, and producing informational and control brochures for patients, hand in hand with the professionals of our public health system,\u201d she concluded.<br \/>\n[\/av_textblock]<\/p>\n<p>[av_horizontal_gallery ids=&#8217;6250,6252,6254,6256&#8242; initial=&#8221; height=&#8217;25&#8217; size=&#8217;large&#8217; gap=&#8217;large&#8217; active=&#8217;enlarge&#8217; control_layout=&#8217;av-control-default&#8217; slider_navigation=&#8217;av-navigate-arrows av-navigate-dots&#8217; nav_visibility_desktop=&#8221; nav_arrow_color=&#8221; nav_arrow_bg_color=&#8221; nav_dots_color=&#8221; nav_dot_active_color=&#8221; lightbox_arrow_color=&#8221; lightbox_arrow_bg_color=&#8221; transition_speed=&#8221; autoplay=&#8217;false&#8217; interval=&#8217;5&#8242; manual_stopper=&#8217;aviaTBmanual_stopper&#8217; links=&#8217;active&#8217; link_dest=&#8221; lightbox_text=&#8221; img_scrset=&#8221; lazy_loading=&#8217;disabled&#8217; id=&#8221; custom_class=&#8221; template_class=&#8221; av_uid=&#8217;av-lpqypgvc&#8217; sc_version=&#8217;1.0&#8242;][\/av_horizontal_gallery]<\/p>\n<p>[av_textblock textblock_styling_align=&#8221; textblock_styling=&#8221; textblock_styling_gap=&#8221; textblock_styling_mobile=&#8221; size=&#8221; av-desktop-font-size=&#8221; av-medium-font-size=&#8221; av-small-font-size=&#8221; av-mini-font-size=&#8221; font_color=&#8221; color=&#8221; id=&#8221; custom_class=&#8221; template_class=&#8221; av_uid=&#8217;av-lpqym5dv&#8217; sc_version=&#8217;1.0&#8242; admin_preview_bg=&#8221;]<\/p>\n<h2>Ibiza and Formentera Against Cancer Association<\/h2>\n<p>The Ibiza and Formentera Against Cancer Association, IFCC, has been supporting cancer patients in Ibiza and Formentera for over 22 years by funding treatments, medical supplies, and informational brochures for cancer prevention. In the last decade, it has donated a total of 26 state-of-the-art reclining chairs for the oncology patients of Can Misses Hospital, along with five televisions with built-in headphones for the chemotherapy room, and has funded the launch of the first colon and breast cancer screening project in the Pityusic Islands.<br \/>\nIFCC has also financed, thanks to donations from its numerous members and the charity events it organizes, the decoration of the oncology nursing consultation and the Palliative Care Unit consultation; the acquisition of an endoscope for the Formentera Hospital, as well as several cars for this Palliative Care Unit.<\/p>\n<p>This NGO has also published informational brochures for the Oncology Day Hospital, with recommendations for patients undergoing chemotherapy, breast surgery, and ostomy treatments.<br \/>\n[\/av_textblock]<\/p>\n","protected":false},"excerpt":{"rendered":"<p>Xaquelina Ann Perry has been an active member of IFCC since its inception and has collaborated with the Association, working closely with previous presidents and vice-presidents: Helen Watson (M.B.E.), Pepe Colomar, and Pam Deakin.<\/p>\n","protected":false},"author":1,"featured_media":22602,"comment_status":"open","ping_status":"closed","sticky":false,"template":"","format":"standard","meta":{"_acf_changed":false,"give_campaign_id":0,"footnotes":""},"categories":[540],"tags":[],"class_list":["post-22608","post","type-post","status-publish","format-standard","has-post-thumbnail","hentry","category-blog-2","entry"],"acf":[],"yoast_head":"<!-- This site is optimized with the Yoast SEO plugin v27.1.1 - https:\/\/yoast.com\/product\/yoast-seo-wordpress\/ -->\n<title>Xaquelina Ann Perry es nombrada presidenta de la Asociaci\u00f3n Ibiza y Formentera Contra el C\u00e1ncer - Ibiza y Formentera Contra el C\u00e1ncer<\/title>\n<meta name=\"description\" content=\"Xaquelina Ann Perry has been an active member of IFCC since its inception and has collaborated with the Association, working closely with previous presidents and vice-presidents: Helen Watson (M.B.E.), Pepe Colomar, and Pam Deakin.\" \/>\n<meta name=\"robots\" content=\"index, follow, max-snippet:-1, max-image-preview:large, max-video-preview:-1\" \/>\n<link rel=\"canonical\" href=\"https:\/\/www.ibizacancer.com\/en\/2023\/12\/xaquelina-ann-perry-es-nombrada-presidenta-de-la-asociacion-ibiza-y-formentera-contra-el-cancer-2\/\" \/>\n<meta property=\"og:locale\" content=\"en_US\" \/>\n<meta property=\"og:type\" content=\"article\" \/>\n<meta property=\"og:title\" content=\"Xaquelina Ann Perry es nombrada presidenta de la Asociaci\u00f3n Ibiza y Formentera Contra el C\u00e1ncer - Ibiza y Formentera Contra el C\u00e1ncer\" \/>\n<meta property=\"og:description\" content=\"Xaquelina Ann Perry has been an active member of IFCC since its inception and has collaborated with the Association, working closely with previous presidents and vice-presidents: Helen Watson (M.B.E.), Pepe Colomar, and Pam Deakin.\" \/>\n<meta property=\"og:url\" content=\"https:\/\/www.ibizacancer.com\/en\/2023\/12\/xaquelina-ann-perry-es-nombrada-presidenta-de-la-asociacion-ibiza-y-formentera-contra-el-cancer-2\/\" \/>\n<meta property=\"og:site_name\" content=\"Ibiza y Formentera Contra el C\u00e1ncer\" \/>\n<meta property=\"article:publisher\" content=\"https:\/\/www.facebook.com\/IFCCancer\" \/>\n<meta property=\"article:published_time\" content=\"2023-12-04T12:33:29+00:00\" \/>\n<meta property=\"article:modified_time\" content=\"2024-06-14T09:59:35+00:00\" \/>\n<meta property=\"og:image\" content=\"https:\/\/www.ibizacancer.com\/wp-content\/uploads\/2024\/06\/20231204-ifcc-nueva-presidenta-002.jpg\" \/>\n\t<meta property=\"og:image:width\" content=\"1920\" \/>\n\t<meta property=\"og:image:height\" content=\"1280\" \/>\n\t<meta property=\"og:image:type\" content=\"image\/jpeg\" \/>\n<meta name=\"author\" content=\"IFCC\" \/>\n<meta name=\"twitter:card\" content=\"summary_large_image\" \/>\n<meta name=\"twitter:label1\" content=\"Written by\" \/>\n\t<meta name=\"twitter:data1\" content=\"IFCC\" \/>\n\t<meta name=\"twitter:label2\" content=\"Est. reading time\" \/>\n\t<meta name=\"twitter:data2\" content=\"4 minutes\" \/>\n<script type=\"application\/ld+json\" class=\"yoast-schema-graph\">{\"@context\":\"https:\/\/schema.org\",\"@graph\":[{\"@type\":\"Article\",\"@id\":\"https:\/\/www.ibizacancer.com\/en\/2023\/12\/xaquelina-ann-perry-es-nombrada-presidenta-de-la-asociacion-ibiza-y-formentera-contra-el-cancer-2\/#article\",\"isPartOf\":{\"@id\":\"https:\/\/www.ibizacancer.com\/en\/2023\/12\/xaquelina-ann-perry-es-nombrada-presidenta-de-la-asociacion-ibiza-y-formentera-contra-el-cancer-2\/\"},\"author\":{\"name\":\"IFCC\",\"@id\":\"https:\/\/www.ibizacancer.com\/en\/#\/schema\/person\/4a32eda3ec27872ff1d22fb74503b4f2\"},\"headline\":\"Xaquelina Ann Perry es nombrada presidenta de la Asociaci\u00f3n Ibiza y Formentera Contra el C\u00e1ncer\",\"datePublished\":\"2023-12-04T12:33:29+00:00\",\"dateModified\":\"2024-06-14T09:59:35+00:00\",\"mainEntityOfPage\":{\"@id\":\"https:\/\/www.ibizacancer.com\/en\/2023\/12\/xaquelina-ann-perry-es-nombrada-presidenta-de-la-asociacion-ibiza-y-formentera-contra-el-cancer-2\/\"},\"wordCount\":1116,\"commentCount\":0,\"publisher\":{\"@id\":\"https:\/\/www.ibizacancer.com\/en\/#organization\"},\"image\":{\"@id\":\"https:\/\/www.ibizacancer.com\/en\/2023\/12\/xaquelina-ann-perry-es-nombrada-presidenta-de-la-asociacion-ibiza-y-formentera-contra-el-cancer-2\/#primaryimage\"},\"thumbnailUrl\":\"https:\/\/www.ibizacancer.com\/wp-content\/uploads\/2024\/06\/20231204-ifcc-nueva-presidenta-002.jpg\",\"articleSection\":[\"Blog\"],\"inLanguage\":\"en-US\",\"potentialAction\":[{\"@type\":\"CommentAction\",\"name\":\"Comment\",\"target\":[\"https:\/\/www.ibizacancer.com\/en\/2023\/12\/xaquelina-ann-perry-es-nombrada-presidenta-de-la-asociacion-ibiza-y-formentera-contra-el-cancer-2\/#respond\"]}]},{\"@type\":\"WebPage\",\"@id\":\"https:\/\/www.ibizacancer.com\/en\/2023\/12\/xaquelina-ann-perry-es-nombrada-presidenta-de-la-asociacion-ibiza-y-formentera-contra-el-cancer-2\/\",\"url\":\"https:\/\/www.ibizacancer.com\/en\/2023\/12\/xaquelina-ann-perry-es-nombrada-presidenta-de-la-asociacion-ibiza-y-formentera-contra-el-cancer-2\/\",\"name\":\"Xaquelina Ann Perry es nombrada presidenta de la Asociaci\u00f3n Ibiza y Formentera Contra el C\u00e1ncer - Ibiza y Formentera Contra el C\u00e1ncer\",\"isPartOf\":{\"@id\":\"https:\/\/www.ibizacancer.com\/en\/#website\"},\"primaryImageOfPage\":{\"@id\":\"https:\/\/www.ibizacancer.com\/en\/2023\/12\/xaquelina-ann-perry-es-nombrada-presidenta-de-la-asociacion-ibiza-y-formentera-contra-el-cancer-2\/#primaryimage\"},\"image\":{\"@id\":\"https:\/\/www.ibizacancer.com\/en\/2023\/12\/xaquelina-ann-perry-es-nombrada-presidenta-de-la-asociacion-ibiza-y-formentera-contra-el-cancer-2\/#primaryimage\"},\"thumbnailUrl\":\"https:\/\/www.ibizacancer.com\/wp-content\/uploads\/2024\/06\/20231204-ifcc-nueva-presidenta-002.jpg\",\"datePublished\":\"2023-12-04T12:33:29+00:00\",\"dateModified\":\"2024-06-14T09:59:35+00:00\",\"description\":\"Xaquelina Ann Perry has been an active member of IFCC since its inception and has collaborated with the Association, working closely with previous presidents and vice-presidents: Helen Watson (M.B.E.), Pepe Colomar, and Pam Deakin.\",\"inLanguage\":\"en-US\",\"potentialAction\":[{\"@type\":\"ReadAction\",\"target\":[\"https:\/\/www.ibizacancer.com\/en\/2023\/12\/xaquelina-ann-perry-es-nombrada-presidenta-de-la-asociacion-ibiza-y-formentera-contra-el-cancer-2\/\"]}]},{\"@type\":\"ImageObject\",\"inLanguage\":\"en-US\",\"@id\":\"https:\/\/www.ibizacancer.com\/en\/2023\/12\/xaquelina-ann-perry-es-nombrada-presidenta-de-la-asociacion-ibiza-y-formentera-contra-el-cancer-2\/#primaryimage\",\"url\":\"https:\/\/www.ibizacancer.com\/wp-content\/uploads\/2024\/06\/20231204-ifcc-nueva-presidenta-002.jpg\",\"contentUrl\":\"https:\/\/www.ibizacancer.com\/wp-content\/uploads\/2024\/06\/20231204-ifcc-nueva-presidenta-002.jpg\",\"width\":1920,\"height\":1280},{\"@type\":\"WebSite\",\"@id\":\"https:\/\/www.ibizacancer.com\/en\/#website\",\"url\":\"https:\/\/www.ibizacancer.com\/en\/\",\"name\":\"Ibiza y Formentera Contra el C\u00e1ncer\",\"description\":\"Ibiza y Formentera contra el C\u00e1ncer es una organizaci\u00f3n no gubernamental y sin \u00e1nimo de lucro dirigida a la lucha contra esta enfermedad en las Pitiusas.\",\"publisher\":{\"@id\":\"https:\/\/www.ibizacancer.com\/en\/#organization\"},\"potentialAction\":[{\"@type\":\"SearchAction\",\"target\":{\"@type\":\"EntryPoint\",\"urlTemplate\":\"https:\/\/www.ibizacancer.com\/en\/?s={search_term_string}\"},\"query-input\":{\"@type\":\"PropertyValueSpecification\",\"valueRequired\":true,\"valueName\":\"search_term_string\"}}],\"inLanguage\":\"en-US\"},{\"@type\":\"Organization\",\"@id\":\"https:\/\/www.ibizacancer.com\/en\/#organization\",\"name\":\"Ibiza y Formentera Contra el C\u00e1ncer\",\"url\":\"https:\/\/www.ibizacancer.com\/en\/\",\"logo\":{\"@type\":\"ImageObject\",\"inLanguage\":\"en-US\",\"@id\":\"https:\/\/www.ibizacancer.com\/en\/#\/schema\/logo\/image\/\",\"url\":\"https:\/\/www.ibizacancer.com\/wp-content\/uploads\/2020\/08\/ifcc-logo-web.png\",\"contentUrl\":\"https:\/\/www.ibizacancer.com\/wp-content\/uploads\/2020\/08\/ifcc-logo-web.png\",\"width\":200,\"height\":73,\"caption\":\"Ibiza y Formentera Contra el C\u00e1ncer\"},\"image\":{\"@id\":\"https:\/\/www.ibizacancer.com\/en\/#\/schema\/logo\/image\/\"},\"sameAs\":[\"https:\/\/www.facebook.com\/IFCCancer\"]},{\"@type\":\"Person\",\"@id\":\"https:\/\/www.ibizacancer.com\/en\/#\/schema\/person\/4a32eda3ec27872ff1d22fb74503b4f2\",\"name\":\"IFCC\",\"image\":{\"@type\":\"ImageObject\",\"inLanguage\":\"en-US\",\"@id\":\"https:\/\/www.ibizacancer.com\/en\/#\/schema\/person\/image\/\",\"url\":\"https:\/\/secure.gravatar.com\/avatar\/33cf8cba6efee2cb7a070c8cef186bfe8924ee65c94c506f4742e6653ba357e6?s=96&d=mm&r=g\",\"contentUrl\":\"https:\/\/secure.gravatar.com\/avatar\/33cf8cba6efee2cb7a070c8cef186bfe8924ee65c94c506f4742e6653ba357e6?s=96&d=mm&r=g\",\"caption\":\"IFCC\"},\"sameAs\":[\"https:\/\/www.ibizacancer.com\"]}]}<\/script>\n<!-- \/ Yoast SEO plugin. -->","yoast_head_json":{"title":"Xaquelina Ann Perry es nombrada presidenta de la Asociaci\u00f3n Ibiza y Formentera Contra el C\u00e1ncer - Ibiza y Formentera Contra el C\u00e1ncer","description":"Xaquelina Ann Perry has been an active member of IFCC since its inception and has collaborated with the Association, working closely with previous presidents and vice-presidents: Helen Watson (M.B.E.), Pepe Colomar, and Pam Deakin.","robots":{"index":"index","follow":"follow","max-snippet":"max-snippet:-1","max-image-preview":"max-image-preview:large","max-video-preview":"max-video-preview:-1"},"canonical":"https:\/\/www.ibizacancer.com\/en\/2023\/12\/xaquelina-ann-perry-es-nombrada-presidenta-de-la-asociacion-ibiza-y-formentera-contra-el-cancer-2\/","og_locale":"en_US","og_type":"article","og_title":"Xaquelina Ann Perry es nombrada presidenta de la Asociaci\u00f3n Ibiza y Formentera Contra el C\u00e1ncer - Ibiza y Formentera Contra el C\u00e1ncer","og_description":"Xaquelina Ann Perry has been an active member of IFCC since its inception and has collaborated with the Association, working closely with previous presidents and vice-presidents: Helen Watson (M.B.E.), Pepe Colomar, and Pam Deakin.","og_url":"https:\/\/www.ibizacancer.com\/en\/2023\/12\/xaquelina-ann-perry-es-nombrada-presidenta-de-la-asociacion-ibiza-y-formentera-contra-el-cancer-2\/","og_site_name":"Ibiza y Formentera Contra el C\u00e1ncer","article_publisher":"https:\/\/www.facebook.com\/IFCCancer","article_published_time":"2023-12-04T12:33:29+00:00","article_modified_time":"2024-06-14T09:59:35+00:00","og_image":[{"width":1920,"height":1280,"url":"https:\/\/www.ibizacancer.com\/wp-content\/uploads\/2024\/06\/20231204-ifcc-nueva-presidenta-002.jpg","type":"image\/jpeg"}],"author":"IFCC","twitter_card":"summary_large_image","twitter_misc":{"Written by":"IFCC","Est. reading time":"4 minutes"},"schema":{"@context":"https:\/\/schema.org","@graph":[{"@type":"Article","@id":"https:\/\/www.ibizacancer.com\/en\/2023\/12\/xaquelina-ann-perry-es-nombrada-presidenta-de-la-asociacion-ibiza-y-formentera-contra-el-cancer-2\/#article","isPartOf":{"@id":"https:\/\/www.ibizacancer.com\/en\/2023\/12\/xaquelina-ann-perry-es-nombrada-presidenta-de-la-asociacion-ibiza-y-formentera-contra-el-cancer-2\/"},"author":{"name":"IFCC","@id":"https:\/\/www.ibizacancer.com\/en\/#\/schema\/person\/4a32eda3ec27872ff1d22fb74503b4f2"},"headline":"Xaquelina Ann Perry es nombrada presidenta de la Asociaci\u00f3n Ibiza y Formentera Contra el C\u00e1ncer","datePublished":"2023-12-04T12:33:29+00:00","dateModified":"2024-06-14T09:59:35+00:00","mainEntityOfPage":{"@id":"https:\/\/www.ibizacancer.com\/en\/2023\/12\/xaquelina-ann-perry-es-nombrada-presidenta-de-la-asociacion-ibiza-y-formentera-contra-el-cancer-2\/"},"wordCount":1116,"commentCount":0,"publisher":{"@id":"https:\/\/www.ibizacancer.com\/en\/#organization"},"image":{"@id":"https:\/\/www.ibizacancer.com\/en\/2023\/12\/xaquelina-ann-perry-es-nombrada-presidenta-de-la-asociacion-ibiza-y-formentera-contra-el-cancer-2\/#primaryimage"},"thumbnailUrl":"https:\/\/www.ibizacancer.com\/wp-content\/uploads\/2024\/06\/20231204-ifcc-nueva-presidenta-002.jpg","articleSection":["Blog"],"inLanguage":"en-US","potentialAction":[{"@type":"CommentAction","name":"Comment","target":["https:\/\/www.ibizacancer.com\/en\/2023\/12\/xaquelina-ann-perry-es-nombrada-presidenta-de-la-asociacion-ibiza-y-formentera-contra-el-cancer-2\/#respond"]}]},{"@type":"WebPage","@id":"https:\/\/www.ibizacancer.com\/en\/2023\/12\/xaquelina-ann-perry-es-nombrada-presidenta-de-la-asociacion-ibiza-y-formentera-contra-el-cancer-2\/","url":"https:\/\/www.ibizacancer.com\/en\/2023\/12\/xaquelina-ann-perry-es-nombrada-presidenta-de-la-asociacion-ibiza-y-formentera-contra-el-cancer-2\/","name":"Xaquelina Ann Perry es nombrada presidenta de la Asociaci\u00f3n Ibiza y Formentera Contra el C\u00e1ncer - Ibiza y Formentera Contra el C\u00e1ncer","isPartOf":{"@id":"https:\/\/www.ibizacancer.com\/en\/#website"},"primaryImageOfPage":{"@id":"https:\/\/www.ibizacancer.com\/en\/2023\/12\/xaquelina-ann-perry-es-nombrada-presidenta-de-la-asociacion-ibiza-y-formentera-contra-el-cancer-2\/#primaryimage"},"image":{"@id":"https:\/\/www.ibizacancer.com\/en\/2023\/12\/xaquelina-ann-perry-es-nombrada-presidenta-de-la-asociacion-ibiza-y-formentera-contra-el-cancer-2\/#primaryimage"},"thumbnailUrl":"https:\/\/www.ibizacancer.com\/wp-content\/uploads\/2024\/06\/20231204-ifcc-nueva-presidenta-002.jpg","datePublished":"2023-12-04T12:33:29+00:00","dateModified":"2024-06-14T09:59:35+00:00","description":"Xaquelina Ann Perry has been an active member of IFCC since its inception and has collaborated with the Association, working closely with previous presidents and vice-presidents: Helen Watson (M.B.E.), Pepe Colomar, and Pam Deakin.","inLanguage":"en-US","potentialAction":[{"@type":"ReadAction","target":["https:\/\/www.ibizacancer.com\/en\/2023\/12\/xaquelina-ann-perry-es-nombrada-presidenta-de-la-asociacion-ibiza-y-formentera-contra-el-cancer-2\/"]}]},{"@type":"ImageObject","inLanguage":"en-US","@id":"https:\/\/www.ibizacancer.com\/en\/2023\/12\/xaquelina-ann-perry-es-nombrada-presidenta-de-la-asociacion-ibiza-y-formentera-contra-el-cancer-2\/#primaryimage","url":"https:\/\/www.ibizacancer.com\/wp-content\/uploads\/2024\/06\/20231204-ifcc-nueva-presidenta-002.jpg","contentUrl":"https:\/\/www.ibizacancer.com\/wp-content\/uploads\/2024\/06\/20231204-ifcc-nueva-presidenta-002.jpg","width":1920,"height":1280},{"@type":"WebSite","@id":"https:\/\/www.ibizacancer.com\/en\/#website","url":"https:\/\/www.ibizacancer.com\/en\/","name":"Ibiza y Formentera Contra el C\u00e1ncer","description":"Ibiza y Formentera contra el C\u00e1ncer es una organizaci\u00f3n no gubernamental y sin \u00e1nimo de lucro dirigida a la lucha contra esta enfermedad en las Pitiusas.","publisher":{"@id":"https:\/\/www.ibizacancer.com\/en\/#organization"},"potentialAction":[{"@type":"SearchAction","target":{"@type":"EntryPoint","urlTemplate":"https:\/\/www.ibizacancer.com\/en\/?s={search_term_string}"},"query-input":{"@type":"PropertyValueSpecification","valueRequired":true,"valueName":"search_term_string"}}],"inLanguage":"en-US"},{"@type":"Organization","@id":"https:\/\/www.ibizacancer.com\/en\/#organization","name":"Ibiza y Formentera Contra el C\u00e1ncer","url":"https:\/\/www.ibizacancer.com\/en\/","logo":{"@type":"ImageObject","inLanguage":"en-US","@id":"https:\/\/www.ibizacancer.com\/en\/#\/schema\/logo\/image\/","url":"https:\/\/www.ibizacancer.com\/wp-content\/uploads\/2020\/08\/ifcc-logo-web.png","contentUrl":"https:\/\/www.ibizacancer.com\/wp-content\/uploads\/2020\/08\/ifcc-logo-web.png","width":200,"height":73,"caption":"Ibiza y Formentera Contra el C\u00e1ncer"},"image":{"@id":"https:\/\/www.ibizacancer.com\/en\/#\/schema\/logo\/image\/"},"sameAs":["https:\/\/www.facebook.com\/IFCCancer"]},{"@type":"Person","@id":"https:\/\/www.ibizacancer.com\/en\/#\/schema\/person\/4a32eda3ec27872ff1d22fb74503b4f2","name":"IFCC","image":{"@type":"ImageObject","inLanguage":"en-US","@id":"https:\/\/www.ibizacancer.com\/en\/#\/schema\/person\/image\/","url":"https:\/\/secure.gravatar.com\/avatar\/33cf8cba6efee2cb7a070c8cef186bfe8924ee65c94c506f4742e6653ba357e6?s=96&d=mm&r=g","contentUrl":"https:\/\/secure.gravatar.com\/avatar\/33cf8cba6efee2cb7a070c8cef186bfe8924ee65c94c506f4742e6653ba357e6?s=96&d=mm&r=g","caption":"IFCC"},"sameAs":["https:\/\/www.ibizacancer.com"]}]}},"_links":{"self":[{"href":"https:\/\/www.ibizacancer.com\/en\/wp-json\/wp\/v2\/posts\/22608","targetHints":{"allow":["GET"]}}],"collection":[{"href":"https:\/\/www.ibizacancer.com\/en\/wp-json\/wp\/v2\/posts"}],"about":[{"href":"https:\/\/www.ibizacancer.com\/en\/wp-json\/wp\/v2\/types\/post"}],"author":[{"embeddable":true,"href":"https:\/\/www.ibizacancer.com\/en\/wp-json\/wp\/v2\/users\/1"}],"replies":[{"embeddable":true,"href":"https:\/\/www.ibizacancer.com\/en\/wp-json\/wp\/v2\/comments?post=22608"}],"version-history":[{"count":0,"href":"https:\/\/www.ibizacancer.com\/en\/wp-json\/wp\/v2\/posts\/22608\/revisions"}],"wp:featuredmedia":[{"embeddable":true,"href":"https:\/\/www.ibizacancer.com\/en\/wp-json\/wp\/v2\/media\/22602"}],"wp:attachment":[{"href":"https:\/\/www.ibizacancer.com\/en\/wp-json\/wp\/v2\/media?parent=22608"}],"wp:term":[{"taxonomy":"category","embeddable":true,"href":"https:\/\/www.ibizacancer.com\/en\/wp-json\/wp\/v2\/categories?post=22608"},{"taxonomy":"post_tag","embeddable":true,"href":"https:\/\/www.ibizacancer.com\/en\/wp-json\/wp\/v2\/tags?post=22608"}],"curies":[{"name":"wp","href":"https:\/\/api.w.org\/{rel}","templated":true}]}}