{"id":25280,"date":"2026-09-01T16:56:19","date_gmt":"2026-09-01T14:56:19","guid":{"rendered":"https:\/\/www.ibizacancer.com\/?p=25280"},"modified":"2026-09-01T17:07:45","modified_gmt":"2026-09-01T15:07:45","slug":"ibiza-concerts-captivates-the-audience-with-three-nights-of-full-capacity-and-shows-that-classical-music-can-also-be-danced-to","status":"publish","type":"post","link":"https:\/\/www.ibizacancer.com\/en\/2026\/09\/ibiza-concerts-captivates-the-audience-with-three-nights-of-full-capacity-and-shows-that-classical-music-can-also-be-danced-to\/","title":{"rendered":"Ibiza Concerts captivates the audience with three nights of full capacity and shows that classical music can also be danced to."},"content":{"rendered":"\t\t<div data-elementor-type=\"wp-post\" data-elementor-id=\"25280\" class=\"elementor elementor-25280 elementor-25279\" data-elementor-post-type=\"post\">\n\t\t\t\t\t\t<section class=\"elementor-section elementor-top-section elementor-element elementor-element-d7f6852 elementor-section-boxed elementor-section-height-default elementor-section-height-default\" data-id=\"d7f6852\" data-element_type=\"section\" data-e-type=\"section\">\n\t\t\t\t\t\t<div class=\"elementor-container elementor-column-gap-default\">\n\t\t\t\t\t<div class=\"elementor-column elementor-col-100 elementor-top-column elementor-element elementor-element-ceae206\" data-id=\"ceae206\" data-element_type=\"column\" data-e-type=\"column\">\n\t\t\t<div class=\"elementor-widget-wrap elementor-element-populated\">\n\t\t\t\t\t\t<div class=\"elementor-element elementor-element-6515db8 elementor-widget elementor-widget-text-editor\" data-id=\"6515db8\" data-element_type=\"widget\" data-e-type=\"widget\" data-widget_type=\"text-editor.default\">\n\t\t\t\t<div class=\"elementor-widget-container\">\n\t\t\t\t\t\t\t\t\t<p><strong>The International Classical Music Festival Ibiza Concerts closes its eighth edition with a full house during its three days at the Cloister of the Dominicans<\/strong><\/p>\n<p><strong>Linus Roth, his Stradivarius \u201c<\/strong><strong>Dancla<\/strong><strong>\u201d from 1703<\/strong><strong>,<\/strong><strong> and the Johann <\/strong><strong>Sebastian<\/strong><strong> Rio Orchestra thrilled an enthusiastic audience on an extraordinary journey from Bach and Vivaldi to the rhythms of Brazil<\/strong><\/p>\n<p>There is music that is heard and music that is felt. The <strong>International Classical Music Festival Ibiza Concerts<\/strong>, supported by the <strong>Consell d\u00b4Eivissa<\/strong> and the <strong>City Council of Ibiza<\/strong>, has closed its eighth edition with an <strong>absolute success of audience and full capacity during its three days<\/strong>, held from August 29 to 31 at the Cloister of the Dominicans in Dalt Vila.<strong> <\/strong>An event that has made classical music come alive, be sung, and even danced.<\/p>\t\t\t\t\t\t\t\t<\/div>\n\t\t\t\t<\/div>\n\t\t\t\t<div class=\"elementor-element elementor-element-6657300 elementor-widget elementor-widget-image\" data-id=\"6657300\" data-element_type=\"widget\" data-e-type=\"widget\" data-widget_type=\"image.default\">\n\t\t\t\t<div class=\"elementor-widget-container\">\n\t\t\t\t\t\t\t\t\t\t\t\t\t\t\t<img fetchpriority=\"high\" decoding=\"async\" width=\"1024\" height=\"682\" src=\"https:\/\/www.ibizacancer.com\/wp-content\/uploads\/2026\/09\/ibiza-conciertos-conquista-al-publico-con-tres-noches-de-aforo-completo-y-demuestra-que-la-musica-clasica-tambien-se-baila-01-1024x682.jpg\" class=\"attachment-large size-large wp-image-25277\" alt=\"Ibiza Conciertos conquista al p\u00fablico con tres noches de aforo completo y demuestra que la m\u00fasica cl\u00e1sica tambi\u00e9n se baila - imagen 1\" srcset=\"https:\/\/www.ibizacancer.com\/wp-content\/uploads\/2026\/09\/ibiza-conciertos-conquista-al-publico-con-tres-noches-de-aforo-completo-y-demuestra-que-la-musica-clasica-tambien-se-baila-01-1024x682.jpg 1024w, https:\/\/www.ibizacancer.com\/wp-content\/uploads\/2026\/09\/ibiza-conciertos-conquista-al-publico-con-tres-noches-de-aforo-completo-y-demuestra-que-la-musica-clasica-tambien-se-baila-01-300x200.jpg 300w, https:\/\/www.ibizacancer.com\/wp-content\/uploads\/2026\/09\/ibiza-conciertos-conquista-al-publico-con-tres-noches-de-aforo-completo-y-demuestra-que-la-musica-clasica-tambien-se-baila-01-768x512.jpg 768w, https:\/\/www.ibizacancer.com\/wp-content\/uploads\/2026\/09\/ibiza-conciertos-conquista-al-publico-con-tres-noches-de-aforo-completo-y-demuestra-que-la-musica-clasica-tambien-se-baila-01-1536x1023.jpg 1536w, https:\/\/www.ibizacancer.com\/wp-content\/uploads\/2026\/09\/ibiza-conciertos-conquista-al-publico-con-tres-noches-de-aforo-completo-y-demuestra-que-la-musica-clasica-tambien-se-baila-01-1568x1045.jpg 1568w, https:\/\/www.ibizacancer.com\/wp-content\/uploads\/2026\/09\/ibiza-conciertos-conquista-al-publico-con-tres-noches-de-aforo-completo-y-demuestra-que-la-musica-clasica-tambien-se-baila-01.jpg 1920w\" sizes=\"(max-width: 1024px) 100vw, 1024px\" \/>\t\t\t\t\t\t\t\t\t\t\t\t\t\t\t<\/div>\n\t\t\t\t<\/div>\n\t\t\t\t<div class=\"elementor-element elementor-element-e082eb9 elementor-widget elementor-widget-text-editor\" data-id=\"e082eb9\" data-element_type=\"widget\" data-e-type=\"widget\" data-widget_type=\"text-editor.default\">\n\t\t\t\t<div class=\"elementor-widget-container\">\n\t\t\t\t\t\t\t\t\t<p>Three evenings in which the virtuosity of the prestigious violinist and artistic director of the Festival, <strong>Linus Roth,<\/strong> and the exceptional sound of his <strong>Stradivarius \u201c<\/strong><strong>Dancla<\/strong><strong>\u201d from 1703 have joined the energy and talent of the <strong>Johann <\/strong><strong>Sebastian<\/strong><strong> Rio Orchestra<\/strong>, arriving from <strong>Rio de Janeiro<\/strong>, to build a musical bridge between Ibiza and Brazil and demonstrate that the classical repertoire can connect with the audience through a contemporary, open, and deeply emotional interpretation.<\/p>\n<p>The result has surpassed the traditional concert concept. The audience in Ibiza has vibrated, sung, accompanied the rhythm, danced, and felt moved alongside the musicians, becoming at times part of a collective experience that is difficult to explain and even harder to forget.<\/p>\n<p>A connection between stage and spectators that precisely summarizes the essence with which the <strong>International Classical Music Festival<\/strong><strong> Ibiza Concerts<\/strong> was born: to bring the excellence of classical music to new audiences, eliminate barriers, and demonstrate that great works can continue to evoke strong emotions centuries after they were composed.<\/p>\t\t\t\t\t\t\t\t<\/div>\n\t\t\t\t<\/div>\n\t\t\t\t<div class=\"elementor-element elementor-element-fb7609a elementor-widget elementor-widget-image\" data-id=\"fb7609a\" data-element_type=\"widget\" data-e-type=\"widget\" data-widget_type=\"image.default\">\n\t\t\t\t<div class=\"elementor-widget-container\">\n\t\t\t\t\t\t\t\t\t\t\t\t\t\t\t<img decoding=\"async\" width=\"1024\" height=\"762\" src=\"https:\/\/www.ibizacancer.com\/wp-content\/uploads\/2026\/09\/ibiza-conciertos-conquista-al-publico-con-tres-noches-de-aforo-completo-y-demuestra-que-la-musica-clasica-tambien-se-baila-02-1024x762.jpg\" class=\"attachment-large size-large wp-image-25278\" alt=\"Ibiza Conciertos conquista al p\u00fablico con tres noches de aforo completo y demuestra que la m\u00fasica cl\u00e1sica tambi\u00e9n se baila - imagen 2\" srcset=\"https:\/\/www.ibizacancer.com\/wp-content\/uploads\/2026\/09\/ibiza-conciertos-conquista-al-publico-con-tres-noches-de-aforo-completo-y-demuestra-que-la-musica-clasica-tambien-se-baila-02-1024x762.jpg 1024w, https:\/\/www.ibizacancer.com\/wp-content\/uploads\/2026\/09\/ibiza-conciertos-conquista-al-publico-con-tres-noches-de-aforo-completo-y-demuestra-que-la-musica-clasica-tambien-se-baila-02-300x223.jpg 300w, https:\/\/www.ibizacancer.com\/wp-content\/uploads\/2026\/09\/ibiza-conciertos-conquista-al-publico-con-tres-noches-de-aforo-completo-y-demuestra-que-la-musica-clasica-tambien-se-baila-02-768x571.jpg 768w, https:\/\/www.ibizacancer.com\/wp-content\/uploads\/2026\/09\/ibiza-conciertos-conquista-al-publico-con-tres-noches-de-aforo-completo-y-demuestra-que-la-musica-clasica-tambien-se-baila-02-1536x1142.jpg 1536w, https:\/\/www.ibizacancer.com\/wp-content\/uploads\/2026\/09\/ibiza-conciertos-conquista-al-publico-con-tres-noches-de-aforo-completo-y-demuestra-que-la-musica-clasica-tambien-se-baila-02-1568x1166.jpg 1568w, https:\/\/www.ibizacancer.com\/wp-content\/uploads\/2026\/09\/ibiza-conciertos-conquista-al-publico-con-tres-noches-de-aforo-completo-y-demuestra-que-la-musica-clasica-tambien-se-baila-02.jpg 1721w\" sizes=\"(max-width: 1024px) 100vw, 1024px\" \/>\t\t\t\t\t\t\t\t\t\t\t\t\t\t\t<\/div>\n\t\t\t\t<\/div>\n\t\t\t\t<div class=\"elementor-element elementor-element-12cd012 elementor-widget elementor-widget-text-editor\" data-id=\"12cd012\" data-element_type=\"widget\" data-e-type=\"widget\" data-widget_type=\"text-editor.default\">\n\t\t\t\t<div class=\"elementor-widget-container\">\n\t\t\t\t\t\t\t\t\t<p>\u201cThis edition has been extraordinary. Seeing the Cloister full on all three nights and feeling how the audience in Ibiza surrendered in this way to the music has been profoundly moving,\u201d highlights the violinist and artistic director of Ibiza Concerts, Linus Roth. \u201cOur dream with <strong>SamBach<\/strong> was precisely this, to demonstrate that Bach, Vivaldi, samba, or bossa nova can meet in a natural way and that music does not need borders when interpreted with freedom, respect, and emotion,\u201d he adds.<\/p>\n<p>Linus Roth has recalled that Ibiza Concerts supports the work of Ibiza and Formentera Against Cancer, IFCC, raising funds at each concert. \u201cThe International Classical Music Festival Ibiza Concerts has been linked to the island since its first edition, and spreading the work of this NGO that supports the needs of cancer patients and their families has always seemed essential to us, because music is also therapy; for this reason, we are also happy to invite cancer patients and IFCC volunteers to our concerts,\u201d he asserts. In this line, the artist includes visits to hospitals and centers in his program each year to perform for cancer patients on the island in collaboration with this entity that has 25 years of history.<\/p>\t\t\t\t\t\t\t\t<\/div>\n\t\t\t\t<\/div>\n\t\t\t\t<div class=\"elementor-element elementor-element-e143111 elementor-widget elementor-widget-heading\" data-id=\"e143111\" data-element_type=\"widget\" data-e-type=\"widget\" data-widget_type=\"heading.default\">\n\t\t\t\t<div class=\"elementor-widget-container\">\n\t\t\t\t\t<h2 class=\"elementor-heading-title elementor-size-default\">From Bach to Brazil under the stars of Dalt Vila<\/h2>\t\t\t\t<\/div>\n\t\t\t\t<\/div>\n\t\t\t\t<div class=\"elementor-element elementor-element-d84a22f elementor-widget elementor-widget-text-editor\" data-id=\"d84a22f\" data-element_type=\"widget\" data-e-type=\"widget\" data-widget_type=\"text-editor.default\">\n\t\t\t\t<div class=\"elementor-widget-container\">\n\t\t\t\t\t\t\t\t\t<p>The journey began on Saturday, August 29, with \u2018SamBach: From Bach to Brazilian Sambas\u2019, the project with which Roth and the Johann Sebastian Rio Orchestra made the Violin Concerto by Johann Sebastian Bach converse with arrangements inspired by samba and bossa nova.<\/p>\n<p>On Sunday, The Four Seasons by Antonio Vivaldi met the musical richness of Brazil through composers such as Heitor Villa-Lobos, C\u00e9sar Guerra-Peixe, Ernani Aguiar, Sivuca, and Gadelha, creating a new bridge between European tradition and the character and vitality of Brazil.<\/p>\n<p>The edition culminated last night with an explosive Brazilian Night, conceived as a celebration of the rhythms, colors, and musical diversity of the country. A closing in which the distance between stage and audience practically disappeared and that brought to their feet a completely engaged audience.<\/p>\n<p>The historic Cloister of the Dominicans, under the sky of Dalt Vila, thus became one of the most unique venues to enjoy classical music in Ibiza and within the framework of an edition that consolidates the international vocation of the International Classical Music Festival Ibiza Concerts. The artistic quality of its performers, combined with a proposal capable of building bridges between cultures and generations, reaffirms Ibiza&#8217;s potential as an international cultural destination beyond its extraordinary tourist offer.<\/p>\t\t\t\t\t\t\t\t<\/div>\n\t\t\t\t<\/div>\n\t\t\t\t<div class=\"elementor-element elementor-element-4971a82 elementor-widget elementor-widget-heading\" data-id=\"4971a82\" data-element_type=\"widget\" data-e-type=\"widget\" data-widget_type=\"heading.default\">\n\t\t\t\t<div class=\"elementor-widget-container\">\n\t\t\t\t\t<h2 class=\"elementor-heading-title elementor-size-default\">Music, culture, and commitment to Ibiza<\/h2>\t\t\t\t<\/div>\n\t\t\t\t<\/div>\n\t\t\t\t<div class=\"elementor-element elementor-element-5fe9026 elementor-widget elementor-widget-text-editor\" data-id=\"5fe9026\" data-element_type=\"widget\" data-e-type=\"widget\" data-widget_type=\"text-editor.default\">\n\t\t\t\t<div class=\"elementor-widget-container\">\n\t\t\t\t\t\t\t\t\t<p>Driven and artistically directed by Linus Roth and sponsored by the City Council of Eivissa and the Consell d\u2019Eivissa, the International Classical Music Festival Ibiza Concerts reaches with this eighth edition a new milestone in a trajectory designed to bring together great figures from the international scene on the island and bring classical music to all audiences.<\/p>\n<p>A vocation that transcends the stages. Through the Ibiza Concerts Association and in collaboration with the Ibiza and Formentera Against Cancer Association (IFCC), the project maintains its social commitment by bringing music free of charge to cancer patients and their families through concerts in hospitals and residences.<\/p>\n<p>After three nights of full capacity, emotion, and an exceptional communion between artists and spectators, Ibiza Concerts bids farewell to one of its most special editions, demonstrating that classical music does not belong solely to concert halls, but can evoke, surprise, make people sing, make them dance, and achieve that hundreds of people vibrate together under the stars of Ibiza.<\/p>\t\t\t\t\t\t\t\t<\/div>\n\t\t\t\t<\/div>\n\t\t\t\t<div class=\"elementor-element elementor-element-9d7ea01 elementor-widget elementor-widget-heading\" data-id=\"9d7ea01\" data-element_type=\"widget\" data-e-type=\"widget\" data-widget_type=\"heading.default\">\n\t\t\t\t<div class=\"elementor-widget-container\">\n\t\t\t\t\t<h2 class=\"elementor-heading-title elementor-size-default\">Photographs by Joana Due\u00f1as<\/h2>\t\t\t\t<\/div>\n\t\t\t\t<\/div>\n\t\t\t\t<div class=\"elementor-element elementor-element-0817ea0 elementor-widget elementor-widget-html\" data-id=\"0817ea0\" data-element_type=\"widget\" data-e-type=\"widget\" data-widget_type=\"html.default\">\n\t\t\t\t<div class=\"elementor-widget-container\">\n\t\t\t\t\t<figure class=\"wp-block-gallery has-nested-images columns-default is-cropped\"><figure class=\"wp-block-image size-full\"><a href=\"https:\/\/www.ibizacancer.com\/wp-content\/uploads\/2026\/09\/ibiza-conciertos-2026-joana-duenas-01.jpg\"><img decoding=\"async\" width=\"1920\" height=\"1279\" src=\"https:\/\/www.ibizacancer.com\/wp-content\/uploads\/2026\/09\/ibiza-conciertos-2026-joana-duenas-01.jpg\" alt=\"Ibiza Concerts 2026 at the Cloister of the Dominicans \u2014 photograph by Joana Due\u00f1as\" class=\"wp-image-25283\" srcset=\"https:\/\/www.ibizacancer.com\/wp-content\/uploads\/2026\/09\/ibiza-conciertos-2026-joana-duenas-01.jpg 1920w, https:\/\/www.ibizacancer.com\/wp-content\/uploads\/2026\/09\/ibiza-conciertos-2026-joana-duenas-01-300x200.jpg 300w, https:\/\/www.ibizacancer.com\/wp-content\/uploads\/2026\/09\/ibiza-conciertos-2026-joana-duenas-01-1024x682.jpg 1024w, https:\/\/www.ibizacancer.com\/wp-content\/uploads\/2026\/09\/ibiza-conciertos-2026-joana-duenas-01-768x512.jpg 768w, https:\/\/www.ibizacancer.com\/wp-content\/uploads\/2026\/09\/ibiza-conciertos-2026-joana-duenas-01-1536x1023.jpg 1536w, https:\/\/www.ibizacancer.com\/wp-content\/uploads\/2026\/09\/ibiza-conciertos-2026-joana-duenas-01-1568x1045.jpg 1568w\" sizes=\"(max-width: 1920px) 100vw, 1920px\" \/><\/a><\/figure><figure class=\"wp-block-image size-full\"><a href=\"https:\/\/www.ibizacancer.com\/wp-content\/uploads\/2026\/09\/ibiza-conciertos-2026-joana-duenas-02.jpg\"><img loading=\"lazy\" decoding=\"async\" width=\"1721\" height=\"1280\" src=\"https:\/\/www.ibizacancer.com\/wp-content\/uploads\/2026\/09\/ibiza-conciertos-2026-joana-duenas-02.jpg\" alt=\"Ibiza Concerts 2026 musicians on stage \u2014 photograph by Joana Due\u00f1as\" class=\"wp-image-25284\" srcset=\"https:\/\/www.ibizacancer.com\/wp-content\/uploads\/2026\/09\/ibiza-conciertos-2026-joana-duenas-02.jpg 1721w, https:\/\/www.ibizacancer.com\/wp-content\/uploads\/2026\/09\/ibiza-conciertos-2026-joana-duenas-02-300x223.jpg 300w, https:\/\/www.ibizacancer.com\/wp-content\/uploads\/2026\/09\/ibiza-conciertos-2026-joana-duenas-02-1024x762.jpg 1024w, https:\/\/www.ibizacancer.com\/wp-content\/uploads\/2026\/09\/ibiza-conciertos-2026-joana-duenas-02-768x571.jpg 768w, https:\/\/www.ibizacancer.com\/wp-content\/uploads\/2026\/09\/ibiza-conciertos-2026-joana-duenas-02-1536x1142.jpg 1536w, https:\/\/www.ibizacancer.com\/wp-content\/uploads\/2026\/09\/ibiza-conciertos-2026-joana-duenas-02-1568x1166.jpg 1568w\" sizes=\"(max-width: 1721px) 100vw, 1721px\" \/><\/a><\/figure><\/figure>\t\t\t\t<\/div>\n\t\t\t\t<\/div>\n\t\t\t\t\t<\/div>\n\t\t<\/div>\n\t\t\t\t\t<\/div>\n\t\t<\/section>\n\t\t\t\t<\/div>\n\t\t","protected":false},"excerpt":{"rendered":"<p>The International Classical Music Festival Ibiza Concerts closes its eighth edition with a full house during its three days at the Cloister of the Dominicans.<\/p>\n","protected":false},"author":9,"featured_media":25277,"comment_status":"open","ping_status":"closed","sticky":false,"template":"","format":"standard","meta":{"_acf_changed":false,"give_campaign_id":0,"footnotes":""},"categories":[312,540,311,502],"tags":[],"class_list":["post-25280","post","type-post","status-publish","format-standard","has-post-thumbnail","hentry","category-blog","category-blog-2","category-eventos","category-events","entry"],"acf":[],"yoast_head":"<!-- This site is optimized with the Yoast SEO plugin v28.4 - https:\/\/yoast.com\/product\/yoast-seo-wordpress\/ -->\n<title>Ibiza Concerts captivates the audience with three nights of full capacity and shows that classical music can also be danced to. - Ibiza y Formentera Contra el C\u00e1ncer<\/title>\n<meta name=\"description\" content=\"The International Classical Music Festival Ibiza Concerts closes its eighth edition with a full house during its three days at the Cloister of the Dominicans.\" \/>\n<meta name=\"robots\" content=\"index, follow, max-snippet:-1, max-image-preview:large, max-video-preview:-1\" \/>\n<link rel=\"canonical\" href=\"https:\/\/www.ibizacancer.com\/en\/2026\/09\/ibiza-concerts-captivates-the-audience-with-three-nights-of-full-capacity-and-shows-that-classical-music-can-also-be-danced-to\/\" \/>\n<meta property=\"og:locale\" content=\"en_US\" \/>\n<meta property=\"og:type\" content=\"article\" \/>\n<meta property=\"og:title\" content=\"Ibiza Concerts captivates the audience with three nights of full capacity and shows that classical music can also be danced to. - Ibiza y Formentera Contra el C\u00e1ncer\" \/>\n<meta property=\"og:description\" content=\"The International Classical Music Festival Ibiza Concerts closes its eighth edition with a full house during its three days at the Cloister of the Dominicans.\" \/>\n<meta property=\"og:url\" content=\"https:\/\/www.ibizacancer.com\/en\/2026\/09\/ibiza-concerts-captivates-the-audience-with-three-nights-of-full-capacity-and-shows-that-classical-music-can-also-be-danced-to\/\" \/>\n<meta property=\"og:site_name\" content=\"Ibiza y Formentera Contra el C\u00e1ncer\" \/>\n<meta property=\"article:publisher\" content=\"https:\/\/www.facebook.com\/IFCCancer\" \/>\n<meta property=\"article:published_time\" content=\"2026-09-01T14:56:19+00:00\" \/>\n<meta property=\"article:modified_time\" content=\"2026-09-01T15:07:45+00:00\" \/>\n<meta property=\"og:image\" content=\"https:\/\/www.ibizacancer.com\/wp-content\/uploads\/2026\/09\/ibiza-conciertos-conquista-al-publico-con-tres-noches-de-aforo-completo-y-demuestra-que-la-musica-clasica-tambien-se-baila-01.jpg\" \/>\n\t<meta property=\"og:image:width\" content=\"1920\" \/>\n\t<meta property=\"og:image:height\" content=\"1279\" \/>\n\t<meta property=\"og:image:type\" content=\"image\/jpeg\" \/>\n<meta name=\"author\" content=\"IFCC\" \/>\n<meta name=\"twitter:card\" content=\"summary_large_image\" \/>\n<meta name=\"twitter:label1\" content=\"Written by\" \/>\n\t<meta name=\"twitter:data1\" content=\"IFCC\" \/>\n<script type=\"application\/ld+json\" class=\"yoast-schema-graph\">{\"@context\":\"https:\\\/\\\/schema.org\",\"@graph\":[{\"@type\":\"Article\",\"@id\":\"https:\\\/\\\/www.ibizacancer.com\\\/en\\\/2026\\\/09\\\/ibiza-concerts-captivates-the-audience-with-three-nights-of-full-capacity-and-shows-that-classical-music-can-also-be-danced-to\\\/#article\",\"isPartOf\":{\"@id\":\"https:\\\/\\\/www.ibizacancer.com\\\/en\\\/2026\\\/09\\\/ibiza-concerts-captivates-the-audience-with-three-nights-of-full-capacity-and-shows-that-classical-music-can-also-be-danced-to\\\/\"},\"author\":{\"name\":\"IFCC\",\"@id\":\"https:\\\/\\\/www.ibizacancer.com\\\/en\\\/#\\\/schema\\\/person\\\/d10e3f9564923f18125401f01168ef8f\"},\"headline\":\"Ibiza Concerts captivates the audience with three nights of full capacity and shows that classical music can also be danced to.\",\"datePublished\":\"2026-09-01T14:56:19+00:00\",\"dateModified\":\"2026-09-01T15:07:45+00:00\",\"mainEntityOfPage\":{\"@id\":\"https:\\\/\\\/www.ibizacancer.com\\\/en\\\/2026\\\/09\\\/ibiza-concerts-captivates-the-audience-with-three-nights-of-full-capacity-and-shows-that-classical-music-can-also-be-danced-to\\\/\"},\"wordCount\":21,\"commentCount\":0,\"publisher\":{\"@id\":\"https:\\\/\\\/www.ibizacancer.com\\\/en\\\/#organization\"},\"image\":{\"@id\":\"https:\\\/\\\/www.ibizacancer.com\\\/en\\\/2026\\\/09\\\/ibiza-concerts-captivates-the-audience-with-three-nights-of-full-capacity-and-shows-that-classical-music-can-also-be-danced-to\\\/#primaryimage\"},\"thumbnailUrl\":\"https:\\\/\\\/www.ibizacancer.com\\\/wp-content\\\/uploads\\\/2026\\\/09\\\/ibiza-conciertos-conquista-al-publico-con-tres-noches-de-aforo-completo-y-demuestra-que-la-musica-clasica-tambien-se-baila-01.jpg\",\"articleSection\":[\"Blog\",\"Blog\",\"Eventos\",\"Events\"],\"inLanguage\":\"en-US\",\"potentialAction\":[{\"@type\":\"CommentAction\",\"name\":\"Comment\",\"target\":[\"https:\\\/\\\/www.ibizacancer.com\\\/en\\\/2026\\\/09\\\/ibiza-concerts-captivates-the-audience-with-three-nights-of-full-capacity-and-shows-that-classical-music-can-also-be-danced-to\\\/#respond\"]}]},{\"@type\":\"WebPage\",\"@id\":\"https:\\\/\\\/www.ibizacancer.com\\\/en\\\/2026\\\/09\\\/ibiza-concerts-captivates-the-audience-with-three-nights-of-full-capacity-and-shows-that-classical-music-can-also-be-danced-to\\\/\",\"url\":\"https:\\\/\\\/www.ibizacancer.com\\\/en\\\/2026\\\/09\\\/ibiza-concerts-captivates-the-audience-with-three-nights-of-full-capacity-and-shows-that-classical-music-can-also-be-danced-to\\\/\",\"name\":\"Ibiza Concerts captivates the audience with three nights of full capacity and shows that classical music can also be danced to. - Ibiza y Formentera Contra el C\u00e1ncer\",\"isPartOf\":{\"@id\":\"https:\\\/\\\/www.ibizacancer.com\\\/en\\\/#website\"},\"primaryImageOfPage\":{\"@id\":\"https:\\\/\\\/www.ibizacancer.com\\\/en\\\/2026\\\/09\\\/ibiza-concerts-captivates-the-audience-with-three-nights-of-full-capacity-and-shows-that-classical-music-can-also-be-danced-to\\\/#primaryimage\"},\"image\":{\"@id\":\"https:\\\/\\\/www.ibizacancer.com\\\/en\\\/2026\\\/09\\\/ibiza-concerts-captivates-the-audience-with-three-nights-of-full-capacity-and-shows-that-classical-music-can-also-be-danced-to\\\/#primaryimage\"},\"thumbnailUrl\":\"https:\\\/\\\/www.ibizacancer.com\\\/wp-content\\\/uploads\\\/2026\\\/09\\\/ibiza-conciertos-conquista-al-publico-con-tres-noches-de-aforo-completo-y-demuestra-que-la-musica-clasica-tambien-se-baila-01.jpg\",\"datePublished\":\"2026-09-01T14:56:19+00:00\",\"dateModified\":\"2026-09-01T15:07:45+00:00\",\"description\":\"The International Classical Music Festival Ibiza Concerts closes its eighth edition with a full house during its three days at the Cloister of the Dominicans.\",\"inLanguage\":\"en-US\",\"potentialAction\":[{\"@type\":\"ReadAction\",\"target\":[\"https:\\\/\\\/www.ibizacancer.com\\\/en\\\/2026\\\/09\\\/ibiza-concerts-captivates-the-audience-with-three-nights-of-full-capacity-and-shows-that-classical-music-can-also-be-danced-to\\\/\"]}]},{\"@type\":\"ImageObject\",\"inLanguage\":\"en-US\",\"@id\":\"https:\\\/\\\/www.ibizacancer.com\\\/en\\\/2026\\\/09\\\/ibiza-concerts-captivates-the-audience-with-three-nights-of-full-capacity-and-shows-that-classical-music-can-also-be-danced-to\\\/#primaryimage\",\"url\":\"https:\\\/\\\/www.ibizacancer.com\\\/wp-content\\\/uploads\\\/2026\\\/09\\\/ibiza-conciertos-conquista-al-publico-con-tres-noches-de-aforo-completo-y-demuestra-que-la-musica-clasica-tambien-se-baila-01.jpg\",\"contentUrl\":\"https:\\\/\\\/www.ibizacancer.com\\\/wp-content\\\/uploads\\\/2026\\\/09\\\/ibiza-conciertos-conquista-al-publico-con-tres-noches-de-aforo-completo-y-demuestra-que-la-musica-clasica-tambien-se-baila-01.jpg\",\"width\":1920,\"height\":1279,\"caption\":\"Ibiza Conciertos conquista al p\u00fablico con tres noches de aforo completo y demuestra que la m\u00fasica cl\u00e1sica tambi\u00e9n se baila - imagen 1\"},{\"@type\":\"WebSite\",\"@id\":\"https:\\\/\\\/www.ibizacancer.com\\\/en\\\/#website\",\"url\":\"https:\\\/\\\/www.ibizacancer.com\\\/en\\\/\",\"name\":\"Ibiza y Formentera Contra el C\u00e1ncer\",\"description\":\"Ibiza y Formentera contra el C\u00e1ncer es una organizaci\u00f3n no gubernamental y sin \u00e1nimo de lucro dirigida a la lucha contra esta enfermedad en las Pitiusas.\",\"publisher\":{\"@id\":\"https:\\\/\\\/www.ibizacancer.com\\\/en\\\/#organization\"},\"potentialAction\":[{\"@type\":\"SearchAction\",\"target\":{\"@type\":\"EntryPoint\",\"urlTemplate\":\"https:\\\/\\\/www.ibizacancer.com\\\/en\\\/?s={search_term_string}\"},\"query-input\":{\"@type\":\"PropertyValueSpecification\",\"valueRequired\":true,\"valueName\":\"search_term_string\"}}],\"inLanguage\":\"en-US\"},{\"@type\":\"Organization\",\"@id\":\"https:\\\/\\\/www.ibizacancer.com\\\/en\\\/#organization\",\"name\":\"Ibiza y Formentera Contra el C\u00e1ncer\",\"url\":\"https:\\\/\\\/www.ibizacancer.com\\\/en\\\/\",\"logo\":{\"@type\":\"ImageObject\",\"inLanguage\":\"en-US\",\"@id\":\"https:\\\/\\\/www.ibizacancer.com\\\/en\\\/#\\\/schema\\\/logo\\\/image\\\/\",\"url\":\"https:\\\/\\\/www.ibizacancer.com\\\/wp-content\\\/uploads\\\/2020\\\/08\\\/ifcc-logo-web.png\",\"contentUrl\":\"https:\\\/\\\/www.ibizacancer.com\\\/wp-content\\\/uploads\\\/2020\\\/08\\\/ifcc-logo-web.png\",\"width\":200,\"height\":73,\"caption\":\"Ibiza y Formentera Contra el C\u00e1ncer\"},\"image\":{\"@id\":\"https:\\\/\\\/www.ibizacancer.com\\\/en\\\/#\\\/schema\\\/logo\\\/image\\\/\"},\"sameAs\":[\"https:\\\/\\\/www.facebook.com\\\/IFCCancer\"]},{\"@type\":\"Person\",\"@id\":\"https:\\\/\\\/www.ibizacancer.com\\\/en\\\/#\\\/schema\\\/person\\\/d10e3f9564923f18125401f01168ef8f\",\"name\":\"IFCC\",\"image\":{\"@type\":\"ImageObject\",\"inLanguage\":\"en-US\",\"@id\":\"https:\\\/\\\/secure.gravatar.com\\\/avatar\\\/7ae6d6b93e75ec3ef33b5fc6348367f09fa4c4226504ff1f8c88954b47e9948f?s=96&d=mm&r=g\",\"url\":\"https:\\\/\\\/secure.gravatar.com\\\/avatar\\\/7ae6d6b93e75ec3ef33b5fc6348367f09fa4c4226504ff1f8c88954b47e9948f?s=96&d=mm&r=g\",\"contentUrl\":\"https:\\\/\\\/secure.gravatar.com\\\/avatar\\\/7ae6d6b93e75ec3ef33b5fc6348367f09fa4c4226504ff1f8c88954b47e9948f?s=96&d=mm&r=g\",\"caption\":\"IFCC\"}}]}<\/script>\n<!-- \/ Yoast SEO plugin. -->","yoast_head_json":{"title":"Ibiza Concerts captivates the audience with three nights of full capacity and shows that classical music can also be danced to. - Ibiza y Formentera Contra el C\u00e1ncer","description":"The International Classical Music Festival Ibiza Concerts closes its eighth edition with a full house during its three days at the Cloister of the Dominicans.","robots":{"index":"index","follow":"follow","max-snippet":"max-snippet:-1","max-image-preview":"max-image-preview:large","max-video-preview":"max-video-preview:-1"},"canonical":"https:\/\/www.ibizacancer.com\/en\/2026\/09\/ibiza-concerts-captivates-the-audience-with-three-nights-of-full-capacity-and-shows-that-classical-music-can-also-be-danced-to\/","og_locale":"en_US","og_type":"article","og_title":"Ibiza Concerts captivates the audience with three nights of full capacity and shows that classical music can also be danced to. - Ibiza y Formentera Contra el C\u00e1ncer","og_description":"The International Classical Music Festival Ibiza Concerts closes its eighth edition with a full house during its three days at the Cloister of the Dominicans.","og_url":"https:\/\/www.ibizacancer.com\/en\/2026\/09\/ibiza-concerts-captivates-the-audience-with-three-nights-of-full-capacity-and-shows-that-classical-music-can-also-be-danced-to\/","og_site_name":"Ibiza y Formentera Contra el C\u00e1ncer","article_publisher":"https:\/\/www.facebook.com\/IFCCancer","article_published_time":"2026-09-01T14:56:19+00:00","article_modified_time":"2026-09-01T15:07:45+00:00","og_image":[{"width":1920,"height":1279,"url":"https:\/\/www.ibizacancer.com\/wp-content\/uploads\/2026\/09\/ibiza-conciertos-conquista-al-publico-con-tres-noches-de-aforo-completo-y-demuestra-que-la-musica-clasica-tambien-se-baila-01.jpg","type":"image\/jpeg"}],"author":"IFCC","twitter_card":"summary_large_image","twitter_misc":{"Written by":"IFCC"},"schema":{"@context":"https:\/\/schema.org","@graph":[{"@type":"Article","@id":"https:\/\/www.ibizacancer.com\/en\/2026\/09\/ibiza-concerts-captivates-the-audience-with-three-nights-of-full-capacity-and-shows-that-classical-music-can-also-be-danced-to\/#article","isPartOf":{"@id":"https:\/\/www.ibizacancer.com\/en\/2026\/09\/ibiza-concerts-captivates-the-audience-with-three-nights-of-full-capacity-and-shows-that-classical-music-can-also-be-danced-to\/"},"author":{"name":"IFCC","@id":"https:\/\/www.ibizacancer.com\/en\/#\/schema\/person\/d10e3f9564923f18125401f01168ef8f"},"headline":"Ibiza Concerts captivates the audience with three nights of full capacity and shows that classical music can also be danced to.","datePublished":"2026-09-01T14:56:19+00:00","dateModified":"2026-09-01T15:07:45+00:00","mainEntityOfPage":{"@id":"https:\/\/www.ibizacancer.com\/en\/2026\/09\/ibiza-concerts-captivates-the-audience-with-three-nights-of-full-capacity-and-shows-that-classical-music-can-also-be-danced-to\/"},"wordCount":21,"commentCount":0,"publisher":{"@id":"https:\/\/www.ibizacancer.com\/en\/#organization"},"image":{"@id":"https:\/\/www.ibizacancer.com\/en\/2026\/09\/ibiza-concerts-captivates-the-audience-with-three-nights-of-full-capacity-and-shows-that-classical-music-can-also-be-danced-to\/#primaryimage"},"thumbnailUrl":"https:\/\/www.ibizacancer.com\/wp-content\/uploads\/2026\/09\/ibiza-conciertos-conquista-al-publico-con-tres-noches-de-aforo-completo-y-demuestra-que-la-musica-clasica-tambien-se-baila-01.jpg","articleSection":["Blog","Blog","Eventos","Events"],"inLanguage":"en-US","potentialAction":[{"@type":"CommentAction","name":"Comment","target":["https:\/\/www.ibizacancer.com\/en\/2026\/09\/ibiza-concerts-captivates-the-audience-with-three-nights-of-full-capacity-and-shows-that-classical-music-can-also-be-danced-to\/#respond"]}]},{"@type":"WebPage","@id":"https:\/\/www.ibizacancer.com\/en\/2026\/09\/ibiza-concerts-captivates-the-audience-with-three-nights-of-full-capacity-and-shows-that-classical-music-can-also-be-danced-to\/","url":"https:\/\/www.ibizacancer.com\/en\/2026\/09\/ibiza-concerts-captivates-the-audience-with-three-nights-of-full-capacity-and-shows-that-classical-music-can-also-be-danced-to\/","name":"Ibiza Concerts captivates the audience with three nights of full capacity and shows that classical music can also be danced to. - Ibiza y Formentera Contra el C\u00e1ncer","isPartOf":{"@id":"https:\/\/www.ibizacancer.com\/en\/#website"},"primaryImageOfPage":{"@id":"https:\/\/www.ibizacancer.com\/en\/2026\/09\/ibiza-concerts-captivates-the-audience-with-three-nights-of-full-capacity-and-shows-that-classical-music-can-also-be-danced-to\/#primaryimage"},"image":{"@id":"https:\/\/www.ibizacancer.com\/en\/2026\/09\/ibiza-concerts-captivates-the-audience-with-three-nights-of-full-capacity-and-shows-that-classical-music-can-also-be-danced-to\/#primaryimage"},"thumbnailUrl":"https:\/\/www.ibizacancer.com\/wp-content\/uploads\/2026\/09\/ibiza-conciertos-conquista-al-publico-con-tres-noches-de-aforo-completo-y-demuestra-que-la-musica-clasica-tambien-se-baila-01.jpg","datePublished":"2026-09-01T14:56:19+00:00","dateModified":"2026-09-01T15:07:45+00:00","description":"The International Classical Music Festival Ibiza Concerts closes its eighth edition with a full house during its three days at the Cloister of the Dominicans.","inLanguage":"en-US","potentialAction":[{"@type":"ReadAction","target":["https:\/\/www.ibizacancer.com\/en\/2026\/09\/ibiza-concerts-captivates-the-audience-with-three-nights-of-full-capacity-and-shows-that-classical-music-can-also-be-danced-to\/"]}]},{"@type":"ImageObject","inLanguage":"en-US","@id":"https:\/\/www.ibizacancer.com\/en\/2026\/09\/ibiza-concerts-captivates-the-audience-with-three-nights-of-full-capacity-and-shows-that-classical-music-can-also-be-danced-to\/#primaryimage","url":"https:\/\/www.ibizacancer.com\/wp-content\/uploads\/2026\/09\/ibiza-conciertos-conquista-al-publico-con-tres-noches-de-aforo-completo-y-demuestra-que-la-musica-clasica-tambien-se-baila-01.jpg","contentUrl":"https:\/\/www.ibizacancer.com\/wp-content\/uploads\/2026\/09\/ibiza-conciertos-conquista-al-publico-con-tres-noches-de-aforo-completo-y-demuestra-que-la-musica-clasica-tambien-se-baila-01.jpg","width":1920,"height":1279,"caption":"Ibiza Conciertos conquista al p\u00fablico con tres noches de aforo completo y demuestra que la m\u00fasica cl\u00e1sica tambi\u00e9n se baila - imagen 1"},{"@type":"WebSite","@id":"https:\/\/www.ibizacancer.com\/en\/#website","url":"https:\/\/www.ibizacancer.com\/en\/","name":"Ibiza y Formentera Contra el C\u00e1ncer","description":"Ibiza y Formentera contra el C\u00e1ncer es una organizaci\u00f3n no gubernamental y sin \u00e1nimo de lucro dirigida a la lucha contra esta enfermedad en las Pitiusas.","publisher":{"@id":"https:\/\/www.ibizacancer.com\/en\/#organization"},"potentialAction":[{"@type":"SearchAction","target":{"@type":"EntryPoint","urlTemplate":"https:\/\/www.ibizacancer.com\/en\/?s={search_term_string}"},"query-input":{"@type":"PropertyValueSpecification","valueRequired":true,"valueName":"search_term_string"}}],"inLanguage":"en-US"},{"@type":"Organization","@id":"https:\/\/www.ibizacancer.com\/en\/#organization","name":"Ibiza y Formentera Contra el C\u00e1ncer","url":"https:\/\/www.ibizacancer.com\/en\/","logo":{"@type":"ImageObject","inLanguage":"en-US","@id":"https:\/\/www.ibizacancer.com\/en\/#\/schema\/logo\/image\/","url":"https:\/\/www.ibizacancer.com\/wp-content\/uploads\/2020\/08\/ifcc-logo-web.png","contentUrl":"https:\/\/www.ibizacancer.com\/wp-content\/uploads\/2020\/08\/ifcc-logo-web.png","width":200,"height":73,"caption":"Ibiza y Formentera Contra el C\u00e1ncer"},"image":{"@id":"https:\/\/www.ibizacancer.com\/en\/#\/schema\/logo\/image\/"},"sameAs":["https:\/\/www.facebook.com\/IFCCancer"]},{"@type":"Person","@id":"https:\/\/www.ibizacancer.com\/en\/#\/schema\/person\/d10e3f9564923f18125401f01168ef8f","name":"IFCC","image":{"@type":"ImageObject","inLanguage":"en-US","@id":"https:\/\/secure.gravatar.com\/avatar\/7ae6d6b93e75ec3ef33b5fc6348367f09fa4c4226504ff1f8c88954b47e9948f?s=96&d=mm&r=g","url":"https:\/\/secure.gravatar.com\/avatar\/7ae6d6b93e75ec3ef33b5fc6348367f09fa4c4226504ff1f8c88954b47e9948f?s=96&d=mm&r=g","contentUrl":"https:\/\/secure.gravatar.com\/avatar\/7ae6d6b93e75ec3ef33b5fc6348367f09fa4c4226504ff1f8c88954b47e9948f?s=96&d=mm&r=g","caption":"IFCC"}}]}},"_links":{"self":[{"href":"https:\/\/www.ibizacancer.com\/en\/wp-json\/wp\/v2\/posts\/25280","targetHints":{"allow":["GET"]}}],"collection":[{"href":"https:\/\/www.ibizacancer.com\/en\/wp-json\/wp\/v2\/posts"}],"about":[{"href":"https:\/\/www.ibizacancer.com\/en\/wp-json\/wp\/v2\/types\/post"}],"author":[{"embeddable":true,"href":"https:\/\/www.ibizacancer.com\/en\/wp-json\/wp\/v2\/users\/9"}],"replies":[{"embeddable":true,"href":"https:\/\/www.ibizacancer.com\/en\/wp-json\/wp\/v2\/comments?post=25280"}],"version-history":[{"count":2,"href":"https:\/\/www.ibizacancer.com\/en\/wp-json\/wp\/v2\/posts\/25280\/revisions"}],"predecessor-version":[{"id":25282,"href":"https:\/\/www.ibizacancer.com\/en\/wp-json\/wp\/v2\/posts\/25280\/revisions\/25282"}],"wp:featuredmedia":[{"embeddable":true,"href":"https:\/\/www.ibizacancer.com\/en\/wp-json\/wp\/v2\/media\/25277"}],"wp:attachment":[{"href":"https:\/\/www.ibizacancer.com\/en\/wp-json\/wp\/v2\/media?parent=25280"}],"wp:term":[{"taxonomy":"category","embeddable":true,"href":"https:\/\/www.ibizacancer.com\/en\/wp-json\/wp\/v2\/categories?post=25280"},{"taxonomy":"post_tag","embeddable":true,"href":"https:\/\/www.ibizacancer.com\/en\/wp-json\/wp\/v2\/tags?post=25280"}],"curies":[{"name":"wp","href":"https:\/\/api.w.org\/{rel}","templated":true}]}}